{"id":19113,"date":"2026-03-25T17:51:11","date_gmt":"2026-03-25T16:51:11","guid":{"rendered":"https:\/\/serveiseducatius.xtec.cat\/altcamp\/?p=19113"},"modified":"2026-03-25T17:52:06","modified_gmt":"2026-03-25T16:52:06","slug":"eines-digitals-per-a-leducacio-inclusiva","status":"publish","type":"post","link":"https:\/\/serveiseducatius.xtec.cat\/altcamp\/actualitat\/eines-digitals-per-a-leducacio-inclusiva\/","title":{"rendered":"Eines digitals per a l&#8217;educaci\u00f3 inclusiva"},"content":{"rendered":"<p><img loading=\"lazy\" decoding=\"async\" class=\"alignleft wp-image-19114\" src=\"https:\/\/serveiseducatius.xtec.cat\/altcamp\/wp-content\/uploads\/usu1130\/2026\/03\/Eines_digitals_Inclusiva.png\" alt=\"\" width=\"260\" height=\"254\" srcset=\"https:\/\/serveiseducatius.xtec.cat\/altcamp\/wp-content\/uploads\/usu1130\/2026\/03\/Eines_digitals_Inclusiva.png 639w, https:\/\/serveiseducatius.xtec.cat\/altcamp\/wp-content\/uploads\/usu1130\/2026\/03\/Eines_digitals_Inclusiva-300x293.png 300w\" sizes=\"auto, (max-width: 260px) 100vw, 260px\" \/><\/p>\n<p><a href=\"https:\/\/inclusiva.cat\/login\" target=\"_blank\" rel=\"noreferrer noopener\"><strong>16 eines digitals<\/strong>\u00a0<\/a>pensades per facilitar la comunicaci\u00f3, la gesti\u00f3 de la conducta, l\u2019organitzaci\u00f3 i l\u2019avaluaci\u00f3 de l\u2019alumnat, especialment \u00fatils per emprar com a suports.<\/p>\n<p>Organitzades per \u00e0mbits, aquestes eines ofereixen solucions pr\u00e0ctiques, visuals i accessibles per al dia a dia a l\u2019aula.<\/p>\n<p><span style=\"font-size: 1.5em;font-weight: bold\">Comunicaci\u00f3<\/span><\/p>\n<div id=\"page\" class=\"hfeed site\">\n<div id=\"content\" class=\"site-content\">\n<div class=\"ast-container\">\n<div id=\"primary\" class=\"content-area primary\">\n<article id=\"post-23817\" class=\"post-23817 post type-post status-publish format-standard has-post-thumbnail hentry category-catalegs-tematics category-crp category-cd category-eap category-portada tag-inclusio ast-article-single\">\n<div class=\"ast-post-format- single-layout-1\">\n<div class=\"entry-content clear\" data-ast-blocks-layout=\"true\">\n<p><strong>1. PictoEdu<\/strong>\u00a0\u2014 Creador de materials visuals amb pictogrames ARASAAC. Permet dissenyar recursos de comunicaci\u00f3 augmentativa i alternativa de manera r\u00e0pida i visual.<\/p>\n<p><strong>2. Traductor de Pictogrames<\/strong>\u00a0\u2014 Cerca pictogrames, ordena\u2019ls per construir frases i l\u2019app les llegeix en veu alta. Ideal per a alumnes que utilitzen sistemes de comunicaci\u00f3 visual.<\/p>\n<p><strong>3. Lector d\u2019Alta Lecturabilitat<\/strong>\u00a0\u2014 Transforma textos complexos en versions m\u00e9s accessibles. Inclou tipografia OpenDyslexic, espaiat adaptat i simplificaci\u00f3 autom\u00e0tica del vocabulari mitjan\u00e7ant intel\u00b7lig\u00e8ncia artificial.<\/p>\n<p><strong>4. Polsador de S\u00ed o No\u00a0<\/strong>\u2014 Un bot\u00f3 gegant verd\/vermell amb so per a decisions r\u00e0pides. Pensat per a alumnes amb comunicaci\u00f3 limitada que necessiten una forma senzilla d\u2019expressar-se.<\/p>\n<h3 class=\"wp-block-heading\">Conducta<\/h3>\n<p><strong>5. Primer i Despr\u00e9s<\/strong>\u00a0\u2014 Taulell visual de modificaci\u00f3 de conducta amb dues columnes: primer la tasca, despr\u00e9s la recompensa. L\u2019alumne completa l\u2019activitat i rep un refor\u00e7 visual i auditiu.<\/p>\n<p><strong>6. Comptador de Punts<\/strong>\u00a0\u2014 Sistema de gamificaci\u00f3 amb avatars i estrelles. El docent pot afegir punts de forma visual i sonora per motivar els alumnes.<\/p>\n<p><strong>7. Generador de Diplomes d\u2019Esfor\u00e7<\/strong>\u00a0\u2014 Crea diplomes personalitzats amb pictogrames ARASAAC o imatges pr\u00f2pies, nom de l\u2019alumne i missatge motivador. Es descarreguen en format PNG.<\/p>\n<p><strong>8. Tauler d\u2019Emocions<\/strong>\u00a0\u2014 L\u2019alumne expressa com se sent tocant un emoji. El docent pot consultar l\u2019historial del dia per fer seguiment emocional.<\/p>\n<h3 class=\"wp-block-heading\">Sensorial<\/h3>\n<p><strong>9. Sem\u00e0for Sensorial<\/strong>\u00a0\u2014 Son\u00f2metre visual que utilitza el micr\u00f2fon per mesurar el soroll a l\u2019aula en temps real. Mostra un sem\u00e0for (verd\/groc\/vermell) segons el volum.<\/p>\n<p><strong>10. Pissarra de Refor\u00e7 Sensorial<\/strong>\u00a0\u2014 App de causa-efecte per a alumnes amb pluridiscapacitat. Tocar la pantalla genera patrons visuals i sons relaxants o estimulants. Tres modes: relaxant, estimulant i bombolles.<\/p>\n<h3 class=\"wp-block-heading\">Organitzaci\u00f3<\/h3>\n<p><strong>11. Temporitzador Visual<\/strong>\u00a0\u2014 Rellotge visual amb tres estils (cercle, rellotge de sorra i barra). Els colors canvien segons el temps restant i inclou celebraci\u00f3 amb confeti i m\u00fasica en acabar.<\/p>\n<p><strong>12. Agenda Visual Interactiva<\/strong>\u00a0\u2014 Organitza la jornada escolar amb pictogrames ARASAAC i temporitzadors integrats. Inclou plantilles predefinides (mat\u00ed escolar, tarda) i refor\u00e7 positiu quan es completa cada activitat.<\/p>\n<h3 class=\"wp-block-heading\">Jocs<\/h3>\n<p><strong>13. Daus Virtuals Adaptats<\/strong>\u00a0\u2014 Daus accessibles amb quatre modes: constel\u00b7lacions de punts, xifres, colors i pictogrames personalitzats. Es pot jugar amb un o dos daus, amb lectura en veu alta.<\/p>\n<p><strong>14. Ruleta Personalitzable<\/strong>\u00a0\u2014 Afegeix noms d\u2019alumnes, recompenses o opcions i gira la ruleta per triar a l\u2019atzar. Perfecta per gestionar torns a l\u2019aula.<\/p>\n<p><strong>15. Sorteig de Cartes Visuals<\/strong>\u00a0\u2014 Mall de cartes virtuals amb pictogrames ARASAAC que es giren. Per a jocs de mem\u00f2ria o per triar tasques.<\/p>\n<h3 class=\"wp-block-heading\">Avaluaci\u00f3<\/h3>\n<p><strong>16. Pas a Pas<\/strong>\u00a0\u2014 L\u2019eina m\u00e9s completa del portal. Permet registrar sessions amb alumnes, avaluar amb r\u00fabriques, generar informes autom\u00e0tics amb intel\u00b7lig\u00e8ncia artificial i planificar rutines setmanals. Protegida amb PIN de 4 d\u00edgits.<\/p>\n<p>L\u2019aplicaci\u00f3 ha estat elaborada pel docent Marc G\u00fadel T\u00e9llez.\u00a0<a href=\"https:\/\/inclusiva.cat\/login\" target=\"_blank\" rel=\"noreferrer noopener\">Enlla\u00e7 a l\u2019aplicaci\u00f3<\/a>.<\/p>\n<p><img loading=\"lazy\" decoding=\"async\" class=\"alignleft size-full wp-image-19115\" src=\"https:\/\/serveiseducatius.xtec.cat\/altcamp\/wp-content\/uploads\/usu1130\/2026\/03\/eines-digitals-inclusiva.png\" alt=\"\" width=\"517\" height=\"715\" srcset=\"https:\/\/serveiseducatius.xtec.cat\/altcamp\/wp-content\/uploads\/usu1130\/2026\/03\/eines-digitals-inclusiva.png 517w, https:\/\/serveiseducatius.xtec.cat\/altcamp\/wp-content\/uploads\/usu1130\/2026\/03\/eines-digitals-inclusiva-217x300.png 217w\" sizes=\"auto, (max-width: 517px) 100vw, 517px\" \/><\/p>\n<\/div>\n<\/div>\n<\/article>\n<p>&nbsp;<\/p>\n<\/div>\n<\/div>\n<\/div>\n<\/div>\n","protected":false},"excerpt":{"rendered":"<p>16 eines digitals\u00a0pensades per facilitar la comunicaci\u00f3, la gesti\u00f3 de la conducta, l\u2019organitzaci\u00f3 i l\u2019avaluaci\u00f3 de l\u2019alumnat, especialment \u00fatils per emprar com a suports. Organitzades per \u00e0mbits, aquestes eines ofereixen solucions pr\u00e0ctiques, visuals i accessibles per al dia a dia a l\u2019aula. Comunicaci\u00f3 1. PictoEdu\u00a0\u2014 Creador de materials visuals amb pictogrames ARASAAC. Permet dissenyar recursos [&hellip;]<\/p>\n","protected":false},"author":6,"featured_media":19114,"comment_status":"closed","ping_status":"open","sticky":false,"template":"","format":"standard","meta":{"_bbp_topic_count":0,"_bbp_reply_count":0,"_bbp_total_topic_count":0,"_bbp_total_reply_count":0,"_bbp_voice_count":0,"_bbp_anonymous_reply_count":0,"_bbp_topic_count_hidden":0,"_bbp_reply_count_hidden":0,"_bbp_forum_subforum_count":0,"site-sidebar-layout":"default","site-content-layout":"","ast-site-content-layout":"default","site-content-style":"default","site-sidebar-style":"default","ast-global-header-display":"","ast-banner-title-visibility":"","ast-main-header-display":"","ast-hfb-above-header-display":"","ast-hfb-below-header-display":"","ast-hfb-mobile-header-display":"","site-post-title":"","ast-breadcrumbs-content":"","ast-featured-img":"","footer-sml-layout":"","theme-transparent-header-meta":"default","adv-header-id-meta":"","stick-header-meta":"","header-above-stick-meta":"","header-main-stick-meta":"","header-below-stick-meta":"","astra-migrate-meta-layouts":"set","ast-page-background-enabled":"default","ast-page-background-meta":{"desktop":{"background-color":"var(--ast-global-color-4)","background-image":"","background-repeat":"repeat","background-position":"center center","background-size":"auto","background-attachment":"scroll","background-type":"","background-media":"","overlay-type":"","overlay-color":"","overlay-opacity":"","overlay-gradient":""},"tablet":{"background-color":"","background-image":"","background-repeat":"repeat","background-position":"center center","background-size":"auto","background-attachment":"scroll","background-type":"","background-media":"","overlay-type":"","overlay-color":"","overlay-opacity":"","overlay-gradient":""},"mobile":{"background-color":"","background-image":"","background-repeat":"repeat","background-position":"center center","background-size":"auto","background-attachment":"scroll","background-type":"","background-media":"","overlay-type":"","overlay-color":"","overlay-opacity":"","overlay-gradient":""}},"ast-content-background-meta":{"desktop":{"background-color":"var(--ast-global-color-5)","background-image":"","background-repeat":"repeat","background-position":"center center","background-size":"auto","background-attachment":"scroll","background-type":"","background-media":"","overlay-type":"","overlay-color":"","overlay-opacity":"","overlay-gradient":""},"tablet":{"background-color":"var(--ast-global-color-5)","background-image":"","background-repeat":"repeat","background-position":"center center","background-size":"auto","background-attachment":"scroll","background-type":"","background-media":"","overlay-type":"","overlay-color":"","overlay-opacity":"","overlay-gradient":""},"mobile":{"background-color":"var(--ast-global-color-5)","background-image":"","background-repeat":"repeat","background-position":"center center","background-size":"auto","background-attachment":"scroll","background-type":"","background-media":"","overlay-type":"","overlay-color":"","overlay-opacity":"","overlay-gradient":""}},"footnotes":""},"categories":[282,287],"tags":[194,460,1415,1882,298,1877],"class_list":["post-19113","post","type-post","status-publish","format-standard","has-post-thumbnail","hentry","category-actualitat","category-recomanem","tag-avaluacio","tag-comunicacio","tag-educacio-inclusiva","tag-gestio-de-la-conducta","tag-organitzacio","tag-recursos-digitals"],"post_mailing_queue_ids":[],"_links":{"self":[{"href":"https:\/\/serveiseducatius.xtec.cat\/altcamp\/wp-json\/wp\/v2\/posts\/19113","targetHints":{"allow":["GET"]}}],"collection":[{"href":"https:\/\/serveiseducatius.xtec.cat\/altcamp\/wp-json\/wp\/v2\/posts"}],"about":[{"href":"https:\/\/serveiseducatius.xtec.cat\/altcamp\/wp-json\/wp\/v2\/types\/post"}],"author":[{"embeddable":true,"href":"https:\/\/serveiseducatius.xtec.cat\/altcamp\/wp-json\/wp\/v2\/users\/6"}],"replies":[{"embeddable":true,"href":"https:\/\/serveiseducatius.xtec.cat\/altcamp\/wp-json\/wp\/v2\/comments?post=19113"}],"version-history":[{"count":4,"href":"https:\/\/serveiseducatius.xtec.cat\/altcamp\/wp-json\/wp\/v2\/posts\/19113\/revisions"}],"predecessor-version":[{"id":19119,"href":"https:\/\/serveiseducatius.xtec.cat\/altcamp\/wp-json\/wp\/v2\/posts\/19113\/revisions\/19119"}],"wp:featuredmedia":[{"embeddable":true,"href":"https:\/\/serveiseducatius.xtec.cat\/altcamp\/wp-json\/wp\/v2\/media\/19114"}],"wp:attachment":[{"href":"https:\/\/serveiseducatius.xtec.cat\/altcamp\/wp-json\/wp\/v2\/media?parent=19113"}],"wp:term":[{"taxonomy":"category","embeddable":true,"href":"https:\/\/serveiseducatius.xtec.cat\/altcamp\/wp-json\/wp\/v2\/categories?post=19113"},{"taxonomy":"post_tag","embeddable":true,"href":"https:\/\/serveiseducatius.xtec.cat\/altcamp\/wp-json\/wp\/v2\/tags?post=19113"}],"curies":[{"name":"wp","href":"https:\/\/api.w.org\/{rel}","templated":true}]}}