{"id":19109,"date":"2026-03-25T12:42:48","date_gmt":"2026-03-25T11:42:48","guid":{"rendered":"https:\/\/serveiseducatius.xtec.cat\/altcamp\/?p=19109"},"modified":"2026-03-25T12:42:48","modified_gmt":"2026-03-25T11:42:48","slug":"vi-trobada-canviar-leducacio-per-canviar-el-mon","status":"publish","type":"post","link":"https:\/\/serveiseducatius.xtec.cat\/altcamp\/actualitat\/vi-trobada-canviar-leducacio-per-canviar-el-mon\/","title":{"rendered":"VI Trobada &#8220;Canviar l&#8217;educaci\u00f3 per canviar el m\u00f3n&#8221;"},"content":{"rendered":"<div>\n<p><a href=\"https:\/\/aplicacions.gestioeducativa.gencat.cat\/ords\/pls\/soloas\/pk_for_mod_ins.p_for_detall_activitat?p_codi=3040871304&amp;p_curs=2025-2026&amp;p_es_inscr=S\" target=\"_blank\" rel=\"noopener\"><img loading=\"lazy\" decoding=\"async\" class=\"alignleft wp-image-19110 size-large\" src=\"https:\/\/serveiseducatius.xtec.cat\/altcamp\/wp-content\/uploads\/usu1130\/2026\/03\/Sense-complexos-1024x427.png\" alt=\"\" width=\"1024\" height=\"427\" srcset=\"https:\/\/serveiseducatius.xtec.cat\/altcamp\/wp-content\/uploads\/usu1130\/2026\/03\/Sense-complexos-1024x427.png 1024w, https:\/\/serveiseducatius.xtec.cat\/altcamp\/wp-content\/uploads\/usu1130\/2026\/03\/Sense-complexos-300x125.png 300w, https:\/\/serveiseducatius.xtec.cat\/altcamp\/wp-content\/uploads\/usu1130\/2026\/03\/Sense-complexos-768x320.png 768w, https:\/\/serveiseducatius.xtec.cat\/altcamp\/wp-content\/uploads\/usu1130\/2026\/03\/Sense-complexos-1536x640.png 1536w, https:\/\/serveiseducatius.xtec.cat\/altcamp\/wp-content\/uploads\/usu1130\/2026\/03\/Sense-complexos.png 1920w\" sizes=\"auto, (max-width: 1024px) 100vw, 1024px\" \/><\/a><\/p>\n<p>&nbsp;<\/p>\n<p><a href=\"https:\/\/www.lafede.cat\/canviar-leducacio-per-canviar-el-mon\/\" target=\"_blank\" rel=\"noopener\" data-saferedirecturl=\"https:\/\/www.google.com\/url?q=https:\/\/www.lafede.cat\/canviar-leducacio-per-canviar-el-mon\/&amp;source=gmail&amp;ust=1774508665179000&amp;usg=AOvVaw1tPSLwqGy06Jz2Ryk5ybFt\"><strong>VI Trobada &#8220;Canviar l&#8217;educaci\u00f3 per canviar el m\u00f3n&#8221;<\/strong><\/a><\/p>\n<p><strong>11 d&#8217;abril<\/strong>\u00a0a\u00a0<strong>Can Massallera (Sant Boi de Llobregat)<\/strong>.<\/p>\n<\/div>\n<div>\n<p><span style=\"font-weight: 400\">Obertes les inscripcions per la VI trobada Canviar l\u2019educaci\u00f3 per canviar el m\u00f3n.\u00a0<\/span><\/p>\n<p><strong>Com eduquem en temps d\u2019autoritarisme? Quin \u00e9s el rol de l\u2019educaci\u00f3 davant l\u2019auge dels discursos d\u2019odi?<\/strong><\/p>\n<p><span style=\"font-weight: 400\">+20 experi\u00e8ncies, tallers i espais d\u2019intercanvi <\/span><\/p>\n<\/div>\n<div>\n<p><strong>Objectiu:<\/strong>\u00a0Un espai de reflexi\u00f3, intercanvi i generaci\u00f3 d&#8217;aliances per a totes les persones interessades en l&#8217;impuls d&#8217;una educaci\u00f3 cr\u00edtica i transformadora. Enguany, la trobada vol reflexionar sobre el rol de l&#8217;educaci\u00f3 davant l&#8217;auge del feixisme i dels discursos d&#8217;odi.<\/p>\n<p><strong>Programaci\u00f3 destacada:<\/strong><\/p>\n<ul>\n<li><b>Xerrada<\/b>\u00a0sobre l&#8217;educaci\u00f3 antifeixista<\/li>\n<li>Presentaci\u00f3 de m\u00e9s de 20\u00a0<b>experi\u00e8ncies educatives<\/b>\u00a0(p\u00f2sters, taules d&#8217;experi\u00e8ncies i laboratori d&#8217;an\u00e0lisi col\u00b7laborativa)<\/li>\n<li><b>Tallers<\/b>\u00a0orientats a l&#8217;aprenentatge col\u00b7laboratiu i exploraci\u00f3 d&#8217;eines pr\u00e0ctiques i metodol\u00f2giques<\/li>\n<li>Accions culturals<\/li>\n<li>Activitats paral\u00b7leles per a infants i joves (d&#8217;esplais i caus) tant al mat\u00ed com a la tarda<\/li>\n<\/ul>\n<p><strong>Inscripcions:<\/strong><\/p>\n<ul>\n<li><strong>Docents (reconeixement del Departament d&#8217;Educaci\u00f3):<\/strong>\u00a0[<a href=\"https:\/\/aplicacions.gestioeducativa.gencat.cat\/ords\/pls\/soloas\/pk_for_mod_ins.p_for_detall_activitat?p_codi=3040871304&amp;p_curs=2025-2026&amp;p_es_inscr=S\" target=\"_blank\" rel=\"noopener\" data-saferedirecturl=\"https:\/\/www.google.com\/url?q=https:\/\/aplicacions.gestioeducativa.gencat.cat\/ords\/pls\/soloas\/pk_for_mod_ins.p_for_detall_activitat?p_codi%3D3040871304%26p_curs%3D2025-2026%26p_es_inscr%3DS&amp;source=gmail&amp;ust=1774508665179000&amp;usg=AOvVaw0XbFr2kmR9vSfjEfh35nOv\">Enlla\u00e7 espec\u00edfic per a docents<\/a>]<\/li>\n<\/ul>\n<p><strong><a href=\"https:\/\/www.lafede.cat\/wp-content\/uploads\/2026\/03\/lafede_CECM_Programa_210x1948mm-DEF.pdf\" target=\"_blank\" rel=\"noopener\" data-saferedirecturl=\"https:\/\/www.google.com\/url?q=https:\/\/www.lafede.cat\/wp-content\/uploads\/2026\/03\/lafede_CECM_Programa_210x1948mm-DEF.pdf&amp;source=gmail&amp;ust=1774508665179000&amp;usg=AOvVaw1kdOA8pRfcaN8hjMM-DGWm\">Programa complet<\/a><\/strong> de la trobada.<\/p>\n<\/div>\n","protected":false},"excerpt":{"rendered":"<p>&nbsp; VI Trobada &#8220;Canviar l&#8217;educaci\u00f3 per canviar el m\u00f3n&#8221; 11 d&#8217;abril\u00a0a\u00a0Can Massallera (Sant Boi de Llobregat). Obertes les inscripcions per la VI trobada Canviar l\u2019educaci\u00f3 per canviar el m\u00f3n.\u00a0 Com eduquem en temps d\u2019autoritarisme? Quin \u00e9s el rol de l\u2019educaci\u00f3 davant l\u2019auge dels discursos d\u2019odi? +20 experi\u00e8ncies, tallers i espais d\u2019intercanvi Objectiu:\u00a0Un espai de reflexi\u00f3, [&hellip;]<\/p>\n","protected":false},"author":6,"featured_media":19110,"comment_status":"closed","ping_status":"open","sticky":false,"template":"","format":"standard","meta":{"_bbp_topic_count":0,"_bbp_reply_count":0,"_bbp_total_topic_count":0,"_bbp_total_reply_count":0,"_bbp_voice_count":0,"_bbp_anonymous_reply_count":0,"_bbp_topic_count_hidden":0,"_bbp_reply_count_hidden":0,"_bbp_forum_subforum_count":0,"site-sidebar-layout":"default","site-content-layout":"","ast-site-content-layout":"default","site-content-style":"default","site-sidebar-style":"default","ast-global-header-display":"","ast-banner-title-visibility":"","ast-main-header-display":"","ast-hfb-above-header-display":"","ast-hfb-below-header-display":"","ast-hfb-mobile-header-display":"","site-post-title":"","ast-breadcrumbs-content":"","ast-featured-img":"","footer-sml-layout":"","theme-transparent-header-meta":"default","adv-header-id-meta":"","stick-header-meta":"","header-above-stick-meta":"","header-main-stick-meta":"","header-below-stick-meta":"","astra-migrate-meta-layouts":"set","ast-page-background-enabled":"default","ast-page-background-meta":{"desktop":{"background-color":"var(--ast-global-color-4)","background-image":"","background-repeat":"repeat","background-position":"center center","background-size":"auto","background-attachment":"scroll","background-type":"","background-media":"","overlay-type":"","overlay-color":"","overlay-opacity":"","overlay-gradient":""},"tablet":{"background-color":"","background-image":"","background-repeat":"repeat","background-position":"center center","background-size":"auto","background-attachment":"scroll","background-type":"","background-media":"","overlay-type":"","overlay-color":"","overlay-opacity":"","overlay-gradient":""},"mobile":{"background-color":"","background-image":"","background-repeat":"repeat","background-position":"center center","background-size":"auto","background-attachment":"scroll","background-type":"","background-media":"","overlay-type":"","overlay-color":"","overlay-opacity":"","overlay-gradient":""}},"ast-content-background-meta":{"desktop":{"background-color":"var(--ast-global-color-5)","background-image":"","background-repeat":"repeat","background-position":"center center","background-size":"auto","background-attachment":"scroll","background-type":"","background-media":"","overlay-type":"","overlay-color":"","overlay-opacity":"","overlay-gradient":""},"tablet":{"background-color":"var(--ast-global-color-5)","background-image":"","background-repeat":"repeat","background-position":"center center","background-size":"auto","background-attachment":"scroll","background-type":"","background-media":"","overlay-type":"","overlay-color":"","overlay-opacity":"","overlay-gradient":""},"mobile":{"background-color":"var(--ast-global-color-5)","background-image":"","background-repeat":"repeat","background-position":"center center","background-size":"auto","background-attachment":"scroll","background-type":"","background-media":"","overlay-type":"","overlay-color":"","overlay-opacity":"","overlay-gradient":""}},"footnotes":""},"categories":[282],"tags":[889,738,1038,1541,709,1881,358],"class_list":["post-19109","post","type-post","status-publish","format-standard","has-post-thumbnail","hentry","category-actualitat","tag-antifeixisme","tag-comunitat-educativa","tag-democracia","tag-discursos-dodi","tag-educacio","tag-educacio-critica","tag-jornades"],"post_mailing_queue_ids":[],"_links":{"self":[{"href":"https:\/\/serveiseducatius.xtec.cat\/altcamp\/wp-json\/wp\/v2\/posts\/19109","targetHints":{"allow":["GET"]}}],"collection":[{"href":"https:\/\/serveiseducatius.xtec.cat\/altcamp\/wp-json\/wp\/v2\/posts"}],"about":[{"href":"https:\/\/serveiseducatius.xtec.cat\/altcamp\/wp-json\/wp\/v2\/types\/post"}],"author":[{"embeddable":true,"href":"https:\/\/serveiseducatius.xtec.cat\/altcamp\/wp-json\/wp\/v2\/users\/6"}],"replies":[{"embeddable":true,"href":"https:\/\/serveiseducatius.xtec.cat\/altcamp\/wp-json\/wp\/v2\/comments?post=19109"}],"version-history":[{"count":1,"href":"https:\/\/serveiseducatius.xtec.cat\/altcamp\/wp-json\/wp\/v2\/posts\/19109\/revisions"}],"predecessor-version":[{"id":19111,"href":"https:\/\/serveiseducatius.xtec.cat\/altcamp\/wp-json\/wp\/v2\/posts\/19109\/revisions\/19111"}],"wp:featuredmedia":[{"embeddable":true,"href":"https:\/\/serveiseducatius.xtec.cat\/altcamp\/wp-json\/wp\/v2\/media\/19110"}],"wp:attachment":[{"href":"https:\/\/serveiseducatius.xtec.cat\/altcamp\/wp-json\/wp\/v2\/media?parent=19109"}],"wp:term":[{"taxonomy":"category","embeddable":true,"href":"https:\/\/serveiseducatius.xtec.cat\/altcamp\/wp-json\/wp\/v2\/categories?post=19109"},{"taxonomy":"post_tag","embeddable":true,"href":"https:\/\/serveiseducatius.xtec.cat\/altcamp\/wp-json\/wp\/v2\/tags?post=19109"}],"curies":[{"name":"wp","href":"https:\/\/api.w.org\/{rel}","templated":true}]}}