{"id":18912,"date":"2026-02-04T17:58:21","date_gmt":"2026-02-04T16:58:21","guid":{"rendered":"https:\/\/serveiseducatius.xtec.cat\/altcamp\/?p=18912"},"modified":"2026-02-04T17:58:21","modified_gmt":"2026-02-04T16:58:21","slug":"segona-hora-verda-connecta-amb-la-ciencia-de-lhivern-el-24-de-febrer","status":"publish","type":"post","link":"https:\/\/serveiseducatius.xtec.cat\/altcamp\/actualitat\/segona-hora-verda-connecta-amb-la-ciencia-de-lhivern-el-24-de-febrer\/","title":{"rendered":"Segona Hora Verda: connecta amb la ci\u00e8ncia de l\u2019hivern el 24 de febrer"},"content":{"rendered":"<figure class=\"wp-block-image alignleft size-full\"><a href=\"https:\/\/www.creaf.cat\/ca\/la-ciencia-de-lhivern-lhora-verda-connectem-amb-la-natura?mc_cid=7b59e71ca0&amp;mc_eid=c03f4f16b5\" target=\"_blank\" rel=\"noopener\"><img loading=\"lazy\" decoding=\"async\" class=\"alignleft wp-image-18913\" src=\"https:\/\/serveiseducatius.xtec.cat\/altcamp\/wp-content\/uploads\/usu1130\/2026\/02\/Hora-verda-2.jpg\" alt=\"\" width=\"418\" height=\"336\" srcset=\"https:\/\/serveiseducatius.xtec.cat\/altcamp\/wp-content\/uploads\/usu1130\/2026\/02\/Hora-verda-2.jpg 987w, https:\/\/serveiseducatius.xtec.cat\/altcamp\/wp-content\/uploads\/usu1130\/2026\/02\/Hora-verda-2-300x242.jpg 300w, https:\/\/serveiseducatius.xtec.cat\/altcamp\/wp-content\/uploads\/usu1130\/2026\/02\/Hora-verda-2-768x619.jpg 768w\" sizes=\"auto, (max-width: 418px) 100vw, 418px\" \/><\/a><\/figure>\n<p>L\u2019<a href=\"https:\/\/www.creaf.cat\/ca\/la-ciencia-de-lhivern-lhora-verda-connectem-amb-la-natura?mc_cid=7b59e71ca0&amp;mc_eid=c03f4f16b5\" target=\"_blank\" rel=\"noopener\"><strong>Hora Verda<\/strong><\/a>, el projecte d\u2019Escoles Verdes i el CREAF per connectar amb la natura i tenir una finestra oberta a la ci\u00e8ncia, presenta la segona edici\u00f3: la\u00a0<strong>ci\u00e8ncia de l\u2019hivern<\/strong>! Est\u00e0 adre\u00e7ada a professorat de\u00a0<strong>prim\u00e0ria i de secund\u00e0ria<\/strong>. L\u2019Hora Verda consta de tres webinars online que es fan un cop al trimestre i tenen\u00a0com a tema transversal el canvi clim\u00e0tic i la biodiversitat. El segon ser\u00e0 el\u00a0<strong>dimarts 24 de febrer de 17.30 a 19 h<\/strong>\u00a0i tractar\u00e0<strong>\u00a0la ci\u00e8ncia de la tardor<\/strong>, i el tercer i \u00faltim explorar\u00e0 la ci\u00e8ncia del bon temps (primavera i l\u2019estiu). Cada trobada compta amb\u00a0<strong>microxerrades en directe de persones cient\u00edfiques<\/strong>\u00a0de diferents centres de recerca de Catalunya que ens expliquen\u00a0aspectes nous, curiosos i rellevants sobre cada estaci\u00f3 de l\u2019any. Tamb\u00e9 resolen dubtes, fan propostes educatives i posen a prova tot el que sabem.<\/p>\n<p><a href=\"https:\/\/creaf.us4.list-manage.com\/track\/click?u=91928d98958b6266aa0ac4584&amp;id=333f1208bc&amp;e=c03f4f16b5\" target=\"_blank\" rel=\"noreferrer noopener\">INSCRIPCI\u00d3 HORA VERDA HIVERN (24 FEBRER)<\/a><\/p>\n<p><a href=\"https:\/\/creaf.us4.list-manage.com\/track\/click?u=91928d98958b6266aa0ac4584&amp;id=65cda05140&amp;e=c03f4f16b5\" target=\"_blank\" rel=\"noreferrer noopener\">M\u00c9S INFORMACI\u00d3<\/a><\/p>\n","protected":false},"excerpt":{"rendered":"<p>L\u2019Hora Verda, el projecte d\u2019Escoles Verdes i el CREAF per connectar amb la natura i tenir una finestra oberta a la ci\u00e8ncia, presenta la segona edici\u00f3: la\u00a0ci\u00e8ncia de l\u2019hivern! Est\u00e0 adre\u00e7ada a professorat de\u00a0prim\u00e0ria i de secund\u00e0ria. L\u2019Hora Verda consta de tres webinars online que es fan un cop al trimestre i tenen\u00a0com a tema [&hellip;]<\/p>\n","protected":false},"author":6,"featured_media":18913,"comment_status":"closed","ping_status":"open","sticky":false,"template":"","format":"standard","meta":{"_bbp_topic_count":0,"_bbp_reply_count":0,"_bbp_total_topic_count":0,"_bbp_total_reply_count":0,"_bbp_voice_count":0,"_bbp_anonymous_reply_count":0,"_bbp_topic_count_hidden":0,"_bbp_reply_count_hidden":0,"_bbp_forum_subforum_count":0,"site-sidebar-layout":"default","site-content-layout":"","ast-site-content-layout":"default","site-content-style":"default","site-sidebar-style":"default","ast-global-header-display":"","ast-banner-title-visibility":"","ast-main-header-display":"","ast-hfb-above-header-display":"","ast-hfb-below-header-display":"","ast-hfb-mobile-header-display":"","site-post-title":"","ast-breadcrumbs-content":"","ast-featured-img":"","footer-sml-layout":"","theme-transparent-header-meta":"default","adv-header-id-meta":"","stick-header-meta":"","header-above-stick-meta":"","header-main-stick-meta":"","header-below-stick-meta":"","astra-migrate-meta-layouts":"set","ast-page-background-enabled":"default","ast-page-background-meta":{"desktop":{"background-color":"var(--ast-global-color-4)","background-image":"","background-repeat":"repeat","background-position":"center center","background-size":"auto","background-attachment":"scroll","background-type":"","background-media":"","overlay-type":"","overlay-color":"","overlay-opacity":"","overlay-gradient":""},"tablet":{"background-color":"","background-image":"","background-repeat":"repeat","background-position":"center center","background-size":"auto","background-attachment":"scroll","background-type":"","background-media":"","overlay-type":"","overlay-color":"","overlay-opacity":"","overlay-gradient":""},"mobile":{"background-color":"","background-image":"","background-repeat":"repeat","background-position":"center center","background-size":"auto","background-attachment":"scroll","background-type":"","background-media":"","overlay-type":"","overlay-color":"","overlay-opacity":"","overlay-gradient":""}},"ast-content-background-meta":{"desktop":{"background-color":"var(--ast-global-color-5)","background-image":"","background-repeat":"repeat","background-position":"center center","background-size":"auto","background-attachment":"scroll","background-type":"","background-media":"","overlay-type":"","overlay-color":"","overlay-opacity":"","overlay-gradient":""},"tablet":{"background-color":"var(--ast-global-color-5)","background-image":"","background-repeat":"repeat","background-position":"center center","background-size":"auto","background-attachment":"scroll","background-type":"","background-media":"","overlay-type":"","overlay-color":"","overlay-opacity":"","overlay-gradient":""},"mobile":{"background-color":"var(--ast-global-color-5)","background-image":"","background-repeat":"repeat","background-position":"center center","background-size":"auto","background-attachment":"scroll","background-type":"","background-media":"","overlay-type":"","overlay-color":"","overlay-opacity":"","overlay-gradient":""}},"footnotes":""},"categories":[282],"tags":[250],"class_list":["post-18912","post","type-post","status-publish","format-standard","has-post-thumbnail","hentry","category-actualitat","tag-ciencia"],"post_mailing_queue_ids":[],"_links":{"self":[{"href":"https:\/\/serveiseducatius.xtec.cat\/altcamp\/wp-json\/wp\/v2\/posts\/18912","targetHints":{"allow":["GET"]}}],"collection":[{"href":"https:\/\/serveiseducatius.xtec.cat\/altcamp\/wp-json\/wp\/v2\/posts"}],"about":[{"href":"https:\/\/serveiseducatius.xtec.cat\/altcamp\/wp-json\/wp\/v2\/types\/post"}],"author":[{"embeddable":true,"href":"https:\/\/serveiseducatius.xtec.cat\/altcamp\/wp-json\/wp\/v2\/users\/6"}],"replies":[{"embeddable":true,"href":"https:\/\/serveiseducatius.xtec.cat\/altcamp\/wp-json\/wp\/v2\/comments?post=18912"}],"version-history":[{"count":1,"href":"https:\/\/serveiseducatius.xtec.cat\/altcamp\/wp-json\/wp\/v2\/posts\/18912\/revisions"}],"predecessor-version":[{"id":18914,"href":"https:\/\/serveiseducatius.xtec.cat\/altcamp\/wp-json\/wp\/v2\/posts\/18912\/revisions\/18914"}],"wp:featuredmedia":[{"embeddable":true,"href":"https:\/\/serveiseducatius.xtec.cat\/altcamp\/wp-json\/wp\/v2\/media\/18913"}],"wp:attachment":[{"href":"https:\/\/serveiseducatius.xtec.cat\/altcamp\/wp-json\/wp\/v2\/media?parent=18912"}],"wp:term":[{"taxonomy":"category","embeddable":true,"href":"https:\/\/serveiseducatius.xtec.cat\/altcamp\/wp-json\/wp\/v2\/categories?post=18912"},{"taxonomy":"post_tag","embeddable":true,"href":"https:\/\/serveiseducatius.xtec.cat\/altcamp\/wp-json\/wp\/v2\/tags?post=18912"}],"curies":[{"name":"wp","href":"https:\/\/api.w.org\/{rel}","templated":true}]}}