{"id":18789,"date":"2026-01-19T14:51:07","date_gmt":"2026-01-19T13:51:07","guid":{"rendered":"https:\/\/serveiseducatius.xtec.cat\/altcamp\/?p=18789"},"modified":"2026-01-19T14:51:37","modified_gmt":"2026-01-19T13:51:37","slug":"taller-en-linia-de-ciberseguretat-dia-dinternet-segura-2026-dimarts-10-de-febrer","status":"publish","type":"post","link":"https:\/\/serveiseducatius.xtec.cat\/altcamp\/actualitat\/taller-en-linia-de-ciberseguretat-dia-dinternet-segura-2026-dimarts-10-de-febrer\/","title":{"rendered":"Taller en l\u00ednia de ciberseguretat"},"content":{"rendered":"<p data-start=\"131\" data-end=\"294\">Des de l\u2019<strong data-start=\"323\" data-end=\"381\">Institut Nacional de Ciberseguretat d\u2019Espanya (INCIBE)<\/strong> i l\u2019<strong data-start=\"386\" data-end=\"468\">Institut Nacional de Tecnologies Educatives i Formaci\u00f3 del Professorat (INTEF)<\/strong> han desenvolupat conjuntament aquest taller:<\/p>\n<p data-start=\"515\" data-end=\"786\"><strong data-start=\"515\" data-end=\"525\">T\u00edtol:<\/strong> \u00ab\u00c9s clar! Aqu\u00ed tens una proposta. I tu, qu\u00e8 faries?\u00bb<br data-start=\"578\" data-end=\"581\" \/><strong data-start=\"581\" data-end=\"589\">Dia:<\/strong> dimarts 10 de febrer<br data-start=\"610\" data-end=\"613\" \/><strong data-start=\"613\" data-end=\"622\">Hora:<\/strong> de 10.30 h a 11.10 h<br data-start=\"643\" data-end=\"646\" \/><strong data-start=\"646\" data-end=\"655\">Lloc:<\/strong> transmissi\u00f3 en l\u00ednia a trav\u00e9s de <a class=\"decorated-link\" href=\"https:\/\/www.incibe.es\/eventos\/sid\" target=\"_new\" rel=\"noopener\" data-start=\"689\" data-end=\"722\">https:\/\/www.incibe.es\/eventos\/sid<\/a><br data-start=\"722\" data-end=\"725\" \/><strong data-start=\"725\" data-end=\"746\">Edat orientativa:<\/strong> a partir de 6\u00e8 de prim\u00e0ria i tota l\u2019ESO<\/p>\n<p data-start=\"788\" data-end=\"1093\">Es tracta d\u2019un taller per treballar amb l\u2019alumnat la presa de decisions intel\u00b7ligents en la seva experi\u00e8ncia en l\u00ednia, en tem\u00e0tiques com el <strong data-start=\"928\" data-end=\"944\">cibercontrol<\/strong>, les <strong data-start=\"950\" data-end=\"978\">imatges generades amb IA<\/strong>, la <strong data-start=\"983\" data-end=\"996\">sextorsi\u00f3<\/strong> i els <strong data-start=\"1003\" data-end=\"1028\">riscos per a la salut<\/strong>, aix\u00ed com la import\u00e0ncia de <strong data-start=\"1057\" data-end=\"1092\">denunciar continguts inadequats<\/strong>.<\/p>\n<p data-start=\"137\" data-end=\"467\">No cal inscriure\u2019s pr\u00e8viament; n\u2019hi ha prou amb connectar-s\u2019hi aquell dia des de l\u2019aula a partir de les <strong data-start=\"241\" data-end=\"252\">10.00 h<\/strong> a\u00a0<a class=\"decorated-link\" href=\"https:\/\/www.incibe.es\/eventos\/sid\" target=\"_new\" rel=\"noopener\" data-start=\"257\" data-end=\"290\">https:\/\/www.incibe.es\/eventos\/sid.\u00a0<\/a><br data-start=\"290\" data-end=\"293\" \/>Enlla\u00e7 per si voleu posar-vos un recordatori a l\u2019agenda o subscriure-us al butllet\u00ed d\u2019INCIBE:<br data-start=\"399\" data-end=\"402\" \/><a class=\"decorated-link\" href=\"https:\/\/www.incibe.es\/menores\/simplenews\/subscriptions\/landing\" target=\"_new\" rel=\"noopener\" data-start=\"402\" data-end=\"464\">https:\/\/www.incibe.es\/menores\/simplenews\/subscriptions\/landing<\/a> \ud83d\ude09<\/p>\n<p data-start=\"469\" data-end=\"697\">Per a m\u00e9s informaci\u00f3 sobre <strong data-start=\"496\" data-end=\"521\">com accedir al taller<\/strong> o <strong data-start=\"524\" data-end=\"561\">com interactuar amb les votacions<\/strong>, trobareu totes les indicacions al web <strong data-start=\"679\" data-end=\"696\"><a class=\"decorated-link cursor-pointer\" rel=\"noopener\" data-start=\"681\" data-end=\"694\">sid@incibe.es<\/a><\/strong>.<\/p>\n","protected":false},"excerpt":{"rendered":"<p>Des de l\u2019Institut Nacional de Ciberseguretat d\u2019Espanya (INCIBE) i l\u2019Institut Nacional de Tecnologies Educatives i Formaci\u00f3 del Professorat (INTEF) han desenvolupat conjuntament aquest taller: T\u00edtol: \u00ab\u00c9s clar! Aqu\u00ed tens una proposta. I tu, qu\u00e8 faries?\u00bbDia: dimarts 10 de febrerHora: de 10.30 h a 11.10 hLloc: transmissi\u00f3 en l\u00ednia a trav\u00e9s de https:\/\/www.incibe.es\/eventos\/sidEdat orientativa: a partir [&hellip;]<\/p>\n","protected":false},"author":4,"featured_media":18790,"comment_status":"closed","ping_status":"closed","sticky":false,"template":"","format":"standard","meta":{"_bbp_topic_count":0,"_bbp_reply_count":0,"_bbp_total_topic_count":0,"_bbp_total_reply_count":0,"_bbp_voice_count":0,"_bbp_anonymous_reply_count":0,"_bbp_topic_count_hidden":0,"_bbp_reply_count_hidden":0,"_bbp_forum_subforum_count":0,"site-sidebar-layout":"default","site-content-layout":"","ast-site-content-layout":"default","site-content-style":"default","site-sidebar-style":"default","ast-global-header-display":"","ast-banner-title-visibility":"","ast-main-header-display":"","ast-hfb-above-header-display":"","ast-hfb-below-header-display":"","ast-hfb-mobile-header-display":"","site-post-title":"","ast-breadcrumbs-content":"","ast-featured-img":"","footer-sml-layout":"","theme-transparent-header-meta":"default","adv-header-id-meta":"","stick-header-meta":"","header-above-stick-meta":"","header-main-stick-meta":"","header-below-stick-meta":"","astra-migrate-meta-layouts":"set","ast-page-background-enabled":"default","ast-page-background-meta":{"desktop":{"background-color":"var(--ast-global-color-4)","background-image":"","background-repeat":"repeat","background-position":"center center","background-size":"auto","background-attachment":"scroll","background-type":"","background-media":"","overlay-type":"","overlay-color":"","overlay-opacity":"","overlay-gradient":""},"tablet":{"background-color":"","background-image":"","background-repeat":"repeat","background-position":"center center","background-size":"auto","background-attachment":"scroll","background-type":"","background-media":"","overlay-type":"","overlay-color":"","overlay-opacity":"","overlay-gradient":""},"mobile":{"background-color":"","background-image":"","background-repeat":"repeat","background-position":"center center","background-size":"auto","background-attachment":"scroll","background-type":"","background-media":"","overlay-type":"","overlay-color":"","overlay-opacity":"","overlay-gradient":""}},"ast-content-background-meta":{"desktop":{"background-color":"var(--ast-global-color-5)","background-image":"","background-repeat":"repeat","background-position":"center center","background-size":"auto","background-attachment":"scroll","background-type":"","background-media":"","overlay-type":"","overlay-color":"","overlay-opacity":"","overlay-gradient":""},"tablet":{"background-color":"var(--ast-global-color-5)","background-image":"","background-repeat":"repeat","background-position":"center center","background-size":"auto","background-attachment":"scroll","background-type":"","background-media":"","overlay-type":"","overlay-color":"","overlay-opacity":"","overlay-gradient":""},"mobile":{"background-color":"var(--ast-global-color-5)","background-image":"","background-repeat":"repeat","background-position":"center center","background-size":"auto","background-attachment":"scroll","background-type":"","background-media":"","overlay-type":"","overlay-color":"","overlay-opacity":"","overlay-gradient":""}},"footnotes":""},"categories":[282],"tags":[566,490,292,362,447],"class_list":["post-18789","post","type-post","status-publish","format-standard","has-post-thumbnail","hentry","category-actualitat","tag-centres-educatius","tag-ciberseguretat","tag-eso","tag-internet","tag-primaria"],"post_mailing_queue_ids":[],"_links":{"self":[{"href":"https:\/\/serveiseducatius.xtec.cat\/altcamp\/wp-json\/wp\/v2\/posts\/18789","targetHints":{"allow":["GET"]}}],"collection":[{"href":"https:\/\/serveiseducatius.xtec.cat\/altcamp\/wp-json\/wp\/v2\/posts"}],"about":[{"href":"https:\/\/serveiseducatius.xtec.cat\/altcamp\/wp-json\/wp\/v2\/types\/post"}],"author":[{"embeddable":true,"href":"https:\/\/serveiseducatius.xtec.cat\/altcamp\/wp-json\/wp\/v2\/users\/4"}],"replies":[{"embeddable":true,"href":"https:\/\/serveiseducatius.xtec.cat\/altcamp\/wp-json\/wp\/v2\/comments?post=18789"}],"version-history":[{"count":2,"href":"https:\/\/serveiseducatius.xtec.cat\/altcamp\/wp-json\/wp\/v2\/posts\/18789\/revisions"}],"predecessor-version":[{"id":18792,"href":"https:\/\/serveiseducatius.xtec.cat\/altcamp\/wp-json\/wp\/v2\/posts\/18789\/revisions\/18792"}],"wp:featuredmedia":[{"embeddable":true,"href":"https:\/\/serveiseducatius.xtec.cat\/altcamp\/wp-json\/wp\/v2\/media\/18790"}],"wp:attachment":[{"href":"https:\/\/serveiseducatius.xtec.cat\/altcamp\/wp-json\/wp\/v2\/media?parent=18789"}],"wp:term":[{"taxonomy":"category","embeddable":true,"href":"https:\/\/serveiseducatius.xtec.cat\/altcamp\/wp-json\/wp\/v2\/categories?post=18789"},{"taxonomy":"post_tag","embeddable":true,"href":"https:\/\/serveiseducatius.xtec.cat\/altcamp\/wp-json\/wp\/v2\/tags?post=18789"}],"curies":[{"name":"wp","href":"https:\/\/api.w.org\/{rel}","templated":true}]}}