{"id":18330,"date":"2025-11-06T13:40:29","date_gmt":"2025-11-06T12:40:29","guid":{"rendered":"https:\/\/serveiseducatius.xtec.cat\/altcamp\/?p=18330"},"modified":"2025-11-06T13:40:29","modified_gmt":"2025-11-06T12:40:29","slug":"tallers-a-laula-del-programa-ifest","status":"publish","type":"post","link":"https:\/\/serveiseducatius.xtec.cat\/altcamp\/general\/tallers-a-laula-del-programa-ifest\/","title":{"rendered":"Tallers a l&#8217;aula del Programa iFest"},"content":{"rendered":"<p><a href=\"https:\/\/ifest.cat\/?anchor=reptes-inici\" target=\"_blank\" rel=\"noopener\"><img loading=\"lazy\" decoding=\"async\" class=\"alignnone wp-image-18331 size-full\" src=\"https:\/\/serveiseducatius.xtec.cat\/altcamp\/wp-content\/uploads\/usu1130\/2025\/11\/8a_edicio_iFest.png\" alt=\"\" width=\"1024\" height=\"576\" srcset=\"https:\/\/serveiseducatius.xtec.cat\/altcamp\/wp-content\/uploads\/usu1130\/2025\/11\/8a_edicio_iFest.png 1024w, https:\/\/serveiseducatius.xtec.cat\/altcamp\/wp-content\/uploads\/usu1130\/2025\/11\/8a_edicio_iFest-300x169.png 300w, https:\/\/serveiseducatius.xtec.cat\/altcamp\/wp-content\/uploads\/usu1130\/2025\/11\/8a_edicio_iFest-768x432.png 768w\" sizes=\"auto, (max-width: 1024px) 100vw, 1024px\" \/><\/a><br \/>\nEl <strong><a href=\"https:\/\/ifest.cat\/\" target=\"_blank\" rel=\"noopener\" data-saferedirecturl=\"https:\/\/www.google.com\/url?q=https:\/\/ifest.cat\/&amp;source=gmail&amp;ust=1762505534265000&amp;usg=AOvVaw0b7SBFiG6WxpD4oxqlKtVm\">programa iFest<\/a><\/strong> \u00e9s una iniciativa en qu\u00e8 el <strong>Departament d\u2019Educaci\u00f3 i Formaci\u00f3 Professional<\/strong> col\u00b7labora amb els <strong>Departaments d\u2019Empresa i Treball, Recerca i Universitats, Agricultura, Ramaderia, Pesca i Alimentaci\u00f3 i Cultura<\/strong>.<\/p>\n<p>L\u2019iFest \u00e9s una <strong>excel\u00b7lent oportunitat per fomentar l\u2019emprenedoria<\/strong> entre l\u2019alumnat a partir de <strong>reptes reals proposats per entitats<\/strong>, als quals els estudiants han de donar resposta desenvolupant <strong>projectes creatius i innovadors<\/strong>.<\/p>\n<p>El programa s\u2019adre\u00e7a a <strong>alumnat d\u2019ESO i de batxillerat<\/strong> i es pot incorporar en <strong>qualsevol mat\u00e8ria<\/strong> en qu\u00e8 el repte proposat tingui una vinculaci\u00f3 amb els continguts treballats. A m\u00e9s, els centres poden <strong>sol\u00b7licitar formacions espec\u00edfiques<\/strong> perqu\u00e8 l\u2019alumnat aprengui a treballar amb la metodologia <strong>design thinking<\/strong>.<\/p>\n<p>Tot i que els serveis centrals ja han fet difusi\u00f3 del programa a trav\u00e9s de l\u2019<strong><a href=\"https:\/\/ifest.cat\/?anchor=reptes-inici\" target=\"_blank\" rel=\"noopener\" data-saferedirecturl=\"https:\/\/www.google.com\/url?q=https:\/\/ifest.cat\/?anchor%3Dreptes-inici&amp;source=gmail&amp;ust=1762505534265000&amp;usg=AOvVaw02ep-dYtLETNfayLNQUjYg\">XTEC<\/a><\/strong> i la <a href=\"https:\/\/projectes.xtec.cat\/nou-curriculum\/general\/arriba-la-8a-edicio-de-lifest-la-competicio-que-impulsa-la-creativitat-i-lemprenedoria-juvenil-a-catalunya\/\" target=\"_blank\" rel=\"noopener\" data-saferedirecturl=\"https:\/\/www.google.com\/url?q=https:\/\/projectes.xtec.cat\/nou-curriculum\/general\/arriba-la-8a-edicio-de-lifest-la-competicio-que-impulsa-la-creativitat-i-lemprenedoria-juvenil-a-catalunya\/&amp;source=gmail&amp;ust=1762505534265000&amp;usg=AOvVaw00Mc_oG6VolzfJj6btwY48\"><strong>web de curr\u00edculum<\/strong><\/a>, us demanem que <strong>poseu especial \u00e8mfasi en la possibilitat de sol\u00b7licitar <a href=\"https:\/\/empresa.gencat.cat\/ca\/treb_ambits_actuacio\/empresa-emprenedoria\/intern\/demanar-taller-ifest-bootcamp\/index.html\" target=\"_blank\" rel=\"noopener\" data-saferedirecturl=\"https:\/\/www.google.com\/url?q=https:\/\/empresa.gencat.cat\/ca\/treb_ambits_actuacio\/empresa-emprenedoria\/intern\/demanar-taller-ifest-bootcamp\/index.html&amp;source=gmail&amp;ust=1762505534265000&amp;usg=AOvVaw19xKrh1A46NpjpMrV1Kc8d\">tallers a l\u2019aula<\/a><\/strong>, que ofereixen <strong>acompanyament directe<\/strong> en el desenvolupament dels projectes.<\/p>\n","protected":false},"excerpt":{"rendered":"<p>El programa iFest \u00e9s una iniciativa en qu\u00e8 el Departament d\u2019Educaci\u00f3 i Formaci\u00f3 Professional col\u00b7labora amb els Departaments d\u2019Empresa i Treball, Recerca i Universitats, Agricultura, Ramaderia, Pesca i Alimentaci\u00f3 i Cultura. L\u2019iFest \u00e9s una excel\u00b7lent oportunitat per fomentar l\u2019emprenedoria entre l\u2019alumnat a partir de reptes reals proposats per entitats, als quals els estudiants han de [&hellip;]<\/p>\n","protected":false},"author":4,"featured_media":18331,"comment_status":"closed","ping_status":"closed","sticky":false,"template":"","format":"standard","meta":{"_bbp_topic_count":0,"_bbp_reply_count":0,"_bbp_total_topic_count":0,"_bbp_total_reply_count":0,"_bbp_voice_count":0,"_bbp_anonymous_reply_count":0,"_bbp_topic_count_hidden":0,"_bbp_reply_count_hidden":0,"_bbp_forum_subforum_count":0,"site-sidebar-layout":"default","site-content-layout":"","ast-site-content-layout":"","site-content-style":"default","site-sidebar-style":"default","ast-global-header-display":"","ast-banner-title-visibility":"","ast-main-header-display":"","ast-hfb-above-header-display":"","ast-hfb-below-header-display":"","ast-hfb-mobile-header-display":"","site-post-title":"","ast-breadcrumbs-content":"","ast-featured-img":"","footer-sml-layout":"","theme-transparent-header-meta":"","adv-header-id-meta":"","stick-header-meta":"","header-above-stick-meta":"","header-main-stick-meta":"","header-below-stick-meta":"","astra-migrate-meta-layouts":"default","ast-page-background-enabled":"default","ast-page-background-meta":{"desktop":{"background-color":"var(--ast-global-color-4)","background-image":"","background-repeat":"repeat","background-position":"center center","background-size":"auto","background-attachment":"scroll","background-type":"","background-media":"","overlay-type":"","overlay-color":"","overlay-opacity":"","overlay-gradient":""},"tablet":{"background-color":"","background-image":"","background-repeat":"repeat","background-position":"center center","background-size":"auto","background-attachment":"scroll","background-type":"","background-media":"","overlay-type":"","overlay-color":"","overlay-opacity":"","overlay-gradient":""},"mobile":{"background-color":"","background-image":"","background-repeat":"repeat","background-position":"center center","background-size":"auto","background-attachment":"scroll","background-type":"","background-media":"","overlay-type":"","overlay-color":"","overlay-opacity":"","overlay-gradient":""}},"ast-content-background-meta":{"desktop":{"background-color":"var(--ast-global-color-5)","background-image":"","background-repeat":"repeat","background-position":"center center","background-size":"auto","background-attachment":"scroll","background-type":"","background-media":"","overlay-type":"","overlay-color":"","overlay-opacity":"","overlay-gradient":""},"tablet":{"background-color":"var(--ast-global-color-5)","background-image":"","background-repeat":"repeat","background-position":"center center","background-size":"auto","background-attachment":"scroll","background-type":"","background-media":"","overlay-type":"","overlay-color":"","overlay-opacity":"","overlay-gradient":""},"mobile":{"background-color":"var(--ast-global-color-5)","background-image":"","background-repeat":"repeat","background-position":"center center","background-size":"auto","background-attachment":"scroll","background-type":"","background-media":"","overlay-type":"","overlay-color":"","overlay-opacity":"","overlay-gradient":""}},"footnotes":""},"categories":[282,1],"tags":[249,565,292,1839],"class_list":["post-18330","post","type-post","status-publish","format-standard","has-post-thumbnail","hentry","category-actualitat","category-general","tag-batxillerat","tag-emprenedoria","tag-eso","tag-ifest"],"post_mailing_queue_ids":[],"_links":{"self":[{"href":"https:\/\/serveiseducatius.xtec.cat\/altcamp\/wp-json\/wp\/v2\/posts\/18330","targetHints":{"allow":["GET"]}}],"collection":[{"href":"https:\/\/serveiseducatius.xtec.cat\/altcamp\/wp-json\/wp\/v2\/posts"}],"about":[{"href":"https:\/\/serveiseducatius.xtec.cat\/altcamp\/wp-json\/wp\/v2\/types\/post"}],"author":[{"embeddable":true,"href":"https:\/\/serveiseducatius.xtec.cat\/altcamp\/wp-json\/wp\/v2\/users\/4"}],"replies":[{"embeddable":true,"href":"https:\/\/serveiseducatius.xtec.cat\/altcamp\/wp-json\/wp\/v2\/comments?post=18330"}],"version-history":[{"count":1,"href":"https:\/\/serveiseducatius.xtec.cat\/altcamp\/wp-json\/wp\/v2\/posts\/18330\/revisions"}],"predecessor-version":[{"id":18332,"href":"https:\/\/serveiseducatius.xtec.cat\/altcamp\/wp-json\/wp\/v2\/posts\/18330\/revisions\/18332"}],"wp:featuredmedia":[{"embeddable":true,"href":"https:\/\/serveiseducatius.xtec.cat\/altcamp\/wp-json\/wp\/v2\/media\/18331"}],"wp:attachment":[{"href":"https:\/\/serveiseducatius.xtec.cat\/altcamp\/wp-json\/wp\/v2\/media?parent=18330"}],"wp:term":[{"taxonomy":"category","embeddable":true,"href":"https:\/\/serveiseducatius.xtec.cat\/altcamp\/wp-json\/wp\/v2\/categories?post=18330"},{"taxonomy":"post_tag","embeddable":true,"href":"https:\/\/serveiseducatius.xtec.cat\/altcamp\/wp-json\/wp\/v2\/tags?post=18330"}],"curies":[{"name":"wp","href":"https:\/\/api.w.org\/{rel}","templated":true}]}}