{"id":18165,"date":"2025-10-08T12:44:38","date_gmt":"2025-10-08T10:44:38","guid":{"rendered":"https:\/\/serveiseducatius.xtec.cat\/altcamp\/?p=18165"},"modified":"2025-10-08T12:45:11","modified_gmt":"2025-10-08T10:45:11","slug":"canal-de-reporters-2","status":"publish","type":"post","link":"https:\/\/serveiseducatius.xtec.cat\/altcamp\/general\/canal-de-reporters-2\/","title":{"rendered":"Canal de Reporters"},"content":{"rendered":"<header class=\"entry-header\"><\/header>\n<div class=\"entry-content\">\n<p><a href=\"https:\/\/projectes.xtec.cat\/canaldereporters\/\" target=\"_blank\" rel=\"noopener\"><img loading=\"lazy\" decoding=\"async\" class=\"alignleft wp-image-18166\" src=\"https:\/\/serveiseducatius.xtec.cat\/altcamp\/wp-content\/uploads\/usu1130\/2025\/10\/Canal-de-reporters.jpg\" alt=\"\" width=\"459\" height=\"459\" srcset=\"https:\/\/serveiseducatius.xtec.cat\/altcamp\/wp-content\/uploads\/usu1130\/2025\/10\/Canal-de-reporters.jpg 538w, https:\/\/serveiseducatius.xtec.cat\/altcamp\/wp-content\/uploads\/usu1130\/2025\/10\/Canal-de-reporters-300x300.jpg 300w, https:\/\/serveiseducatius.xtec.cat\/altcamp\/wp-content\/uploads\/usu1130\/2025\/10\/Canal-de-reporters-150x150.jpg 150w\" sizes=\"auto, (max-width: 459px) 100vw, 459px\" \/><\/a><br \/>\n<a href=\"https:\/\/projectes.xtec.cat\/canaldereporters\/\" target=\"_blank\" rel=\"noopener\">Canal de Reporters<\/a>\u00a0treballa per potenciar i recollir produccions period\u00edstiques escrites, radiof\u00f2niques i d\u2019audiovisuals elaborades per l\u2019alumnat dels centres educatius de Catalunya. Per afavorir la difusi\u00f3 d\u2019aquests productes, es posa a disposici\u00f3 dels centres educatius aquesta plataforma.<\/p>\n<div>\n<p>El projecte permet a l\u2019alumnat explicar i entendre el que passa al nostre voltant amb una mirada cr\u00edtica, cercant all\u00f2 que \u00e9s not\u00edcia. Per aix\u00f2 proposa diferents activitats per treballar col\u00b7laborativament, comunicant de forma correcta en diverses lleng\u00fces i fent servir la tecnologia que tenim al nostre abast.<\/p>\n<\/div>\n<div>\n<p>A Canal de reporters trobareu, tamb\u00e9,\u00a0 la\u00a0<a href=\"https:\/\/projectes.xtec.cat\/canaldereporters\/formacio\/\" target=\"_blank\" rel=\"noopener\">formaci\u00f3<\/a>\u00a0relacionada que s\u2019ofereix per a docents.<\/p>\n<p>Trobareu m\u00e9s informaci\u00f3 a la p\u00e0gina: <a href=\"https:\/\/projectes.xtec.cat\/canaldereporters\/\" target=\"_blank\" rel=\"noopener\">https:\/\/projectes.xtec.cat\/canaldereporters\/<\/a><\/p>\n<hr \/>\n<div class=\"ast-oembed-container \" style=\"height: 100%;\"><iframe loading=\"lazy\" title=\"Presentaci\u00f3 del projecte Canal de Reporters\" width=\"500\" height=\"281\" src=\"https:\/\/www.youtube.com\/embed\/aTzSTNWv4I8?feature=oembed\" frameborder=\"0\" allow=\"accelerometer; autoplay; clipboard-write; encrypted-media; gyroscope; picture-in-picture; web-share\" referrerpolicy=\"strict-origin-when-cross-origin\" allowfullscreen><\/iframe><\/div>\n<\/div>\n<\/div>\n<div><\/div>\n","protected":false},"excerpt":{"rendered":"<p>Canal de Reporters\u00a0treballa per potenciar i recollir produccions period\u00edstiques escrites, radiof\u00f2niques i d\u2019audiovisuals elaborades per l\u2019alumnat dels centres educatius de Catalunya. Per afavorir la difusi\u00f3 d\u2019aquests productes, es posa a disposici\u00f3 dels centres educatius aquesta plataforma. El projecte permet a l\u2019alumnat explicar i entendre el que passa al nostre voltant amb una mirada cr\u00edtica, cercant [&hellip;]<\/p>\n","protected":false},"author":4,"featured_media":18166,"comment_status":"closed","ping_status":"closed","sticky":false,"template":"","format":"standard","meta":{"_bbp_topic_count":0,"_bbp_reply_count":0,"_bbp_total_topic_count":0,"_bbp_total_reply_count":0,"_bbp_voice_count":0,"_bbp_anonymous_reply_count":0,"_bbp_topic_count_hidden":0,"_bbp_reply_count_hidden":0,"_bbp_forum_subforum_count":0,"site-sidebar-layout":"default","site-content-layout":"","ast-site-content-layout":"","site-content-style":"default","site-sidebar-style":"default","ast-global-header-display":"","ast-banner-title-visibility":"","ast-main-header-display":"","ast-hfb-above-header-display":"","ast-hfb-below-header-display":"","ast-hfb-mobile-header-display":"","site-post-title":"","ast-breadcrumbs-content":"","ast-featured-img":"","footer-sml-layout":"","theme-transparent-header-meta":"","adv-header-id-meta":"","stick-header-meta":"","header-above-stick-meta":"","header-main-stick-meta":"","header-below-stick-meta":"","astra-migrate-meta-layouts":"default","ast-page-background-enabled":"default","ast-page-background-meta":{"desktop":{"background-color":"var(--ast-global-color-4)","background-image":"","background-repeat":"repeat","background-position":"center center","background-size":"auto","background-attachment":"scroll","background-type":"","background-media":"","overlay-type":"","overlay-color":"","overlay-opacity":"","overlay-gradient":""},"tablet":{"background-color":"","background-image":"","background-repeat":"repeat","background-position":"center center","background-size":"auto","background-attachment":"scroll","background-type":"","background-media":"","overlay-type":"","overlay-color":"","overlay-opacity":"","overlay-gradient":""},"mobile":{"background-color":"","background-image":"","background-repeat":"repeat","background-position":"center center","background-size":"auto","background-attachment":"scroll","background-type":"","background-media":"","overlay-type":"","overlay-color":"","overlay-opacity":"","overlay-gradient":""}},"ast-content-background-meta":{"desktop":{"background-color":"var(--ast-global-color-5)","background-image":"","background-repeat":"repeat","background-position":"center center","background-size":"auto","background-attachment":"scroll","background-type":"","background-media":"","overlay-type":"","overlay-color":"","overlay-opacity":"","overlay-gradient":""},"tablet":{"background-color":"var(--ast-global-color-5)","background-image":"","background-repeat":"repeat","background-position":"center center","background-size":"auto","background-attachment":"scroll","background-type":"","background-media":"","overlay-type":"","overlay-color":"","overlay-opacity":"","overlay-gradient":""},"mobile":{"background-color":"var(--ast-global-color-5)","background-image":"","background-repeat":"repeat","background-position":"center center","background-size":"auto","background-attachment":"scroll","background-type":"","background-media":"","overlay-type":"","overlay-color":"","overlay-opacity":"","overlay-gradient":""}},"footnotes":""},"categories":[282,1],"tags":[1830,167,236,432,1056,642],"class_list":["post-18165","post","type-post","status-publish","format-standard","has-post-thumbnail","hentry","category-actualitat","category-general","tag-canal-de-reporters","tag-comunicacio-i-llenguatge","tag-llengua-catalana","tag-pensament-critic","tag-periodisme","tag-radio"],"post_mailing_queue_ids":[],"_links":{"self":[{"href":"https:\/\/serveiseducatius.xtec.cat\/altcamp\/wp-json\/wp\/v2\/posts\/18165","targetHints":{"allow":["GET"]}}],"collection":[{"href":"https:\/\/serveiseducatius.xtec.cat\/altcamp\/wp-json\/wp\/v2\/posts"}],"about":[{"href":"https:\/\/serveiseducatius.xtec.cat\/altcamp\/wp-json\/wp\/v2\/types\/post"}],"author":[{"embeddable":true,"href":"https:\/\/serveiseducatius.xtec.cat\/altcamp\/wp-json\/wp\/v2\/users\/4"}],"replies":[{"embeddable":true,"href":"https:\/\/serveiseducatius.xtec.cat\/altcamp\/wp-json\/wp\/v2\/comments?post=18165"}],"version-history":[{"count":2,"href":"https:\/\/serveiseducatius.xtec.cat\/altcamp\/wp-json\/wp\/v2\/posts\/18165\/revisions"}],"predecessor-version":[{"id":18168,"href":"https:\/\/serveiseducatius.xtec.cat\/altcamp\/wp-json\/wp\/v2\/posts\/18165\/revisions\/18168"}],"wp:featuredmedia":[{"embeddable":true,"href":"https:\/\/serveiseducatius.xtec.cat\/altcamp\/wp-json\/wp\/v2\/media\/18166"}],"wp:attachment":[{"href":"https:\/\/serveiseducatius.xtec.cat\/altcamp\/wp-json\/wp\/v2\/media?parent=18165"}],"wp:term":[{"taxonomy":"category","embeddable":true,"href":"https:\/\/serveiseducatius.xtec.cat\/altcamp\/wp-json\/wp\/v2\/categories?post=18165"},{"taxonomy":"post_tag","embeddable":true,"href":"https:\/\/serveiseducatius.xtec.cat\/altcamp\/wp-json\/wp\/v2\/tags?post=18165"}],"curies":[{"name":"wp","href":"https:\/\/api.w.org\/{rel}","templated":true}]}}