{"id":18151,"date":"2025-09-30T13:37:48","date_gmt":"2025-09-30T11:37:48","guid":{"rendered":"https:\/\/serveiseducatius.xtec.cat\/altcamp\/?p=18151"},"modified":"2025-09-30T13:37:48","modified_gmt":"2025-09-30T11:37:48","slug":"calendari-davaluacions-2025-2026","status":"publish","type":"post","link":"https:\/\/serveiseducatius.xtec.cat\/altcamp\/general\/calendari-davaluacions-2025-2026\/","title":{"rendered":"Calendari d&#8217;avaluacions 2025-2026"},"content":{"rendered":"<ul>\n<li class=\"list-item col-12\">\n<div class=\"list-item-wrapper\">\n<div class=\"col icon-col\">\n<div class=\"icon\"><img loading=\"lazy\" decoding=\"async\" class=\"alignleft\" src=\"https:\/\/avaluacioeducativa.gencat.cat\/web\/.content\/avaluacio-educativa\/avaluacions\/calendari\/c-expressio-oral.png_151902841.png\" alt=\"\" width=\"25\" height=\"25\" \/><\/div>\n<\/div>\n<div class=\"col content-col\">\n<p><a class=\"\" title=\"Avaluaci\u00f3 de l'expressi\u00f3 oral\" href=\"https:\/\/avaluacioeducativa.gencat.cat\/ca\/avaluacions\/expressio-oral\/primaria\/\" target=\"_blank\" rel=\"noopener\">Avaluaci\u00f3 de l&#8217;expressi\u00f3 oral<br \/>\n(6\u00e8 de prim\u00e0ria i 4t d&#8217;ESO)<\/a><\/p>\n<div class=\"bloc-mobil\">\n<div class=\"descripcio link-dotted\">\n<p><strong>Dates:\u00a0<\/strong>Del 19 de gener al 20 de febrer de 2026<\/p>\n<p><strong>Univers:<\/strong> Censal<\/p>\n<p><strong>Organisme promotor:<\/strong> Ag\u00e8ncia d&#8217;Avaluaci\u00f3 i Prospectiva de l&#8217;Educaci\u00f3<\/p>\n<\/div>\n<\/div>\n<\/div>\n<\/div>\n<\/li>\n<li class=\"list-item col-12\">\n<div class=\"list-item-wrapper\">\n<div class=\"col icon-col\">\n<div class=\"icon\"><img loading=\"lazy\" decoding=\"async\" class=\"alignleft\" src=\"https:\/\/avaluacioeducativa.gencat.cat\/web\/.content\/avaluacio-educativa\/avaluacions\/calendari\/c-final-etapa.png_151902841.png\" alt=\"\" width=\"28\" height=\"28\" \/><\/div>\n<\/div>\n<div class=\"col content-col\">\n<p><a class=\"\" title=\"Avaluaci\u00f3 de final d'etapa\" href=\"https:\/\/avaluacioeducativa.gencat.cat\/ca\/avaluacions\/final-etapa\/primaria\/\" target=\"_blank\" rel=\"noopener\">Avaluaci\u00f3 de final d&#8217;etapa<br \/>\n(6\u00e8 de prim\u00e0ria i 4t d&#8217;ESO)<\/a><\/p>\n<div class=\"bloc-mobil\">\n<div class=\"descripcio link-dotted\">\n<p><strong>Dates 6\u00e8 de prim\u00e0ria:\u00a0<\/strong>16,17 i 18 de mar\u00e7 de 2026<\/p>\n<p><strong>Dates 4t d&#8217;ESO:<\/strong> 20 i 23 de mar\u00e7 de 2026<\/p>\n<p><strong>Univers:<\/strong>\u00a0Censal<\/p>\n<p><strong>Organisme promotor:<\/strong>\u00a0Ag\u00e8ncia d&#8217;Avaluaci\u00f3 i Prospectiva de l&#8217;Educaci\u00f3<\/p>\n<\/div>\n<\/div>\n<\/div>\n<\/div>\n<\/li>\n<li class=\"list-item col-12\">\n<div class=\"list-item-wrapper\">\n<div class=\"col icon-col\">\n<div class=\"icon\"><img loading=\"lazy\" decoding=\"async\" class=\"alignleft\" src=\"https:\/\/avaluacioeducativa.gencat.cat\/web\/.content\/avaluacio-educativa\/avaluacions\/calendari\/c-diagnostic.png_151902841.png\" alt=\"\" width=\"29\" height=\"29\" \/><\/div>\n<\/div>\n<div class=\"col content-col\">\n<p><a class=\"\" title=\"Avaluaci\u00f3 de diagn\u00f2stic\" href=\"https:\/\/avaluacioeducativa.gencat.cat\/ca\/avaluacions\/diagnostic\/quart-primaria\/\" target=\"_blank\" rel=\"noopener\">Avaluaci\u00f3 de diagn\u00f2stic<br \/>\n(4t de prim\u00e0ria i 2n d&#8217;ESO)<\/a><\/p>\n<div class=\"bloc-mobil\">\n<div class=\"descripcio link-dotted\">\n<p><strong>Dates:\u00a0<\/strong>Del 13 al 17 d&#8217;abril de 2026<\/p>\n<p><strong>Univers:<\/strong> Censal<\/p>\n<p><strong>Organisme promotor:<\/strong> Ag\u00e8ncia d&#8217;Avaluaci\u00f3 i Prospectiva de l&#8217;Educaci\u00f3<\/p>\n<p>&nbsp;<\/p>\n<\/div>\n<\/div>\n<\/div>\n<\/div>\n<\/li>\n<\/ul>\n","protected":false},"excerpt":{"rendered":"<p>Avaluaci\u00f3 de l&#8217;expressi\u00f3 oral (6\u00e8 de prim\u00e0ria i 4t d&#8217;ESO) Dates:\u00a0Del 19 de gener al 20 de febrer de 2026 Univers: Censal Organisme promotor: Ag\u00e8ncia d&#8217;Avaluaci\u00f3 i Prospectiva de l&#8217;Educaci\u00f3 Avaluaci\u00f3 de final d&#8217;etapa (6\u00e8 de prim\u00e0ria i 4t d&#8217;ESO) Dates 6\u00e8 de prim\u00e0ria:\u00a016,17 i 18 de mar\u00e7 de 2026 Dates 4t d&#8217;ESO: 20 i [&hellip;]<\/p>\n","protected":false},"author":4,"featured_media":18152,"comment_status":"closed","ping_status":"closed","sticky":false,"template":"","format":"standard","meta":{"_bbp_topic_count":0,"_bbp_reply_count":0,"_bbp_total_topic_count":0,"_bbp_total_reply_count":0,"_bbp_voice_count":0,"_bbp_anonymous_reply_count":0,"_bbp_topic_count_hidden":0,"_bbp_reply_count_hidden":0,"_bbp_forum_subforum_count":0,"site-sidebar-layout":"default","site-content-layout":"","ast-site-content-layout":"","site-content-style":"default","site-sidebar-style":"default","ast-global-header-display":"","ast-banner-title-visibility":"","ast-main-header-display":"","ast-hfb-above-header-display":"","ast-hfb-below-header-display":"","ast-hfb-mobile-header-display":"","site-post-title":"","ast-breadcrumbs-content":"","ast-featured-img":"","footer-sml-layout":"","theme-transparent-header-meta":"","adv-header-id-meta":"","stick-header-meta":"","header-above-stick-meta":"","header-main-stick-meta":"","header-below-stick-meta":"","astra-migrate-meta-layouts":"default","ast-page-background-enabled":"default","ast-page-background-meta":{"desktop":{"background-color":"var(--ast-global-color-4)","background-image":"","background-repeat":"repeat","background-position":"center center","background-size":"auto","background-attachment":"scroll","background-type":"","background-media":"","overlay-type":"","overlay-color":"","overlay-opacity":"","overlay-gradient":""},"tablet":{"background-color":"","background-image":"","background-repeat":"repeat","background-position":"center center","background-size":"auto","background-attachment":"scroll","background-type":"","background-media":"","overlay-type":"","overlay-color":"","overlay-opacity":"","overlay-gradient":""},"mobile":{"background-color":"","background-image":"","background-repeat":"repeat","background-position":"center center","background-size":"auto","background-attachment":"scroll","background-type":"","background-media":"","overlay-type":"","overlay-color":"","overlay-opacity":"","overlay-gradient":""}},"ast-content-background-meta":{"desktop":{"background-color":"var(--ast-global-color-5)","background-image":"","background-repeat":"repeat","background-position":"center center","background-size":"auto","background-attachment":"scroll","background-type":"","background-media":"","overlay-type":"","overlay-color":"","overlay-opacity":"","overlay-gradient":""},"tablet":{"background-color":"var(--ast-global-color-5)","background-image":"","background-repeat":"repeat","background-position":"center center","background-size":"auto","background-attachment":"scroll","background-type":"","background-media":"","overlay-type":"","overlay-color":"","overlay-opacity":"","overlay-gradient":""},"mobile":{"background-color":"var(--ast-global-color-5)","background-image":"","background-repeat":"repeat","background-position":"center center","background-size":"auto","background-attachment":"scroll","background-type":"","background-media":"","overlay-type":"","overlay-color":"","overlay-opacity":"","overlay-gradient":""}},"footnotes":""},"categories":[282,1],"tags":[194,1829],"class_list":["post-18151","post","type-post","status-publish","format-standard","has-post-thumbnail","hentry","category-actualitat","category-general","tag-avaluacio","tag-proves-diagnostiques"],"post_mailing_queue_ids":[],"_links":{"self":[{"href":"https:\/\/serveiseducatius.xtec.cat\/altcamp\/wp-json\/wp\/v2\/posts\/18151","targetHints":{"allow":["GET"]}}],"collection":[{"href":"https:\/\/serveiseducatius.xtec.cat\/altcamp\/wp-json\/wp\/v2\/posts"}],"about":[{"href":"https:\/\/serveiseducatius.xtec.cat\/altcamp\/wp-json\/wp\/v2\/types\/post"}],"author":[{"embeddable":true,"href":"https:\/\/serveiseducatius.xtec.cat\/altcamp\/wp-json\/wp\/v2\/users\/4"}],"replies":[{"embeddable":true,"href":"https:\/\/serveiseducatius.xtec.cat\/altcamp\/wp-json\/wp\/v2\/comments?post=18151"}],"version-history":[{"count":1,"href":"https:\/\/serveiseducatius.xtec.cat\/altcamp\/wp-json\/wp\/v2\/posts\/18151\/revisions"}],"predecessor-version":[{"id":18153,"href":"https:\/\/serveiseducatius.xtec.cat\/altcamp\/wp-json\/wp\/v2\/posts\/18151\/revisions\/18153"}],"wp:featuredmedia":[{"embeddable":true,"href":"https:\/\/serveiseducatius.xtec.cat\/altcamp\/wp-json\/wp\/v2\/media\/18152"}],"wp:attachment":[{"href":"https:\/\/serveiseducatius.xtec.cat\/altcamp\/wp-json\/wp\/v2\/media?parent=18151"}],"wp:term":[{"taxonomy":"category","embeddable":true,"href":"https:\/\/serveiseducatius.xtec.cat\/altcamp\/wp-json\/wp\/v2\/categories?post=18151"},{"taxonomy":"post_tag","embeddable":true,"href":"https:\/\/serveiseducatius.xtec.cat\/altcamp\/wp-json\/wp\/v2\/tags?post=18151"}],"curies":[{"name":"wp","href":"https:\/\/api.w.org\/{rel}","templated":true}]}}