{"id":17978,"date":"2025-07-03T08:51:28","date_gmt":"2025-07-03T06:51:28","guid":{"rendered":"https:\/\/serveiseducatius.xtec.cat\/altcamp\/?p=17978"},"modified":"2025-07-03T08:51:28","modified_gmt":"2025-07-03T06:51:28","slug":"programa-pcmat-curs-2025-26","status":"publish","type":"post","link":"https:\/\/serveiseducatius.xtec.cat\/altcamp\/general\/programa-pcmat-curs-2025-26\/","title":{"rendered":"Programa PCMAT curs 2025-26"},"content":{"rendered":"<div class=\"ast-oembed-container \" style=\"height: 100%;\"><iframe loading=\"lazy\" title=\"Presentaci\u00f3 del programa PCMAT\" width=\"500\" height=\"281\" src=\"https:\/\/www.youtube.com\/embed\/X2eVHeLl5ig?feature=oembed\" frameborder=\"0\" allow=\"accelerometer; autoplay; clipboard-write; encrypted-media; gyroscope; picture-in-picture; web-share\" referrerpolicy=\"strict-origin-when-cross-origin\" allowfullscreen><\/iframe><\/div>\n<p><a href=\"https:\/\/espai.educacio.gencat.cat\/Departament\/Comunicacio\/Noticies\/SiteAssets\/Pagines\/Mentories_PCMAT\/Guia%20del%20Programa%20temporal%20mentories%20PCMAT.pdf\" target=\"_blank\" rel=\"noreferrer noopener\">Guia del programa PCMAT<\/a><\/p>\n<p><a href=\"https:\/\/documents.espai.educacio.gencat.cat\/IPCNormativa\/DisposicionsInternes\/20250523_Resoluci%C3%B3_mentories_PCMAT.pdf\" target=\"_blank\" rel=\"noreferrer noopener\">Resoluci\u00f3 de creaci\u00f3 de les mentories<\/a><\/p>\n<p>El\u00a0curs 2025-2026 s\u2019inicia el <strong>Programa temporal m\u200bentories PCMAT<\/strong>, una iniciativa que s\u2019emmarca dins del desplegament del programa\u00a0\u201cC\u00f3digo Escuela 4.0\u2033, impulsat pel Ministeri d\u2019Educaci\u00f3, Formaci\u00f3 Professional i Esports i coordinat pel Departament d\u2019Educaci\u00f3 i Formaci\u00f3 Professional de la Generalitat de Catalunya.\u200b<\/p>\n<p>Est\u00e0 destinat a CS de centres de prim\u00e0ria que poden millorar la compet\u00e8ncia matem\u00e0tica de l\u2019alumnat a trav\u00e9s del <strong>pensament computacional<\/strong>, la\u00a0<strong>programaci\u00f3<\/strong>\u00a0i la\u00a0<strong>rob\u00f2tica educativa<\/strong>, amb un\u00a0<strong>acompanyament intensiu i personalitzat<\/strong>\u00a0per al professorat.<\/p>\n","protected":false},"excerpt":{"rendered":"<p>Guia del programa PCMAT Resoluci\u00f3 de creaci\u00f3 de les mentories El\u00a0curs 2025-2026 s\u2019inicia el Programa temporal m\u200bentories PCMAT, una iniciativa que s\u2019emmarca dins del desplegament del programa\u00a0\u201cC\u00f3digo Escuela 4.0\u2033, impulsat pel Ministeri d\u2019Educaci\u00f3, Formaci\u00f3 Professional i Esports i coordinat pel Departament d\u2019Educaci\u00f3 i Formaci\u00f3 Professional de la Generalitat de Catalunya.\u200b Est\u00e0 destinat a CS de [&hellip;]<\/p>\n","protected":false},"author":4,"featured_media":17981,"comment_status":"closed","ping_status":"closed","sticky":false,"template":"","format":"standard","meta":{"_bbp_topic_count":0,"_bbp_reply_count":0,"_bbp_total_topic_count":0,"_bbp_total_reply_count":0,"_bbp_voice_count":0,"_bbp_anonymous_reply_count":0,"_bbp_topic_count_hidden":0,"_bbp_reply_count_hidden":0,"_bbp_forum_subforum_count":0,"site-sidebar-layout":"default","site-content-layout":"","ast-site-content-layout":"","site-content-style":"default","site-sidebar-style":"default","ast-global-header-display":"","ast-banner-title-visibility":"","ast-main-header-display":"","ast-hfb-above-header-display":"","ast-hfb-below-header-display":"","ast-hfb-mobile-header-display":"","site-post-title":"","ast-breadcrumbs-content":"","ast-featured-img":"","footer-sml-layout":"","theme-transparent-header-meta":"","adv-header-id-meta":"","stick-header-meta":"","header-above-stick-meta":"","header-main-stick-meta":"","header-below-stick-meta":"","astra-migrate-meta-layouts":"default","ast-page-background-enabled":"default","ast-page-background-meta":{"desktop":{"background-color":"var(--ast-global-color-4)","background-image":"","background-repeat":"repeat","background-position":"center center","background-size":"auto","background-attachment":"scroll","background-type":"","background-media":"","overlay-type":"","overlay-color":"","overlay-opacity":"","overlay-gradient":""},"tablet":{"background-color":"","background-image":"","background-repeat":"repeat","background-position":"center center","background-size":"auto","background-attachment":"scroll","background-type":"","background-media":"","overlay-type":"","overlay-color":"","overlay-opacity":"","overlay-gradient":""},"mobile":{"background-color":"","background-image":"","background-repeat":"repeat","background-position":"center center","background-size":"auto","background-attachment":"scroll","background-type":"","background-media":"","overlay-type":"","overlay-color":"","overlay-opacity":"","overlay-gradient":""}},"ast-content-background-meta":{"desktop":{"background-color":"var(--ast-global-color-5)","background-image":"","background-repeat":"repeat","background-position":"center center","background-size":"auto","background-attachment":"scroll","background-type":"","background-media":"","overlay-type":"","overlay-color":"","overlay-opacity":"","overlay-gradient":""},"tablet":{"background-color":"var(--ast-global-color-5)","background-image":"","background-repeat":"repeat","background-position":"center center","background-size":"auto","background-attachment":"scroll","background-type":"","background-media":"","overlay-type":"","overlay-color":"","overlay-opacity":"","overlay-gradient":""},"mobile":{"background-color":"var(--ast-global-color-5)","background-image":"","background-repeat":"repeat","background-position":"center center","background-size":"auto","background-attachment":"scroll","background-type":"","background-media":"","overlay-type":"","overlay-color":"","overlay-opacity":"","overlay-gradient":""}},"footnotes":""},"categories":[282,1],"tags":[1641,41,977,1819],"class_list":["post-17978","post","type-post","status-publish","format-standard","has-post-thumbnail","hentry","category-actualitat","category-general","tag-competencia-matematica","tag-matematiques","tag-programes","tag-reforc-de-les-matematiques"],"post_mailing_queue_ids":[],"_links":{"self":[{"href":"https:\/\/serveiseducatius.xtec.cat\/altcamp\/wp-json\/wp\/v2\/posts\/17978","targetHints":{"allow":["GET"]}}],"collection":[{"href":"https:\/\/serveiseducatius.xtec.cat\/altcamp\/wp-json\/wp\/v2\/posts"}],"about":[{"href":"https:\/\/serveiseducatius.xtec.cat\/altcamp\/wp-json\/wp\/v2\/types\/post"}],"author":[{"embeddable":true,"href":"https:\/\/serveiseducatius.xtec.cat\/altcamp\/wp-json\/wp\/v2\/users\/4"}],"replies":[{"embeddable":true,"href":"https:\/\/serveiseducatius.xtec.cat\/altcamp\/wp-json\/wp\/v2\/comments?post=17978"}],"version-history":[{"count":1,"href":"https:\/\/serveiseducatius.xtec.cat\/altcamp\/wp-json\/wp\/v2\/posts\/17978\/revisions"}],"predecessor-version":[{"id":17982,"href":"https:\/\/serveiseducatius.xtec.cat\/altcamp\/wp-json\/wp\/v2\/posts\/17978\/revisions\/17982"}],"wp:featuredmedia":[{"embeddable":true,"href":"https:\/\/serveiseducatius.xtec.cat\/altcamp\/wp-json\/wp\/v2\/media\/17981"}],"wp:attachment":[{"href":"https:\/\/serveiseducatius.xtec.cat\/altcamp\/wp-json\/wp\/v2\/media?parent=17978"}],"wp:term":[{"taxonomy":"category","embeddable":true,"href":"https:\/\/serveiseducatius.xtec.cat\/altcamp\/wp-json\/wp\/v2\/categories?post=17978"},{"taxonomy":"post_tag","embeddable":true,"href":"https:\/\/serveiseducatius.xtec.cat\/altcamp\/wp-json\/wp\/v2\/tags?post=17978"}],"curies":[{"name":"wp","href":"https:\/\/api.w.org\/{rel}","templated":true}]}}