{"id":17900,"date":"2025-06-27T10:54:58","date_gmt":"2025-06-27T08:54:58","guid":{"rendered":"https:\/\/serveiseducatius.xtec.cat\/altcamp\/?p=17900"},"modified":"2025-06-27T10:54:58","modified_gmt":"2025-06-27T08:54:58","slug":"violencies-sexuals-en-infancia-i-adolescencia","status":"publish","type":"post","link":"https:\/\/serveiseducatius.xtec.cat\/altcamp\/actualitat\/violencies-sexuals-en-infancia-i-adolescencia\/","title":{"rendered":"Viol\u00e8ncies sexuals en inf\u00e0ncia i adolesc\u00e8ncia"},"content":{"rendered":"<p><a href=\"https:\/\/dixit.gencat.cat\/web\/.content\/home\/04recursos\/02publicacions\/02publicacions_de_bsf\/04_familia_infancia_adolescencia\/violencies_sexuals_infancia_adolescencia\/violencies_sexuals_infancia_adolescencia.pdf\" target=\"_blank\" rel=\"noopener\"><img loading=\"lazy\" decoding=\"async\" class=\"alignleft wp-image-17901\" src=\"https:\/\/serveiseducatius.xtec.cat\/altcamp\/wp-content\/uploads\/usu1130\/2025\/05\/Violencies-sexuals-infants-adolescents.jpg\" alt=\"\" width=\"455\" height=\"456\" srcset=\"https:\/\/serveiseducatius.xtec.cat\/altcamp\/wp-content\/uploads\/usu1130\/2025\/05\/Violencies-sexuals-infants-adolescents.jpg 977w, https:\/\/serveiseducatius.xtec.cat\/altcamp\/wp-content\/uploads\/usu1130\/2025\/05\/Violencies-sexuals-infants-adolescents-300x300.jpg 300w, https:\/\/serveiseducatius.xtec.cat\/altcamp\/wp-content\/uploads\/usu1130\/2025\/05\/Violencies-sexuals-infants-adolescents-150x150.jpg 150w, https:\/\/serveiseducatius.xtec.cat\/altcamp\/wp-content\/uploads\/usu1130\/2025\/05\/Violencies-sexuals-infants-adolescents-768x770.jpg 768w\" sizes=\"auto, (max-width: 455px) 100vw, 455px\" \/><\/a><\/p>\n<p><a href=\"https:\/\/dixit.gencat.cat\/web\/.content\/home\/04recursos\/02publicacions\/02publicacions_de_bsf\/04_familia_infancia_adolescencia\/violencies_sexuals_infancia_adolescencia\/violencies_sexuals_infancia_adolescencia.pdf\" target=\"_blank\" rel=\"noopener\"><strong>\u2192Viol\u00e8ncies sexuals en inf\u00e0ncia i adolesc\u00e8ncia<\/strong><\/a><\/p>\n<p>Garantir el dret dels infants i adolescents a no ser agredits comporta assegurar que les agressions sexuals causades per adolescents a altres persones menors d\u2019edat no quedin impunes, partint de la base que les accions sobre aquests adolescents s\u2019han de dirigir clarament a contribuir a la reparaci\u00f3, a prendre consci\u00e8ncia de l\u2019acci\u00f3 i a evitar la reincid\u00e8ncia.<\/p>\n<p>Aquest informe vol contribuir a comprendre la situaci\u00f3 actual de la viol\u00e8ncia sexual contra la inf\u00e0ncia i l\u2019adolesc\u00e8ncia, en particular pel que fa a recents episodis d\u2019agressions a persones menors d\u2019edat causades per altres persones menors de tretze anys o menys \u2013\u00e9s a dir, que per l\u2019edat s\u00f3n inimputables\u2013, i aportar un marc orientatiu i propostes per abordar-la.<\/p>\n<p><a href=\"https:\/\/dixit.gencat.cat\/web\/.content\/home\/04recursos\/02publicacions\/02publicacions_de_bsf\/04_familia_infancia_adolescencia\/violencies_sexuals_infancia_adolescencia\/violencies_sexuals_infancia_adolescencia.pdf\" target=\"_blank\" rel=\"noopener\"><strong>Enlla\u00e7<\/strong><\/a> a l&#8217;informe en PDF<\/p>\n<hr \/>\n<p><a href=\"https:\/\/ateneu.xtec.cat\/wikiform\/wikiexport\/cmd\/eif\/pvm\/index\" target=\"_blank\" rel=\"noopener\"><img loading=\"lazy\" decoding=\"async\" class=\"alignleft wp-image-17969\" src=\"https:\/\/serveiseducatius.xtec.cat\/altcamp\/wp-content\/uploads\/usu1130\/2025\/06\/Prevencio-violencia-masclista-ambit-educatiu.jpg\" alt=\"\" width=\"460\" height=\"460\" srcset=\"https:\/\/serveiseducatius.xtec.cat\/altcamp\/wp-content\/uploads\/usu1130\/2025\/06\/Prevencio-violencia-masclista-ambit-educatiu.jpg 900w, https:\/\/serveiseducatius.xtec.cat\/altcamp\/wp-content\/uploads\/usu1130\/2025\/06\/Prevencio-violencia-masclista-ambit-educatiu-300x300.jpg 300w, https:\/\/serveiseducatius.xtec.cat\/altcamp\/wp-content\/uploads\/usu1130\/2025\/06\/Prevencio-violencia-masclista-ambit-educatiu-150x150.jpg 150w, https:\/\/serveiseducatius.xtec.cat\/altcamp\/wp-content\/uploads\/usu1130\/2025\/06\/Prevencio-violencia-masclista-ambit-educatiu-768x768.jpg 768w\" sizes=\"auto, (max-width: 460px) 100vw, 460px\" \/><\/a><\/p>\n<p>La coeducaci\u00f3 i la prevenci\u00f3 de les viol\u00e8ncies masclistes s\u00f3n eixos clau per a construir una escola m\u00e9s justa, segura i equitativa. Des d\u2019aquesta mirada transformadora, l\u2019Ateneu de Formaci\u00f3 Docent posa a disposici\u00f3 del professorat un recurs espec\u00edfic de prevenci\u00f3 de les viol\u00e8ncies masclistes en l\u2019\u00e0mbit educatiu:<br \/>\n<a href=\"https:\/\/ateneu.xtec.cat\/wikiform\/wikiexport\/cmd\/eif\/pvm\/index\" target=\"_blank\" rel=\"noreferrer noopener\" data-type=\"link\" data-id=\"https:\/\/ateneu.xtec.cat\/wikiform\/wikiexport\/cmd\/eif\/pvm\/index\">https:\/\/ateneu.xtec.cat\/wikiform\/wikiexport\/cmd\/eif\/pvm\/index<\/a><\/p>\n<p>Una proposta educativa compromesa<\/p>\n<p>Aquest espai ofereix orientacions, recursos i activitats per a abordar la prevenci\u00f3 de les viol\u00e8ncies masclistes a l\u2019aula i al centre des d\u2019un enfocament educatiu, integral i transversal. S\u2019adre\u00e7a principalment al professorat d\u2019Educaci\u00f3 Infantil, Prim\u00e0ria i Secund\u00e0ria i es fonamenta en els principis de <strong>coeducaci\u00f3, respecte, igualtat i drets humans.<\/strong><\/p>\n<p>Qu\u00e8 hi trobareu?<\/p>\n<p>Marc conceptual sobre les viol\u00e8ncies masclistes, amb una mirada pedag\u00f2gica.<br \/>\nEstrat\u00e8gies per a la detecci\u00f3, prevenci\u00f3 i actuaci\u00f3 davant situacions de viol\u00e8ncia o desigualtat.<br \/>\nMaterials i propostes did\u00e0ctiques per a treballar a l\u2019aula.<br \/>\nBones pr\u00e0ctiques i experi\u00e8ncies de centres educatius.<br \/>\nEines per a repensar els espais, els llenguatges i els rols de g\u00e8nere dins l\u2019escola.<\/p>\n<p>La prevenci\u00f3 de les viol\u00e8ncies masclistes \u00e9s una responsabilitat col\u00b7lectiva i una aposta educativa. Aquest recurs de l\u2019Ateneu esdev\u00e9 una eina \u00fatil per als centres que volen avan\u00e7ar cap a una escola m\u00e9s segura, inclusiva i respectuosa amb totes les identitats.<\/p>\n<hr \/>\n<blockquote class=\"wp-embedded-content\" data-secret=\"5AB7gM7IXk\"><p><a href=\"https:\/\/serveiseducatius.xtec.cat\/altcamp\/actualitat\/que-fem-amb-qui-exerceix-la-violencia-masclista\/\">Qu\u00e8 fem amb qui exerceix la viol\u00e8ncia masclista?<\/a><\/p><\/blockquote>\n<p><iframe loading=\"lazy\" class=\"wp-embedded-content\" sandbox=\"allow-scripts\" security=\"restricted\" style=\"position: absolute; visibility: hidden;\" title=\"&#8220;Qu\u00e8 fem amb qui exerceix la viol\u00e8ncia masclista?&#8221; &#8212; Servei Educatiu de l&#039;Alt Camp\" src=\"https:\/\/serveiseducatius.xtec.cat\/altcamp\/actualitat\/que-fem-amb-qui-exerceix-la-violencia-masclista\/embed\/#?secret=Rno7wirwuP#?secret=5AB7gM7IXk\" data-secret=\"5AB7gM7IXk\" width=\"500\" height=\"282\" frameborder=\"0\" marginwidth=\"0\" marginheight=\"0\" scrolling=\"no\"><\/iframe><\/p>\n<blockquote class=\"wp-embedded-content\" data-secret=\"GDn4nubTAb\"><p><a href=\"https:\/\/serveiseducatius.xtec.cat\/altcamp\/actualitat\/com-denunciar-la-violencia-a-lescola\/\">Com denunciar la viol\u00e8ncia a l&#8217;escola?<\/a><\/p><\/blockquote>\n<p><iframe loading=\"lazy\" class=\"wp-embedded-content\" sandbox=\"allow-scripts\" security=\"restricted\" style=\"position: absolute; visibility: hidden;\" title=\"&#8220;Com denunciar la viol\u00e8ncia a l&#8217;escola?&#8221; &#8212; Servei Educatiu de l&#039;Alt Camp\" src=\"https:\/\/serveiseducatius.xtec.cat\/altcamp\/actualitat\/com-denunciar-la-violencia-a-lescola\/embed\/#?secret=9ACEqL43WS#?secret=GDn4nubTAb\" data-secret=\"GDn4nubTAb\" width=\"500\" height=\"282\" frameborder=\"0\" marginwidth=\"0\" marginheight=\"0\" scrolling=\"no\"><\/iframe><\/p>\n<blockquote class=\"wp-embedded-content\" data-secret=\"y3cbEYOxTv\"><p><a href=\"https:\/\/serveiseducatius.xtec.cat\/altcamp\/actualitat\/violencia-contra-les-dones-recursos-educatius\/\">Viol\u00e8ncia contra les dones. Recursos educatius<\/a><\/p><\/blockquote>\n<p><iframe loading=\"lazy\" class=\"wp-embedded-content\" sandbox=\"allow-scripts\" security=\"restricted\" style=\"position: absolute; visibility: hidden;\" title=\"&#8220;Viol\u00e8ncia contra les dones. Recursos educatius&#8221; &#8212; Servei Educatiu de l&#039;Alt Camp\" src=\"https:\/\/serveiseducatius.xtec.cat\/altcamp\/actualitat\/violencia-contra-les-dones-recursos-educatius\/embed\/#?secret=5cvfir4rRJ#?secret=y3cbEYOxTv\" data-secret=\"y3cbEYOxTv\" width=\"500\" height=\"282\" frameborder=\"0\" marginwidth=\"0\" marginheight=\"0\" scrolling=\"no\"><\/iframe><\/p>\n<blockquote class=\"wp-embedded-content\" data-secret=\"Pg0cGtLTgQ\"><p><a href=\"https:\/\/serveiseducatius.xtec.cat\/altcamp\/recursos\/recomanem\/assegurat\/\">Assegura&#8217;t!<\/a><\/p><\/blockquote>\n<p><iframe loading=\"lazy\" class=\"wp-embedded-content\" sandbox=\"allow-scripts\" security=\"restricted\" style=\"position: absolute; visibility: hidden;\" title=\"&#8220;Assegura&#8217;t!&#8221; &#8212; Servei Educatiu de l&#039;Alt Camp\" src=\"https:\/\/serveiseducatius.xtec.cat\/altcamp\/recursos\/recomanem\/assegurat\/embed\/#?secret=DjZTbJpMx2#?secret=Pg0cGtLTgQ\" data-secret=\"Pg0cGtLTgQ\" width=\"500\" height=\"282\" frameborder=\"0\" marginwidth=\"0\" marginheight=\"0\" scrolling=\"no\"><\/iframe><\/p>\n<blockquote class=\"wp-embedded-content\" data-secret=\"KEsY1lqJPs\"><p><a href=\"https:\/\/serveiseducatius.xtec.cat\/altcamp\/recursos\/recomanem\/perque-lestimo\/\">Perqu\u00e8 l&#8217;estimo<\/a><\/p><\/blockquote>\n<p><iframe loading=\"lazy\" class=\"wp-embedded-content\" sandbox=\"allow-scripts\" security=\"restricted\" style=\"position: absolute; visibility: hidden;\" title=\"&#8220;Perqu\u00e8 l&#8217;estimo&#8221; &#8212; Servei Educatiu de l&#039;Alt Camp\" src=\"https:\/\/serveiseducatius.xtec.cat\/altcamp\/recursos\/recomanem\/perque-lestimo\/embed\/#?secret=7K8FjbYNIg#?secret=KEsY1lqJPs\" data-secret=\"KEsY1lqJPs\" width=\"500\" height=\"282\" frameborder=\"0\" marginwidth=\"0\" marginheight=\"0\" scrolling=\"no\"><\/iframe><\/p>\n<blockquote class=\"wp-embedded-content\" data-secret=\"4B9jnmcLjU\"><p><a href=\"https:\/\/serveiseducatius.xtec.cat\/altcamp\/recursos\/recomanem\/com-classificar-les-diferents-violencies-masclistes\/\">Classificar les diferents viol\u00e8ncies masclistes<\/a><\/p><\/blockquote>\n<p><iframe loading=\"lazy\" class=\"wp-embedded-content\" sandbox=\"allow-scripts\" security=\"restricted\" style=\"position: absolute; visibility: hidden;\" title=\"&#8220;Classificar les diferents viol\u00e8ncies masclistes&#8221; &#8212; Servei Educatiu de l&#039;Alt Camp\" src=\"https:\/\/serveiseducatius.xtec.cat\/altcamp\/recursos\/recomanem\/com-classificar-les-diferents-violencies-masclistes\/embed\/#?secret=SBZi8V5fUm#?secret=4B9jnmcLjU\" data-secret=\"4B9jnmcLjU\" width=\"500\" height=\"282\" frameborder=\"0\" marginwidth=\"0\" marginheight=\"0\" scrolling=\"no\"><\/iframe><\/p>\n","protected":false},"excerpt":{"rendered":"<p>\u2192Viol\u00e8ncies sexuals en inf\u00e0ncia i adolesc\u00e8ncia Garantir el dret dels infants i adolescents a no ser agredits comporta assegurar que les agressions sexuals causades per adolescents a altres persones menors d\u2019edat no quedin impunes, partint de la base que les accions sobre aquests adolescents s\u2019han de dirigir clarament a contribuir a la reparaci\u00f3, a prendre [&hellip;]<\/p>\n","protected":false},"author":4,"featured_media":17901,"comment_status":"closed","ping_status":"closed","sticky":false,"template":"","format":"standard","meta":{"_bbp_topic_count":0,"_bbp_reply_count":0,"_bbp_total_topic_count":0,"_bbp_total_reply_count":0,"_bbp_voice_count":0,"_bbp_anonymous_reply_count":0,"_bbp_topic_count_hidden":0,"_bbp_reply_count_hidden":0,"_bbp_forum_subforum_count":0,"site-sidebar-layout":"default","site-content-layout":"","ast-site-content-layout":"","site-content-style":"default","site-sidebar-style":"default","ast-global-header-display":"","ast-banner-title-visibility":"","ast-main-header-display":"","ast-hfb-above-header-display":"","ast-hfb-below-header-display":"","ast-hfb-mobile-header-display":"","site-post-title":"","ast-breadcrumbs-content":"","ast-featured-img":"","footer-sml-layout":"","theme-transparent-header-meta":"","adv-header-id-meta":"","stick-header-meta":"","header-above-stick-meta":"","header-main-stick-meta":"","header-below-stick-meta":"","astra-migrate-meta-layouts":"default","ast-page-background-enabled":"default","ast-page-background-meta":{"desktop":{"background-color":"var(--ast-global-color-4)","background-image":"","background-repeat":"repeat","background-position":"center center","background-size":"auto","background-attachment":"scroll","background-type":"","background-media":"","overlay-type":"","overlay-color":"","overlay-opacity":"","overlay-gradient":""},"tablet":{"background-color":"","background-image":"","background-repeat":"repeat","background-position":"center center","background-size":"auto","background-attachment":"scroll","background-type":"","background-media":"","overlay-type":"","overlay-color":"","overlay-opacity":"","overlay-gradient":""},"mobile":{"background-color":"","background-image":"","background-repeat":"repeat","background-position":"center center","background-size":"auto","background-attachment":"scroll","background-type":"","background-media":"","overlay-type":"","overlay-color":"","overlay-opacity":"","overlay-gradient":""}},"ast-content-background-meta":{"desktop":{"background-color":"var(--ast-global-color-5)","background-image":"","background-repeat":"repeat","background-position":"center center","background-size":"auto","background-attachment":"scroll","background-type":"","background-media":"","overlay-type":"","overlay-color":"","overlay-opacity":"","overlay-gradient":""},"tablet":{"background-color":"var(--ast-global-color-5)","background-image":"","background-repeat":"repeat","background-position":"center center","background-size":"auto","background-attachment":"scroll","background-type":"","background-media":"","overlay-type":"","overlay-color":"","overlay-opacity":"","overlay-gradient":""},"mobile":{"background-color":"var(--ast-global-color-5)","background-image":"","background-repeat":"repeat","background-position":"center center","background-size":"auto","background-attachment":"scroll","background-type":"","background-media":"","overlay-type":"","overlay-color":"","overlay-opacity":"","overlay-gradient":""}},"footnotes":""},"categories":[282,287],"tags":[393,295,426,355,292,439,349,410,479,207,304,601,480,1678,481],"class_list":["post-17900","post","type-post","status-publish","format-standard","has-post-thumbnail","hentry","category-actualitat","category-recomanem","tag-adolescencia","tag-assetjament","tag-coeducacio","tag-drets-humans","tag-eso","tag-feminisme","tag-igualtat-de-genere","tag-infancia","tag-masclisme","tag-professorat","tag-tecnologia","tag-violencia-de-genere","tag-violencia-masclista","tag-violencies-sexuals","tag-xarxes-socials"],"post_mailing_queue_ids":[],"_links":{"self":[{"href":"https:\/\/serveiseducatius.xtec.cat\/altcamp\/wp-json\/wp\/v2\/posts\/17900","targetHints":{"allow":["GET"]}}],"collection":[{"href":"https:\/\/serveiseducatius.xtec.cat\/altcamp\/wp-json\/wp\/v2\/posts"}],"about":[{"href":"https:\/\/serveiseducatius.xtec.cat\/altcamp\/wp-json\/wp\/v2\/types\/post"}],"author":[{"embeddable":true,"href":"https:\/\/serveiseducatius.xtec.cat\/altcamp\/wp-json\/wp\/v2\/users\/4"}],"replies":[{"embeddable":true,"href":"https:\/\/serveiseducatius.xtec.cat\/altcamp\/wp-json\/wp\/v2\/comments?post=17900"}],"version-history":[{"count":2,"href":"https:\/\/serveiseducatius.xtec.cat\/altcamp\/wp-json\/wp\/v2\/posts\/17900\/revisions"}],"predecessor-version":[{"id":17970,"href":"https:\/\/serveiseducatius.xtec.cat\/altcamp\/wp-json\/wp\/v2\/posts\/17900\/revisions\/17970"}],"wp:featuredmedia":[{"embeddable":true,"href":"https:\/\/serveiseducatius.xtec.cat\/altcamp\/wp-json\/wp\/v2\/media\/17901"}],"wp:attachment":[{"href":"https:\/\/serveiseducatius.xtec.cat\/altcamp\/wp-json\/wp\/v2\/media?parent=17900"}],"wp:term":[{"taxonomy":"category","embeddable":true,"href":"https:\/\/serveiseducatius.xtec.cat\/altcamp\/wp-json\/wp\/v2\/categories?post=17900"},{"taxonomy":"post_tag","embeddable":true,"href":"https:\/\/serveiseducatius.xtec.cat\/altcamp\/wp-json\/wp\/v2\/tags?post=17900"}],"curies":[{"name":"wp","href":"https:\/\/api.w.org\/{rel}","templated":true}]}}