{"id":17847,"date":"2025-05-15T11:17:28","date_gmt":"2025-05-15T09:17:28","guid":{"rendered":"https:\/\/serveiseducatius.xtec.cat\/altcamp\/?p=17847"},"modified":"2025-05-15T11:17:28","modified_gmt":"2025-05-15T09:17:28","slug":"pacte-nacional-per-la-llengua","status":"publish","type":"post","link":"https:\/\/serveiseducatius.xtec.cat\/altcamp\/actualitat\/pacte-nacional-per-la-llengua\/","title":{"rendered":"Pacte Nacional per la Llengua"},"content":{"rendered":"<p><a href=\"https:\/\/llengua.gencat.cat\/web\/.content\/temes\/pacte-nacional-per-la-llengua\/pacte-nacional-per-la-llengua.pdf\" target=\"_blank\" rel=\"noopener\"><img loading=\"lazy\" decoding=\"async\" class=\"wp-image-17848 alignleft\" src=\"https:\/\/serveiseducatius.xtec.cat\/altcamp\/wp-content\/uploads\/usu1130\/2025\/05\/Pacte-nacional-llengua.jpg\" alt=\"\" width=\"432\" height=\"476\" srcset=\"https:\/\/serveiseducatius.xtec.cat\/altcamp\/wp-content\/uploads\/usu1130\/2025\/05\/Pacte-nacional-llengua.jpg 724w, https:\/\/serveiseducatius.xtec.cat\/altcamp\/wp-content\/uploads\/usu1130\/2025\/05\/Pacte-nacional-llengua-272x300.jpg 272w\" sizes=\"auto, (max-width: 432px) 100vw, 432px\" \/><\/a><\/p>\n<p><a href=\"https:\/\/llengua.gencat.cat\/web\/.content\/temes\/pacte-nacional-per-la-llengua\/pacte-nacional-per-la-llengua.pdf\" target=\"_blank\" rel=\"noopener\"><strong>\u2192Pacte Nacional per la Llengua<\/strong><\/a><\/p>\n<p>La societat est\u00e0 evolucionant r\u00e0pidament, i tot i els assoliments innegables, hi ha nombrosos indicadors que mostren una tend\u00e8ncia negativa en l\u2019\u00fas i coneixement de la llengua. La situaci\u00f3 del catal\u00e0 \u00e9s complexa, i ara cal\u00a0 pensar en el seu present i futur. Com a societat i com a pa\u00eds, hem de tenir la capacitat d&#8217;actualitzar i modernitzar les eines que l\u2019han fet progressar fins ara. \u00c9s en aquest context que s&#8217;ha assolit el Pacte Nacional per la Llengua.<\/p>\n<p>El Pacte parteix d\u2019un diagn\u00f2stic que aborda els factors de fons que condicionen la situaci\u00f3 del catal\u00e0 i formula objectius ambiciosos per\u00f2 realistes, orientats a la millora efectiva del coneixement i l\u2019\u00fas social de la llengua. Les mesures que recull defugen els plantejaments simb\u00f2lics, i s\u00f3n aplicables i avaluables. El Pacte tamb\u00e9 constitueix un comprom\u00eds d&#8217;actuaci\u00f3 de tots els signants fins al 2030 i aspira a captar noves adhesions d\u2019institucions, entitats, empreses i formacions que comparteixin els principis del Pacte i vulguin treballar en la mateixa l\u00ednia.<\/p>\n<p>M\u00e9s informaci\u00f3 i document en PDF en aquest <a href=\"https:\/\/llengua.gencat.cat\/ca\/pactenacionalperlallengua\/inici\/index.html\" target=\"_blank\" rel=\"noopener\"><strong>enlla\u00e7<\/strong><\/a>.<\/p>\n<p>Nota de premsa en aquest <a href=\"https:\/\/govern.cat\/salapremsa\/notes-premsa\/707083\/president-illa-ens-comprometem-que-catala-segueixi-formant-part-columna-vertebral-nacio-catalana\" target=\"_blank\" rel=\"noopener\"><strong>enlla\u00e7<\/strong><\/a>.<\/p>\n<hr \/>\n<p>\u2192<a href=\"https:\/\/diarieducacio.cat\/el-pacte-nacional-per-la-llengua-no-canvia-el-model-densenyament-de-les-llengues\/\" target=\"_blank\" rel=\"noopener\"><strong>El Pacte Nacional per la Llengua no canvia el model d\u2019ensenyament de les lleng\u00fces,<\/strong><\/a><\/p>\n<p>Article de Mart\u00ed Teixid\u00f3, EL DIARI DE L&#8217;EDUCACI\u00d3<\/p>\n<p><strong>RELACIONAT:<\/strong><\/p>\n<blockquote class=\"wp-embedded-content\" data-secret=\"l8nzATxGws\"><p><a href=\"https:\/\/serveiseducatius.xtec.cat\/altcamp\/elic\/informe-sobre-la-situacio-de-la-llengua-catalana\/\">Informe sobre la situaci\u00f3 de la llengua catalana<\/a><\/p><\/blockquote>\n<p><iframe loading=\"lazy\" class=\"wp-embedded-content\" sandbox=\"allow-scripts\" security=\"restricted\" style=\"position: absolute; clip: rect(1px, 1px, 1px, 1px);\" title=\"&#8220;Informe sobre la situaci\u00f3 de la llengua catalana&#8221; &#8212; Servei Educatiu de l&#039;Alt Camp\" src=\"https:\/\/serveiseducatius.xtec.cat\/altcamp\/elic\/informe-sobre-la-situacio-de-la-llengua-catalana\/embed\/#?secret=uDQcLR0KrA#?secret=l8nzATxGws\" data-secret=\"l8nzATxGws\" width=\"500\" height=\"282\" frameborder=\"0\" marginwidth=\"0\" marginheight=\"0\" scrolling=\"no\"><\/iframe><\/p>\n<blockquote class=\"wp-embedded-content\" data-secret=\"ZEC6lwkaQa\"><p><a href=\"https:\/\/serveiseducatius.xtec.cat\/altcamp\/actualitat\/enquesta-dusos-linguistics-de-la-poblacio\/\">Enquesta d\u2019Usos Ling\u00fc\u00edstics de la Poblaci\u00f3<\/a><\/p><\/blockquote>\n<p><iframe loading=\"lazy\" class=\"wp-embedded-content\" sandbox=\"allow-scripts\" security=\"restricted\" style=\"position: absolute; clip: rect(1px, 1px, 1px, 1px);\" title=\"&#8220;Enquesta d\u2019Usos Ling\u00fc\u00edstics de la Poblaci\u00f3&#8221; &#8212; Servei Educatiu de l&#039;Alt Camp\" src=\"https:\/\/serveiseducatius.xtec.cat\/altcamp\/actualitat\/enquesta-dusos-linguistics-de-la-poblacio\/embed\/#?secret=WZdAhmndIC#?secret=ZEC6lwkaQa\" data-secret=\"ZEC6lwkaQa\" width=\"500\" height=\"282\" frameborder=\"0\" marginwidth=\"0\" marginheight=\"0\" scrolling=\"no\"><\/iframe><\/p>\n<blockquote class=\"wp-embedded-content\" data-secret=\"I8afRY5O7I\"><p><a href=\"https:\/\/serveiseducatius.xtec.cat\/altcamp\/actualitat\/catala947\/\">#catal\u00e0947<\/a><\/p><\/blockquote>\n<p><iframe loading=\"lazy\" class=\"wp-embedded-content\" sandbox=\"allow-scripts\" security=\"restricted\" style=\"position: absolute; clip: rect(1px, 1px, 1px, 1px);\" title=\"&#8220;#catal\u00e0947&#8221; &#8212; Servei Educatiu de l&#039;Alt Camp\" src=\"https:\/\/serveiseducatius.xtec.cat\/altcamp\/actualitat\/catala947\/embed\/#?secret=m0kNUbgJWa#?secret=I8afRY5O7I\" data-secret=\"I8afRY5O7I\" width=\"500\" height=\"282\" frameborder=\"0\" marginwidth=\"0\" marginheight=\"0\" scrolling=\"no\"><\/iframe><\/p>\n","protected":false},"excerpt":{"rendered":"<p>\u2192Pacte Nacional per la Llengua La societat est\u00e0 evolucionant r\u00e0pidament, i tot i els assoliments innegables, hi ha nombrosos indicadors que mostren una tend\u00e8ncia negativa en l\u2019\u00fas i coneixement de la llengua. La situaci\u00f3 del catal\u00e0 \u00e9s complexa, i ara cal\u00a0 pensar en el seu present i futur. Com a societat i com a pa\u00eds, [&hellip;]<\/p>\n","protected":false},"author":4,"featured_media":17848,"comment_status":"closed","ping_status":"closed","sticky":false,"template":"","format":"standard","meta":{"_bbp_topic_count":0,"_bbp_reply_count":0,"_bbp_total_topic_count":0,"_bbp_total_reply_count":0,"_bbp_voice_count":0,"_bbp_anonymous_reply_count":0,"_bbp_topic_count_hidden":0,"_bbp_reply_count_hidden":0,"_bbp_forum_subforum_count":0,"site-sidebar-layout":"default","site-content-layout":"","ast-site-content-layout":"","site-content-style":"default","site-sidebar-style":"default","ast-global-header-display":"","ast-banner-title-visibility":"","ast-main-header-display":"","ast-hfb-above-header-display":"","ast-hfb-below-header-display":"","ast-hfb-mobile-header-display":"","site-post-title":"","ast-breadcrumbs-content":"","ast-featured-img":"","footer-sml-layout":"","theme-transparent-header-meta":"","adv-header-id-meta":"","stick-header-meta":"","header-above-stick-meta":"","header-main-stick-meta":"","header-below-stick-meta":"","astra-migrate-meta-layouts":"default","ast-page-background-enabled":"default","ast-page-background-meta":{"desktop":{"background-color":"var(--ast-global-color-4)","background-image":"","background-repeat":"repeat","background-position":"center center","background-size":"auto","background-attachment":"scroll","background-type":"","background-media":"","overlay-type":"","overlay-color":"","overlay-opacity":"","overlay-gradient":""},"tablet":{"background-color":"","background-image":"","background-repeat":"repeat","background-position":"center center","background-size":"auto","background-attachment":"scroll","background-type":"","background-media":"","overlay-type":"","overlay-color":"","overlay-opacity":"","overlay-gradient":""},"mobile":{"background-color":"","background-image":"","background-repeat":"repeat","background-position":"center center","background-size":"auto","background-attachment":"scroll","background-type":"","background-media":"","overlay-type":"","overlay-color":"","overlay-opacity":"","overlay-gradient":""}},"ast-content-background-meta":{"desktop":{"background-color":"var(--ast-global-color-5)","background-image":"","background-repeat":"repeat","background-position":"center center","background-size":"auto","background-attachment":"scroll","background-type":"","background-media":"","overlay-type":"","overlay-color":"","overlay-opacity":"","overlay-gradient":""},"tablet":{"background-color":"var(--ast-global-color-5)","background-image":"","background-repeat":"repeat","background-position":"center center","background-size":"auto","background-attachment":"scroll","background-type":"","background-media":"","overlay-type":"","overlay-color":"","overlay-opacity":"","overlay-gradient":""},"mobile":{"background-color":"var(--ast-global-color-5)","background-image":"","background-repeat":"repeat","background-position":"center center","background-size":"auto","background-attachment":"scroll","background-type":"","background-media":"","overlay-type":"","overlay-color":"","overlay-opacity":"","overlay-gradient":""}},"footnotes":""},"categories":[282,287],"tags":[1078,236,559,754,1154],"class_list":["post-17847","post","type-post","status-publish","format-standard","has-post-thumbnail","hentry","category-actualitat","category-recomanem","tag-catala","tag-llengua-catalana","tag-politica-linguistica","tag-societat","tag-usos-linguistics"],"post_mailing_queue_ids":[],"_links":{"self":[{"href":"https:\/\/serveiseducatius.xtec.cat\/altcamp\/wp-json\/wp\/v2\/posts\/17847","targetHints":{"allow":["GET"]}}],"collection":[{"href":"https:\/\/serveiseducatius.xtec.cat\/altcamp\/wp-json\/wp\/v2\/posts"}],"about":[{"href":"https:\/\/serveiseducatius.xtec.cat\/altcamp\/wp-json\/wp\/v2\/types\/post"}],"author":[{"embeddable":true,"href":"https:\/\/serveiseducatius.xtec.cat\/altcamp\/wp-json\/wp\/v2\/users\/4"}],"replies":[{"embeddable":true,"href":"https:\/\/serveiseducatius.xtec.cat\/altcamp\/wp-json\/wp\/v2\/comments?post=17847"}],"version-history":[{"count":3,"href":"https:\/\/serveiseducatius.xtec.cat\/altcamp\/wp-json\/wp\/v2\/posts\/17847\/revisions"}],"predecessor-version":[{"id":17851,"href":"https:\/\/serveiseducatius.xtec.cat\/altcamp\/wp-json\/wp\/v2\/posts\/17847\/revisions\/17851"}],"wp:featuredmedia":[{"embeddable":true,"href":"https:\/\/serveiseducatius.xtec.cat\/altcamp\/wp-json\/wp\/v2\/media\/17848"}],"wp:attachment":[{"href":"https:\/\/serveiseducatius.xtec.cat\/altcamp\/wp-json\/wp\/v2\/media?parent=17847"}],"wp:term":[{"taxonomy":"category","embeddable":true,"href":"https:\/\/serveiseducatius.xtec.cat\/altcamp\/wp-json\/wp\/v2\/categories?post=17847"},{"taxonomy":"post_tag","embeddable":true,"href":"https:\/\/serveiseducatius.xtec.cat\/altcamp\/wp-json\/wp\/v2\/tags?post=17847"}],"curies":[{"name":"wp","href":"https:\/\/api.w.org\/{rel}","templated":true}]}}