{"id":17723,"date":"2025-04-08T16:25:34","date_gmt":"2025-04-08T14:25:34","guid":{"rendered":"https:\/\/serveiseducatius.xtec.cat\/altcamp\/?p=17723"},"modified":"2025-04-08T16:34:35","modified_gmt":"2025-04-08T14:34:35","slug":"beques-dimmersio-linguistica-en-angles-curs-2025-2026","status":"publish","type":"post","link":"https:\/\/serveiseducatius.xtec.cat\/altcamp\/general\/beques-dimmersio-linguistica-en-angles-curs-2025-2026\/","title":{"rendered":"Beques d&#8217;immersi\u00f3 ling\u00fc\u00edstica en angl\u00e8s. Curs 2025-2026"},"content":{"rendered":"<p><a href=\"https:\/\/www.pap.hacienda.gob.es\/bdnstrans\/GE\/ca\/convocatorias\/823807\" target=\"_blank\" rel=\"noopener\"><img loading=\"lazy\" decoding=\"async\" class=\"alignleft wp-image-17724\" src=\"https:\/\/serveiseducatius.xtec.cat\/altcamp\/wp-content\/uploads\/usu1130\/2025\/04\/Beques-angles-1024x972.jpg\" alt=\"\" width=\"409\" height=\"389\" srcset=\"https:\/\/serveiseducatius.xtec.cat\/altcamp\/wp-content\/uploads\/usu1130\/2025\/04\/Beques-angles-1024x972.jpg 1024w, https:\/\/serveiseducatius.xtec.cat\/altcamp\/wp-content\/uploads\/usu1130\/2025\/04\/Beques-angles-300x285.jpg 300w, https:\/\/serveiseducatius.xtec.cat\/altcamp\/wp-content\/uploads\/usu1130\/2025\/04\/Beques-angles-768x729.jpg 768w, https:\/\/serveiseducatius.xtec.cat\/altcamp\/wp-content\/uploads\/usu1130\/2025\/04\/Beques-angles.jpg 1264w\" sizes=\"auto, (max-width: 409px) 100vw, 409px\" \/><\/a><\/p>\n<p>S\u2019ha obert la convocat\u00f2ria d\u2019ajudes per al desenvolupament d\u2019un <strong>Programa d&#8217; Immmersi\u00f3 Ling\u00fc\u00edstica en angl\u00e8s<\/strong> adre\u00e7at a grups d\u2019estudiants de <strong>6\u00e8 de Prim\u00e0ria<\/strong> i <strong>2n d\u2019ESO<\/strong>. Aquesta iniciativa t\u00e9 com a objectiu estimular la pr\u00e0ctica oral de l\u2019angl\u00e8s en entorns m\u00e9s din\u00e0mics i atractius, tractant tem\u00e0tiques d\u2019inter\u00e8s sociocultural i mediambiental, aix\u00ed com promovent la inclusi\u00f3 i la conviv\u00e8ncia entre alumnes de diferents llocs.<\/p>\n<p><strong>Destinataris<\/strong>: Alumnes de 6\u00e8 de Prim\u00e0ria i 2n d\u2019ESO de centres p\u00fablics o concertats<\/p>\n<div id=\"ui-id-4\" role=\"tabpanel\" aria-labelledby=\"ui-id-3\" aria-hidden=\"false\">\n<div>\n<ul>\n<li><strong>Places disponibles<\/strong>: 192 grups (de 20 a 25 alumnes per grup)<\/li>\n<li><strong>Acompanyants<\/strong>: Cada grup haur\u00e0 d\u2019anar acompanyat per dos professors\/es, un dels quals ha de ser de l\u2019especialitat d\u2019angl\u00e8s.<\/li>\n<li><strong>Dotaci\u00f3<\/strong>: La participaci\u00f3 ser\u00e0 gratu\u00efta, incloent-hi la durada de 7 dies de l\u2019activitat. Els despla\u00e7aments seran a c\u00e0rrec dels interessats, excepte per a centres dins de l\u2019\u00e0mbit de compet\u00e8ncia d\u2019aquest Ministeri.<\/li>\n<\/ul>\n<\/div>\n<p>&nbsp;<\/p>\n<\/div>\n<p><strong>Terminis:<\/strong><\/p>\n<div id=\"ui-id-6\" class=\"wp-block-getwid-accordion__content-wrapper ui-accordion-content ui-corner-bottom ui-helper-reset ui-widget-content ui-accordion-content-active\" role=\"tabpanel\" aria-labelledby=\"ui-id-5\" aria-hidden=\"false\">\n<div class=\"wp-block-getwid-accordion__content\">\n<ul>\n<li><strong>Obertura de sol\u00b7licituds<\/strong>: 3 d\u2019abril de 2025 a les 12:00<\/li>\n<li><strong>Tancament de sol\u00b7licituds<\/strong>: 28 d\u2019abril de 2025 a les 12:00<\/li>\n<\/ul>\n<\/div>\n<\/div>\n<p>Podeu consultar la <strong>convocat\u00f2ria completa<\/strong> i els <strong>documents relacionats<\/strong> als seg\u00fcents enlla\u00e7os:<\/p>\n<ul>\n<li><a class=\"\" href=\"https:\/\/www.pap.hacienda.gob.es\/bdnstrans\/GE\/ca\/convocatorias\/823807\" target=\"_blank\" rel=\"noopener\">Convocat\u00f2ria Oficial<\/a>La <strong>sol\u00b7licitud<\/strong> s\u2019ha de presentar de manera <strong>telem\u00e0tica<\/strong> a trav\u00e9s de la <strong>Seu Electr\u00f2nica<\/strong> del Ministeri d\u2019Educaci\u00f3, amb certificat electr\u00f2nic del representant legal del centre. \u00c9s important completar el registre de la sol\u00b7licitud abans del termini establert.<\/li>\n<\/ul>\n","protected":false},"excerpt":{"rendered":"<p>S\u2019ha obert la convocat\u00f2ria d\u2019ajudes per al desenvolupament d\u2019un Programa d&#8217; Immmersi\u00f3 Ling\u00fc\u00edstica en angl\u00e8s adre\u00e7at a grups d\u2019estudiants de 6\u00e8 de Prim\u00e0ria i 2n d\u2019ESO. Aquesta iniciativa t\u00e9 com a objectiu estimular la pr\u00e0ctica oral de l\u2019angl\u00e8s en entorns m\u00e9s din\u00e0mics i atractius, tractant tem\u00e0tiques d\u2019inter\u00e8s sociocultural i mediambiental, aix\u00ed com promovent la inclusi\u00f3 [&hellip;]<\/p>\n","protected":false},"author":4,"featured_media":17724,"comment_status":"closed","ping_status":"closed","sticky":false,"template":"","format":"standard","meta":{"_bbp_topic_count":0,"_bbp_reply_count":0,"_bbp_total_topic_count":0,"_bbp_total_reply_count":0,"_bbp_voice_count":0,"_bbp_anonymous_reply_count":0,"_bbp_topic_count_hidden":0,"_bbp_reply_count_hidden":0,"_bbp_forum_subforum_count":0,"site-sidebar-layout":"default","site-content-layout":"","ast-site-content-layout":"","site-content-style":"default","site-sidebar-style":"default","ast-global-header-display":"","ast-banner-title-visibility":"","ast-main-header-display":"","ast-hfb-above-header-display":"","ast-hfb-below-header-display":"","ast-hfb-mobile-header-display":"","site-post-title":"","ast-breadcrumbs-content":"","ast-featured-img":"","footer-sml-layout":"","theme-transparent-header-meta":"","adv-header-id-meta":"","stick-header-meta":"","header-above-stick-meta":"","header-main-stick-meta":"","header-below-stick-meta":"","astra-migrate-meta-layouts":"default","ast-page-background-enabled":"default","ast-page-background-meta":{"desktop":{"background-color":"var(--ast-global-color-4)","background-image":"","background-repeat":"repeat","background-position":"center center","background-size":"auto","background-attachment":"scroll","background-type":"","background-media":"","overlay-type":"","overlay-color":"","overlay-opacity":"","overlay-gradient":""},"tablet":{"background-color":"","background-image":"","background-repeat":"repeat","background-position":"center center","background-size":"auto","background-attachment":"scroll","background-type":"","background-media":"","overlay-type":"","overlay-color":"","overlay-opacity":"","overlay-gradient":""},"mobile":{"background-color":"","background-image":"","background-repeat":"repeat","background-position":"center center","background-size":"auto","background-attachment":"scroll","background-type":"","background-media":"","overlay-type":"","overlay-color":"","overlay-opacity":"","overlay-gradient":""}},"ast-content-background-meta":{"desktop":{"background-color":"var(--ast-global-color-5)","background-image":"","background-repeat":"repeat","background-position":"center center","background-size":"auto","background-attachment":"scroll","background-type":"","background-media":"","overlay-type":"","overlay-color":"","overlay-opacity":"","overlay-gradient":""},"tablet":{"background-color":"var(--ast-global-color-5)","background-image":"","background-repeat":"repeat","background-position":"center center","background-size":"auto","background-attachment":"scroll","background-type":"","background-media":"","overlay-type":"","overlay-color":"","overlay-opacity":"","overlay-gradient":""},"mobile":{"background-color":"var(--ast-global-color-5)","background-image":"","background-repeat":"repeat","background-position":"center center","background-size":"auto","background-attachment":"scroll","background-type":"","background-media":"","overlay-type":"","overlay-color":"","overlay-opacity":"","overlay-gradient":""}},"footnotes":""},"categories":[282,1],"tags":[1284,42,1022,704,292,727,447],"class_list":["post-17723","post","type-post","status-publish","format-standard","has-post-thumbnail","hentry","category-actualitat","category-general","tag-ajudes","tag-angles","tag-beques","tag-equitat","tag-eso","tag-llengua-anglesa","tag-primaria"],"post_mailing_queue_ids":[],"_links":{"self":[{"href":"https:\/\/serveiseducatius.xtec.cat\/altcamp\/wp-json\/wp\/v2\/posts\/17723","targetHints":{"allow":["GET"]}}],"collection":[{"href":"https:\/\/serveiseducatius.xtec.cat\/altcamp\/wp-json\/wp\/v2\/posts"}],"about":[{"href":"https:\/\/serveiseducatius.xtec.cat\/altcamp\/wp-json\/wp\/v2\/types\/post"}],"author":[{"embeddable":true,"href":"https:\/\/serveiseducatius.xtec.cat\/altcamp\/wp-json\/wp\/v2\/users\/4"}],"replies":[{"embeddable":true,"href":"https:\/\/serveiseducatius.xtec.cat\/altcamp\/wp-json\/wp\/v2\/comments?post=17723"}],"version-history":[{"count":6,"href":"https:\/\/serveiseducatius.xtec.cat\/altcamp\/wp-json\/wp\/v2\/posts\/17723\/revisions"}],"predecessor-version":[{"id":17730,"href":"https:\/\/serveiseducatius.xtec.cat\/altcamp\/wp-json\/wp\/v2\/posts\/17723\/revisions\/17730"}],"wp:featuredmedia":[{"embeddable":true,"href":"https:\/\/serveiseducatius.xtec.cat\/altcamp\/wp-json\/wp\/v2\/media\/17724"}],"wp:attachment":[{"href":"https:\/\/serveiseducatius.xtec.cat\/altcamp\/wp-json\/wp\/v2\/media?parent=17723"}],"wp:term":[{"taxonomy":"category","embeddable":true,"href":"https:\/\/serveiseducatius.xtec.cat\/altcamp\/wp-json\/wp\/v2\/categories?post=17723"},{"taxonomy":"post_tag","embeddable":true,"href":"https:\/\/serveiseducatius.xtec.cat\/altcamp\/wp-json\/wp\/v2\/tags?post=17723"}],"curies":[{"name":"wp","href":"https:\/\/api.w.org\/{rel}","templated":true}]}}