{"id":17695,"date":"2025-04-03T09:24:58","date_gmt":"2025-04-03T07:24:58","guid":{"rendered":"https:\/\/serveiseducatius.xtec.cat\/altcamp\/?p=17695"},"modified":"2025-04-03T10:04:45","modified_gmt":"2025-04-03T08:04:45","slug":"orientacions-curriculars-de-les-arees-de-matematiques-i-de-llengues","status":"publish","type":"post","link":"https:\/\/serveiseducatius.xtec.cat\/altcamp\/general\/orientacions-curriculars-de-les-arees-de-matematiques-i-de-llengues\/","title":{"rendered":"Orientacions Curriculars  de les \u00e0rees de matem\u00e0tiques i de lleng\u00fces"},"content":{"rendered":"<p><a href=\"https:\/\/projectes.xtec.cat\/nou-curriculum\/orientacions-curriculars\/\" target=\"_blank\" rel=\"noopener\"><img loading=\"lazy\" decoding=\"async\" class=\"alignleft wp-image-17696\" src=\"https:\/\/serveiseducatius.xtec.cat\/altcamp\/wp-content\/uploads\/usu1130\/2025\/04\/Orientacions-curriculars.jpg\" alt=\"\" width=\"445\" height=\"483\" srcset=\"https:\/\/serveiseducatius.xtec.cat\/altcamp\/wp-content\/uploads\/usu1130\/2025\/04\/Orientacions-curriculars.jpg 902w, https:\/\/serveiseducatius.xtec.cat\/altcamp\/wp-content\/uploads\/usu1130\/2025\/04\/Orientacions-curriculars-276x300.jpg 276w, https:\/\/serveiseducatius.xtec.cat\/altcamp\/wp-content\/uploads\/usu1130\/2025\/04\/Orientacions-curriculars-768x834.jpg 768w\" sizes=\"auto, (max-width: 445px) 100vw, 445px\" \/><\/a><\/p>\n<p>El Pla de Govern de la XV legislatura consolida l\u2019educaci\u00f3 com un dels pilars fonamentals per garantir el progr\u00e9s social i el model de societat del benestar a Catalunya.<br \/>\nEl sistema educatiu encara s\u2019enfronta a reptes estructurals i emergents que cal abordar per assegurar una educaci\u00f3 equitativa i de qualitat en totes les etapes. El sistema ha avan\u00e7at en molts \u00e0mbits, per\u00f2 encara t\u00e9 marge de millora per garantir la igualtat d\u2019acc\u00e9s,<strong> millorar els resultats acad\u00e8mics<\/strong> i evolucionar cap a un model m\u00e9s inclusiu, resilient i d\u2019alta qualitat.<\/p>\n<p>Per assolir aquests objectius, el Pla de Govern inclou diverses l\u00ednies educatives. Una d\u2019elles \u00e9s la millora dels resultats acad\u00e8mics de l\u2019alumnat i l\u2019excel\u00b7l\u00e8ncia educativa.<\/p>\n<p>&nbsp;<\/p>\n<p>Seguint aquesta l\u00ednia, el Departament d\u2019Educaci\u00f3 i Formaci\u00f3 Professional ha creat unes <strong><a href=\"https:\/\/projectes.xtec.cat\/nou-curriculum\/orientacions-curriculars\/\" target=\"_blank\" rel=\"noopener\">orientacions curriculars<\/a>. <\/strong>Aquestes orientacions contenen una proposta de concreci\u00f3 i seq\u00fcenciaci\u00f3 dels sabers indicats en el curr\u00edculum. Aquesta proposta es presenta per cicles a l\u2019educaci\u00f3 prim\u00e0ria i per cursos a l\u2019educaci\u00f3 secund\u00e0ria. A m\u00e9s, les orientacions incorporen recomanacions, recursos did\u00e0ctics i models d\u2019activitats.<\/p>\n<p>Per comen\u00e7ar, s\u2019han publicat els documents d\u2019<a href=\"https:\/\/projectes.xtec.cat\/nou-curriculum\/orientacions-curriculars\/\" target=\"_blank\" rel=\"noopener\">orientacions curriculars de <strong>Matem\u00e0tiques (Prim\u00e0ria i ESO) i de l\u2019\u00e0rea de lleng\u00fces (Prim\u00e0ria i ESO)<\/strong><\/a>. En els pr\u00f2xims mesos se seguiran publicant altres \u00e0rees i mat\u00e8ries.<br \/>\nAquesta concreci\u00f3 i seq\u00fcenciaci\u00f3 dels sabers \u00e9s fonamental per assegurar que l\u2019alumnat construeix aprenentatges i assoleix les compet\u00e8ncies establertes en el curr\u00edculum. Tanmateix, <strong>concreta aquells sabers essencials imprescindibles que necessita adquirir l\u2019alumnat per continuar construint coneixement al llarg de les diferents etapes educatives<\/strong>.<\/p>\n<p><a href=\"https:\/\/projectes.xtec.cat\/nou-curriculum\/orientacions-curriculars\/\" target=\"_blank\" rel=\"noopener\"><strong>Aquests documents<\/strong><\/a> d\u2019orientaci\u00f3 curricular pretenen donar suport als docents a l\u2019hora de programar i a l\u2019hora de dissenyar situacions d\u2019aprenentatge i activitats d\u2019avaluaci\u00f3. En tenir els sabers ben concretats, els docents poden planificar de manera m\u00e9s concreta i seq\u00fcenciada i poden adaptar les activitats d\u2019aprenentatge a les necessitats de l\u2019alumnat. A m\u00e9s, en incloure recursos i activitats, els documents poden ser molt \u00fatils com a modelatge de l\u2019actuaci\u00f3 a l\u2019aula.<\/p>\n<p>Per altra banda, aquest desplegament tamb\u00e9 ha de permetre una millor coordinaci\u00f3 i col\u00b7laboraci\u00f3 entre els docents, ja que afavoreix una visi\u00f3 compartida i garanteix una major coher\u00e8ncia pedag\u00f2gica.<br \/>\nAquests documents, orientatius, s\u00f3n compatibles amb l\u2019autonomia pedag\u00f2gica del centre i incorporen la mirada inclusiva i de personalitzaci\u00f3 de l\u2019aprenentatge.<\/p>\n<p><a href=\"https:\/\/projectes.xtec.cat\/nou-curriculum\/orientacions-curriculars\/\" target=\"_blank\" rel=\"noopener\"><strong>Enlla\u00e7<\/strong><\/a> a les orientacions<\/p>\n<hr \/>\n<p>&nbsp;<\/p>\n<p><strong>RELACIONAT:<\/strong><\/p>\n<blockquote class=\"wp-embedded-content\" data-secret=\"77BG6Vv64D\"><p><a href=\"https:\/\/serveiseducatius.xtec.cat\/altcamp\/actualitat\/curriculums-de-les-autonomies\/\">Curr\u00edculums de les autonomies<\/a><\/p><\/blockquote>\n<p><iframe loading=\"lazy\" class=\"wp-embedded-content\" sandbox=\"allow-scripts\" security=\"restricted\" style=\"position: absolute; clip: rect(1px, 1px, 1px, 1px);\" title=\"&#8220;Curr\u00edculums de les autonomies&#8221; &#8212; Servei Educatiu de l&#039;Alt Camp\" src=\"https:\/\/serveiseducatius.xtec.cat\/altcamp\/actualitat\/curriculums-de-les-autonomies\/embed\/#?secret=r4gnH3KFgr#?secret=77BG6Vv64D\" data-secret=\"77BG6Vv64D\" width=\"500\" height=\"282\" frameborder=\"0\" marginwidth=\"0\" marginheight=\"0\" scrolling=\"no\"><\/iframe><\/p>\n<blockquote class=\"wp-embedded-content\" data-secret=\"XN2FcLOFaW\"><p><a href=\"https:\/\/serveiseducatius.xtec.cat\/altcamp\/recursos\/recomanem\/ideologia-i-curriculum\/\">Ideologia i curr\u00edculum<\/a><\/p><\/blockquote>\n<p><iframe loading=\"lazy\" class=\"wp-embedded-content\" sandbox=\"allow-scripts\" security=\"restricted\" style=\"position: absolute; clip: rect(1px, 1px, 1px, 1px);\" title=\"&#8220;Ideologia i curr\u00edculum&#8221; &#8212; Servei Educatiu de l&#039;Alt Camp\" src=\"https:\/\/serveiseducatius.xtec.cat\/altcamp\/recursos\/recomanem\/ideologia-i-curriculum\/embed\/#?secret=p5JPLUQXjc#?secret=XN2FcLOFaW\" data-secret=\"XN2FcLOFaW\" width=\"500\" height=\"282\" frameborder=\"0\" marginwidth=\"0\" marginheight=\"0\" scrolling=\"no\"><\/iframe><\/p>\n<blockquote class=\"wp-embedded-content\" data-secret=\"RmafewFgss\"><p><a href=\"https:\/\/serveiseducatius.xtec.cat\/altcamp\/actualitat\/modificacions-del-curriculum-de-batxillerat-curs-2025-2026\/\">Modificacions del curr\u00edculum de batxillerat (Curs 2025-2026)<\/a><\/p><\/blockquote>\n<p><iframe loading=\"lazy\" class=\"wp-embedded-content\" sandbox=\"allow-scripts\" security=\"restricted\" style=\"position: absolute; clip: rect(1px, 1px, 1px, 1px);\" title=\"&#8220;Modificacions del curr\u00edculum de batxillerat (Curs 2025-2026)&#8221; &#8212; Servei Educatiu de l&#039;Alt Camp\" src=\"https:\/\/serveiseducatius.xtec.cat\/altcamp\/actualitat\/modificacions-del-curriculum-de-batxillerat-curs-2025-2026\/embed\/#?secret=7uktWwVh14#?secret=RmafewFgss\" data-secret=\"RmafewFgss\" width=\"500\" height=\"282\" frameborder=\"0\" marginwidth=\"0\" marginheight=\"0\" scrolling=\"no\"><\/iframe><\/p>\n<blockquote class=\"wp-embedded-content\" data-secret=\"sFQmtnUkHl\"><p><a href=\"https:\/\/serveiseducatius.xtec.cat\/altcamp\/actualitat\/nova-proposta-dadaptacio-del-batxillerat-cientific\/\">Nova proposta d&#8217;adaptaci\u00f3 del batxillerat cient\u00edfic<\/a><\/p><\/blockquote>\n<p><iframe loading=\"lazy\" class=\"wp-embedded-content\" sandbox=\"allow-scripts\" security=\"restricted\" style=\"position: absolute; clip: rect(1px, 1px, 1px, 1px);\" title=\"&#8220;Nova proposta d&#8217;adaptaci\u00f3 del batxillerat cient\u00edfic&#8221; &#8212; Servei Educatiu de l&#039;Alt Camp\" src=\"https:\/\/serveiseducatius.xtec.cat\/altcamp\/actualitat\/nova-proposta-dadaptacio-del-batxillerat-cientific\/embed\/#?secret=kBXYXtdW8F#?secret=sFQmtnUkHl\" data-secret=\"sFQmtnUkHl\" width=\"500\" height=\"282\" frameborder=\"0\" marginwidth=\"0\" marginheight=\"0\" scrolling=\"no\"><\/iframe><\/p>\n","protected":false},"excerpt":{"rendered":"<p>El Pla de Govern de la XV legislatura consolida l\u2019educaci\u00f3 com un dels pilars fonamentals per garantir el progr\u00e9s social i el model de societat del benestar a Catalunya. El sistema educatiu encara s\u2019enfronta a reptes estructurals i emergents que cal abordar per assegurar una educaci\u00f3 equitativa i de qualitat en totes les etapes. El [&hellip;]<\/p>\n","protected":false},"author":4,"featured_media":17696,"comment_status":"closed","ping_status":"closed","sticky":false,"template":"","format":"standard","meta":{"_bbp_topic_count":0,"_bbp_reply_count":0,"_bbp_total_topic_count":0,"_bbp_total_reply_count":0,"_bbp_voice_count":0,"_bbp_anonymous_reply_count":0,"_bbp_topic_count_hidden":0,"_bbp_reply_count_hidden":0,"_bbp_forum_subforum_count":0,"site-sidebar-layout":"default","site-content-layout":"","ast-site-content-layout":"","site-content-style":"default","site-sidebar-style":"default","ast-global-header-display":"","ast-banner-title-visibility":"","ast-main-header-display":"","ast-hfb-above-header-display":"","ast-hfb-below-header-display":"","ast-hfb-mobile-header-display":"","site-post-title":"","ast-breadcrumbs-content":"","ast-featured-img":"","footer-sml-layout":"","theme-transparent-header-meta":"","adv-header-id-meta":"","stick-header-meta":"","header-above-stick-meta":"","header-main-stick-meta":"","header-below-stick-meta":"","astra-migrate-meta-layouts":"default","ast-page-background-enabled":"default","ast-page-background-meta":{"desktop":{"background-color":"var(--ast-global-color-4)","background-image":"","background-repeat":"repeat","background-position":"center center","background-size":"auto","background-attachment":"scroll","background-type":"","background-media":"","overlay-type":"","overlay-color":"","overlay-opacity":"","overlay-gradient":""},"tablet":{"background-color":"","background-image":"","background-repeat":"repeat","background-position":"center center","background-size":"auto","background-attachment":"scroll","background-type":"","background-media":"","overlay-type":"","overlay-color":"","overlay-opacity":"","overlay-gradient":""},"mobile":{"background-color":"","background-image":"","background-repeat":"repeat","background-position":"center center","background-size":"auto","background-attachment":"scroll","background-type":"","background-media":"","overlay-type":"","overlay-color":"","overlay-opacity":"","overlay-gradient":""}},"ast-content-background-meta":{"desktop":{"background-color":"var(--ast-global-color-5)","background-image":"","background-repeat":"repeat","background-position":"center center","background-size":"auto","background-attachment":"scroll","background-type":"","background-media":"","overlay-type":"","overlay-color":"","overlay-opacity":"","overlay-gradient":""},"tablet":{"background-color":"var(--ast-global-color-5)","background-image":"","background-repeat":"repeat","background-position":"center center","background-size":"auto","background-attachment":"scroll","background-type":"","background-media":"","overlay-type":"","overlay-color":"","overlay-opacity":"","overlay-gradient":""},"mobile":{"background-color":"var(--ast-global-color-5)","background-image":"","background-repeat":"repeat","background-position":"center center","background-size":"auto","background-attachment":"scroll","background-type":"","background-media":"","overlay-type":"","overlay-color":"","overlay-opacity":"","overlay-gradient":""}},"footnotes":""},"categories":[282,1],"tags":[540,172,292,590,41],"class_list":["post-17695","post","type-post","status-publish","format-standard","has-post-thumbnail","hentry","category-actualitat","category-general","tag-curriculum","tag-educacio-primaria","tag-eso","tag-llengues","tag-matematiques"],"post_mailing_queue_ids":[],"_links":{"self":[{"href":"https:\/\/serveiseducatius.xtec.cat\/altcamp\/wp-json\/wp\/v2\/posts\/17695","targetHints":{"allow":["GET"]}}],"collection":[{"href":"https:\/\/serveiseducatius.xtec.cat\/altcamp\/wp-json\/wp\/v2\/posts"}],"about":[{"href":"https:\/\/serveiseducatius.xtec.cat\/altcamp\/wp-json\/wp\/v2\/types\/post"}],"author":[{"embeddable":true,"href":"https:\/\/serveiseducatius.xtec.cat\/altcamp\/wp-json\/wp\/v2\/users\/4"}],"replies":[{"embeddable":true,"href":"https:\/\/serveiseducatius.xtec.cat\/altcamp\/wp-json\/wp\/v2\/comments?post=17695"}],"version-history":[{"count":4,"href":"https:\/\/serveiseducatius.xtec.cat\/altcamp\/wp-json\/wp\/v2\/posts\/17695\/revisions"}],"predecessor-version":[{"id":17700,"href":"https:\/\/serveiseducatius.xtec.cat\/altcamp\/wp-json\/wp\/v2\/posts\/17695\/revisions\/17700"}],"wp:featuredmedia":[{"embeddable":true,"href":"https:\/\/serveiseducatius.xtec.cat\/altcamp\/wp-json\/wp\/v2\/media\/17696"}],"wp:attachment":[{"href":"https:\/\/serveiseducatius.xtec.cat\/altcamp\/wp-json\/wp\/v2\/media?parent=17695"}],"wp:term":[{"taxonomy":"category","embeddable":true,"href":"https:\/\/serveiseducatius.xtec.cat\/altcamp\/wp-json\/wp\/v2\/categories?post=17695"},{"taxonomy":"post_tag","embeddable":true,"href":"https:\/\/serveiseducatius.xtec.cat\/altcamp\/wp-json\/wp\/v2\/tags?post=17695"}],"curies":[{"name":"wp","href":"https:\/\/api.w.org\/{rel}","templated":true}]}}