{"id":17540,"date":"2025-03-17T16:00:19","date_gmt":"2025-03-17T15:00:19","guid":{"rendered":"https:\/\/serveiseducatius.xtec.cat\/altcamp\/?p=17540"},"modified":"2025-03-17T16:25:51","modified_gmt":"2025-03-17T15:25:51","slug":"retribucions-dels-alts-carrecs-del-ministeri-deducacio-formacio-professional-i-esports","status":"publish","type":"post","link":"https:\/\/serveiseducatius.xtec.cat\/altcamp\/actualitat\/retribucions-dels-alts-carrecs-del-ministeri-deducacio-formacio-professional-i-esports\/","title":{"rendered":"Retribucions dels alts c\u00e0rrecs del Ministeri d&#8217;Educaci\u00f3, Formaci\u00f3 Professional i Esports"},"content":{"rendered":"<p><a href=\"https:\/\/transparencia.gob.es\/transparencia\/ca\/transparencia_Home\/index\/PublicidadActiva\/AltosCargos\/Retribuciones-de-altos-cargos.html\" target=\"_blank\" rel=\"noopener\"><img loading=\"lazy\" decoding=\"async\" class=\"alignleft wp-image-17544\" src=\"https:\/\/serveiseducatius.xtec.cat\/altcamp\/wp-content\/uploads\/usu1130\/2025\/03\/Retribucions-alts-carrecs.jpg\" alt=\"\" width=\"418\" height=\"418\" srcset=\"https:\/\/serveiseducatius.xtec.cat\/altcamp\/wp-content\/uploads\/usu1130\/2025\/03\/Retribucions-alts-carrecs.jpg 900w, https:\/\/serveiseducatius.xtec.cat\/altcamp\/wp-content\/uploads\/usu1130\/2025\/03\/Retribucions-alts-carrecs-300x300.jpg 300w, https:\/\/serveiseducatius.xtec.cat\/altcamp\/wp-content\/uploads\/usu1130\/2025\/03\/Retribucions-alts-carrecs-150x150.jpg 150w, https:\/\/serveiseducatius.xtec.cat\/altcamp\/wp-content\/uploads\/usu1130\/2025\/03\/Retribucions-alts-carrecs-768x768.jpg 768w\" sizes=\"auto, (max-width: 418px) 100vw, 418px\" \/><\/a><\/p>\n<p><span class=\"css-1jxf684 r-bcqeeo r-1ttztb7 r-qvutc0 r-poiln3\">Al portal de transpar\u00e8ncia s&#8217;han publicat les<a href=\"https:\/\/transparencia.gob.es\/servicios-buscador\/buscar.htm?pag=1&amp;categoria=retribuciones&amp;ente=E04921401,E05024101,E05230301&amp;lang=ca\" target=\"_blank\" rel=\"noopener\"><strong> retribucions<\/strong><\/a> corresponents al 2024 dels <strong>270 alts c\u00e0rrecs del <\/strong><\/span><em><strong>Ministerio de Educaci\u00f3n, Formaci\u00f3n Profesional y Deportes<\/strong>.<\/em><\/p>\n<div class=\"css-175oi2r r-xoduu5\"><strong><span class=\"r-18u37iz\">Podeu consultar-les en aquest <a href=\"https:\/\/transparencia.gob.es\/servicios-buscador\/buscar.htm?pag=1&amp;categoria=retribuciones&amp;ente=E04921401,E05024101,E05230301&amp;lang=es\" target=\"_blank\" rel=\"noopener\">enlla\u00e7<\/a>.<\/span><\/strong><\/div>\n<div><\/div>\n<div><\/div>\n<div><\/div>\n<div><\/div>\n<div>\n<table style=\"height: 17px; width: 49.4213%; border-collapse: collapse; background-color: #e32a20;\">\n<tbody>\n<tr>\n<td style=\"width: 100%;\"><span style=\"color: #ffffff;\"><strong>A CATALUNYA:<\/strong><\/span><\/td>\n<\/tr>\n<\/tbody>\n<\/table>\n<\/div>\n<div><\/div>\n<div>\n<p class=\"asset-name\"><a href=\"https:\/\/analisi.transparenciacatalunya.cat\/Sector-P-blic\/Relaci-d-alts-c-rrecs-i-altres-directius-de-l-Admi\/x9au-abcn\/about_data\" target=\"_blank\" rel=\"noopener\"><strong>\u2192Relaci\u00f3 d\u2019alts c\u00e0rrecs i altres directius de l\u2019Administraci\u00f3 de la Generalitat i les seves retribucions<\/strong><\/a><\/p>\n<p>S&#8217;ent\u00e9n per retribuci\u00f3 la compensaci\u00f3 econ\u00f2mica que un alt c\u00e0rrec o directiu percep per la seva feina.<br \/>\nEn aquest cas, el concepte fa refer\u00e8ncia a les retribucions anuals previstes per les taules retributives dels alts c\u00e0rrecs de la Generalitat de Catalunya, d\u2019acord amb la informaci\u00f3 que elabora la Direcci\u00f3 General de Pressupostos del Departament d&#8217;Economia i Hisenda. (<a href=\"https:\/\/analisi.transparenciacatalunya.cat\/Sector-P-blic\/Relaci-d-alts-c-rrecs-i-altres-directius-de-l-Admi\/x9au-abcn\/about_data\" target=\"_blank\" rel=\"noopener\"><strong>Enlla\u00e7<\/strong><\/a> a les dades).<\/p>\n<div class=\"NG-departament NG-departament--microsite NG-departament--microsite-noimage\">\n<div class=\"NG-departament__background-wrapper NG-departament__background-wrapper--top\">\n<div class=\"NG-container\">\n<div class=\"NG-row-flex\">\n<div class=\"NG-col NG--pd15\">\n<p class=\"NG-departament__title\"><strong>Govern obert i bon govern<\/strong><\/p>\n<\/div>\n<\/div>\n<\/div>\n<\/div>\n<div class=\"NG-departament__background-wrapper NG-departament__background-wrapper--bottom NG-departament__background-wrapper--hasTop\">\n<div class=\"NG-container\">\n<div class=\"NG-row-flex\">\n<div class=\"NG-col NG--pd15\">\n<p class=\"NG-departament__title\"><a href=\"https:\/\/governobert.gencat.cat\/ca\/portal-de-la-transparencia\/publicitat-activa\/servidors-publics\/index.html\" target=\"_blank\" rel=\"noopener\">Portal de la transpar\u00e8ncia<\/a><\/p>\n<p>A la p\u00e0gina <a href=\"https:\/\/governobert.gencat.cat\/ca\/portal-de-la-transparencia\/publicitat-activa\/servidors-publics\/index.html\" target=\"_blank\" rel=\"noopener\"><strong>Servidors p\u00fablics<\/strong><\/a> podeu consultar les informacions seg\u00fcents:<\/p>\n<\/div>\n<\/div>\n<\/div>\n<\/div>\n<\/div>\n<\/div>\n<div><\/div>\n<div><a href=\"https:\/\/governobert.gencat.cat\/ca\/portal-de-la-transparencia\/publicitat-activa\/servidors-publics\/index.html\" target=\"_blank\" rel=\"noopener\"><img loading=\"lazy\" decoding=\"async\" class=\"alignnone wp-image-17545 size-large\" src=\"https:\/\/serveiseducatius.xtec.cat\/altcamp\/wp-content\/uploads\/usu1130\/2025\/03\/Servidors-publics-901x1024.jpg\" alt=\"\" width=\"901\" height=\"1024\" srcset=\"https:\/\/serveiseducatius.xtec.cat\/altcamp\/wp-content\/uploads\/usu1130\/2025\/03\/Servidors-publics-901x1024.jpg 901w, https:\/\/serveiseducatius.xtec.cat\/altcamp\/wp-content\/uploads\/usu1130\/2025\/03\/Servidors-publics-264x300.jpg 264w, https:\/\/serveiseducatius.xtec.cat\/altcamp\/wp-content\/uploads\/usu1130\/2025\/03\/Servidors-publics-768x873.jpg 768w, https:\/\/serveiseducatius.xtec.cat\/altcamp\/wp-content\/uploads\/usu1130\/2025\/03\/Servidors-publics.jpg 1103w\" sizes=\"auto, (max-width: 901px) 100vw, 901px\" \/><\/a><\/div>\n<div><\/div>\n<div><strong>Relacionat:<\/strong><\/div>\n<div><\/div>\n<div><\/div>\n<div>\n<blockquote class=\"wp-embedded-content\" data-secret=\"BYkPO05Ym1\"><p><a href=\"https:\/\/serveiseducatius.xtec.cat\/altcamp\/recursos\/recomanem\/transparencia-guia-practica\/\">Transpar\u00e8ncia. Guia pr\u00e0ctica<\/a><\/p><\/blockquote>\n<p><iframe loading=\"lazy\" class=\"wp-embedded-content\" sandbox=\"allow-scripts\" security=\"restricted\" style=\"position: absolute; clip: rect(1px, 1px, 1px, 1px);\" title=\"&#8220;Transpar\u00e8ncia. Guia pr\u00e0ctica&#8221; &#8212; Servei Educatiu de l&#039;Alt Camp\" src=\"https:\/\/serveiseducatius.xtec.cat\/altcamp\/recursos\/recomanem\/transparencia-guia-practica\/embed\/#?secret=VZUpGDlhNY#?secret=BYkPO05Ym1\" data-secret=\"BYkPO05Ym1\" width=\"500\" height=\"282\" frameborder=\"0\" marginwidth=\"0\" marginheight=\"0\" scrolling=\"no\"><\/iframe><\/p>\n<\/div>\n<div>\n<blockquote class=\"wp-embedded-content\" data-secret=\"qsP6A7E2W6\"><p><a href=\"https:\/\/serveiseducatius.xtec.cat\/altcamp\/actualitat\/sollicituds-dacces-a-la-informacio-publica-saip-sobre-educacio-i-formacio\/\">Sol\u00b7licituds d&#8217;acc\u00e9s a la informaci\u00f3 p\u00fablica (SAIP) sobre educaci\u00f3 i formaci\u00f3<\/a><\/p><\/blockquote>\n<p><iframe loading=\"lazy\" class=\"wp-embedded-content\" sandbox=\"allow-scripts\" security=\"restricted\" style=\"position: absolute; clip: rect(1px, 1px, 1px, 1px);\" title=\"&#8220;Sol\u00b7licituds d&#8217;acc\u00e9s a la informaci\u00f3 p\u00fablica (SAIP) sobre educaci\u00f3 i formaci\u00f3&#8221; &#8212; Servei Educatiu de l&#039;Alt Camp\" src=\"https:\/\/serveiseducatius.xtec.cat\/altcamp\/actualitat\/sollicituds-dacces-a-la-informacio-publica-saip-sobre-educacio-i-formacio\/embed\/#?secret=elet8z1wV4#?secret=qsP6A7E2W6\" data-secret=\"qsP6A7E2W6\" width=\"500\" height=\"282\" frameborder=\"0\" marginwidth=\"0\" marginheight=\"0\" scrolling=\"no\"><\/iframe><\/p>\n<blockquote class=\"wp-embedded-content\" data-secret=\"G4HJqCpNWl\"><p><a href=\"https:\/\/serveiseducatius.xtec.cat\/altcamp\/actualitat\/tens-dret-a-saber-la-informacio-publica-es-de-tothom\/\">&#8220;Tens dret a saber: la informaci\u00f3 p\u00fablica \u00e9s de tothom&#8221;<\/a><\/p><\/blockquote>\n<p><iframe loading=\"lazy\" class=\"wp-embedded-content\" sandbox=\"allow-scripts\" security=\"restricted\" style=\"position: absolute; clip: rect(1px, 1px, 1px, 1px);\" title=\"&#8220;&#8220;Tens dret a saber: la informaci\u00f3 p\u00fablica \u00e9s de tothom&#8221;&#8221; &#8212; Servei Educatiu de l&#039;Alt Camp\" src=\"https:\/\/serveiseducatius.xtec.cat\/altcamp\/actualitat\/tens-dret-a-saber-la-informacio-publica-es-de-tothom\/embed\/#?secret=O7bYmXS6sW#?secret=G4HJqCpNWl\" data-secret=\"G4HJqCpNWl\" width=\"500\" height=\"282\" frameborder=\"0\" marginwidth=\"0\" marginheight=\"0\" scrolling=\"no\"><\/iframe><\/p>\n<\/div>\n<div><\/div>\n","protected":false},"excerpt":{"rendered":"<p>Al portal de transpar\u00e8ncia s&#8217;han publicat les retribucions corresponents al 2024 dels 270 alts c\u00e0rrecs del Ministerio de Educaci\u00f3n, Formaci\u00f3n Profesional y Deportes. Podeu consultar-les en aquest enlla\u00e7. A CATALUNYA: \u2192Relaci\u00f3 d\u2019alts c\u00e0rrecs i altres directius de l\u2019Administraci\u00f3 de la Generalitat i les seves retribucions S&#8217;ent\u00e9n per retribuci\u00f3 la compensaci\u00f3 econ\u00f2mica que un alt c\u00e0rrec [&hellip;]<\/p>\n","protected":false},"author":4,"featured_media":17544,"comment_status":"closed","ping_status":"closed","sticky":false,"template":"","format":"standard","meta":{"_bbp_topic_count":0,"_bbp_reply_count":0,"_bbp_total_topic_count":0,"_bbp_total_reply_count":0,"_bbp_voice_count":0,"_bbp_anonymous_reply_count":0,"_bbp_topic_count_hidden":0,"_bbp_reply_count_hidden":0,"_bbp_forum_subforum_count":0,"site-sidebar-layout":"default","site-content-layout":"","ast-site-content-layout":"","site-content-style":"default","site-sidebar-style":"default","ast-global-header-display":"","ast-banner-title-visibility":"","ast-main-header-display":"","ast-hfb-above-header-display":"","ast-hfb-below-header-display":"","ast-hfb-mobile-header-display":"","site-post-title":"","ast-breadcrumbs-content":"","ast-featured-img":"","footer-sml-layout":"","theme-transparent-header-meta":"","adv-header-id-meta":"","stick-header-meta":"","header-above-stick-meta":"","header-main-stick-meta":"","header-below-stick-meta":"","astra-migrate-meta-layouts":"default","ast-page-background-enabled":"default","ast-page-background-meta":{"desktop":{"background-color":"var(--ast-global-color-4)","background-image":"","background-repeat":"repeat","background-position":"center center","background-size":"auto","background-attachment":"scroll","background-type":"","background-media":"","overlay-type":"","overlay-color":"","overlay-opacity":"","overlay-gradient":""},"tablet":{"background-color":"","background-image":"","background-repeat":"repeat","background-position":"center center","background-size":"auto","background-attachment":"scroll","background-type":"","background-media":"","overlay-type":"","overlay-color":"","overlay-opacity":"","overlay-gradient":""},"mobile":{"background-color":"","background-image":"","background-repeat":"repeat","background-position":"center center","background-size":"auto","background-attachment":"scroll","background-type":"","background-media":"","overlay-type":"","overlay-color":"","overlay-opacity":"","overlay-gradient":""}},"ast-content-background-meta":{"desktop":{"background-color":"var(--ast-global-color-5)","background-image":"","background-repeat":"repeat","background-position":"center center","background-size":"auto","background-attachment":"scroll","background-type":"","background-media":"","overlay-type":"","overlay-color":"","overlay-opacity":"","overlay-gradient":""},"tablet":{"background-color":"var(--ast-global-color-5)","background-image":"","background-repeat":"repeat","background-position":"center center","background-size":"auto","background-attachment":"scroll","background-type":"","background-media":"","overlay-type":"","overlay-color":"","overlay-opacity":"","overlay-gradient":""},"mobile":{"background-color":"var(--ast-global-color-5)","background-image":"","background-repeat":"repeat","background-position":"center center","background-size":"auto","background-attachment":"scroll","background-type":"","background-media":"","overlay-type":"","overlay-color":"","overlay-opacity":"","overlay-gradient":""}},"footnotes":""},"categories":[282,1532,287],"tags":[1775,709,466,1774,1381,1773,1011],"class_list":["post-17540","post","type-post","status-publish","format-standard","has-post-thumbnail","hentry","category-actualitat","category-normativa","category-recomanem","tag-diners-publics","tag-educacio","tag-etica","tag-impostos","tag-llei-de-transparencia","tag-servidors-publics","tag-transparencia"],"post_mailing_queue_ids":[],"_links":{"self":[{"href":"https:\/\/serveiseducatius.xtec.cat\/altcamp\/wp-json\/wp\/v2\/posts\/17540","targetHints":{"allow":["GET"]}}],"collection":[{"href":"https:\/\/serveiseducatius.xtec.cat\/altcamp\/wp-json\/wp\/v2\/posts"}],"about":[{"href":"https:\/\/serveiseducatius.xtec.cat\/altcamp\/wp-json\/wp\/v2\/types\/post"}],"author":[{"embeddable":true,"href":"https:\/\/serveiseducatius.xtec.cat\/altcamp\/wp-json\/wp\/v2\/users\/4"}],"replies":[{"embeddable":true,"href":"https:\/\/serveiseducatius.xtec.cat\/altcamp\/wp-json\/wp\/v2\/comments?post=17540"}],"version-history":[{"count":6,"href":"https:\/\/serveiseducatius.xtec.cat\/altcamp\/wp-json\/wp\/v2\/posts\/17540\/revisions"}],"predecessor-version":[{"id":17549,"href":"https:\/\/serveiseducatius.xtec.cat\/altcamp\/wp-json\/wp\/v2\/posts\/17540\/revisions\/17549"}],"wp:featuredmedia":[{"embeddable":true,"href":"https:\/\/serveiseducatius.xtec.cat\/altcamp\/wp-json\/wp\/v2\/media\/17544"}],"wp:attachment":[{"href":"https:\/\/serveiseducatius.xtec.cat\/altcamp\/wp-json\/wp\/v2\/media?parent=17540"}],"wp:term":[{"taxonomy":"category","embeddable":true,"href":"https:\/\/serveiseducatius.xtec.cat\/altcamp\/wp-json\/wp\/v2\/categories?post=17540"},{"taxonomy":"post_tag","embeddable":true,"href":"https:\/\/serveiseducatius.xtec.cat\/altcamp\/wp-json\/wp\/v2\/tags?post=17540"}],"curies":[{"name":"wp","href":"https:\/\/api.w.org\/{rel}","templated":true}]}}