{"id":17533,"date":"2025-03-17T12:00:15","date_gmt":"2025-03-17T11:00:15","guid":{"rendered":"https:\/\/serveiseducatius.xtec.cat\/altcamp\/?p=17533"},"modified":"2025-03-17T12:00:15","modified_gmt":"2025-03-17T11:00:15","slug":"fes-el-clic","status":"publish","type":"post","link":"https:\/\/serveiseducatius.xtec.cat\/altcamp\/general\/fes-el-clic\/","title":{"rendered":"Fes el clic"},"content":{"rendered":"<p><a href=\"https:\/\/govern.cat\/salapremsa\/notes-premsa\/690622\/fes-clic-programa-promoure-leducacio-mediatica-lalumnat-evitar-fake-news\" target=\"_blank\" rel=\"noopener\"><img loading=\"lazy\" decoding=\"async\" class=\"alignleft wp-image-17534\" src=\"https:\/\/serveiseducatius.xtec.cat\/altcamp\/wp-content\/uploads\/usu1130\/2025\/03\/Educacio-mediatica.jpg\" alt=\"\" width=\"466\" height=\"466\" srcset=\"https:\/\/serveiseducatius.xtec.cat\/altcamp\/wp-content\/uploads\/usu1130\/2025\/03\/Educacio-mediatica.jpg 900w, https:\/\/serveiseducatius.xtec.cat\/altcamp\/wp-content\/uploads\/usu1130\/2025\/03\/Educacio-mediatica-300x300.jpg 300w, https:\/\/serveiseducatius.xtec.cat\/altcamp\/wp-content\/uploads\/usu1130\/2025\/03\/Educacio-mediatica-150x150.jpg 150w, https:\/\/serveiseducatius.xtec.cat\/altcamp\/wp-content\/uploads\/usu1130\/2025\/03\/Educacio-mediatica-768x768.jpg 768w\" sizes=\"auto, (max-width: 466px) 100vw, 466px\" \/><\/a><\/p>\n<p><a href=\"https:\/\/govern.cat\/salapremsa\/notes-premsa\/690622\/fes-clic-programa-promoure-leducacio-mediatica-lalumnat-evitar-fake-news\" target=\"_blank\" rel=\"noopener\"><em><strong>Fes el clic<\/strong><\/em><\/a>, \u00e9s el nou programa del Departament d&#8217;Educaci\u00f3 i Formaci\u00f3 Professional per promoure l\u2019educaci\u00f3 medi\u00e0tica entre l\u2019alumnat.<\/p>\n<p>El programa tindr\u00e0 una durada de 3 cursos escolars, i es dur\u00e0 a terme de forma inicial en un total de 20 centres educatius, tant de prim\u00e0ria com d\u2019educaci\u00f3 secund\u00e0ria de tot el territori catal\u00e0. El professorat participant rebr\u00e0 formaci\u00f3 espec\u00edfica i acompanyament del Departament vinculada amb l\u2019educaci\u00f3 medi\u00e0tica. El programa t\u00e9 per finalitat que l\u2019alumnat dels centres educatius participants esdevinguin ciutadans actius, cr\u00edtics, participatius i democr\u00e0tics en l&#8217;\u00e0mbit digital.<\/p>\n<p>L\u2019objectiu d\u2019aquesta acci\u00f3 \u00e9s oferir a infants i joves els recursos i eines amb els seg\u00fcents objectius, entre d\u2019altres:<\/p>\n<p>\u00b7Analitzar cr\u00edticament els mitjans, identificar intencions i biaixos, i crear continguts responsables.<\/p>\n<p>\u00b7Com i quan buscar informaci\u00f3, fiabilitat de les fonts i \u00e8tica de la informaci\u00f3.<\/p>\n<p>\u00b7\u00das dels mitjans audiovisuals per a la producci\u00f3 personal i col\u00b7lectiva.<\/p>\n<p><strong>M\u00e9s informaci\u00f3 en aquest <a href=\"https:\/\/govern.cat\/salapremsa\/notes-premsa\/690622\/fes-clic-programa-promoure-leducacio-mediatica-lalumnat-evitar-fake-news\" target=\"_blank\" rel=\"noopener\">enlla\u00e7<\/a><\/strong>.<\/p>\n<hr \/>\n<p><strong>RELACIONAT:<\/strong><\/p>\n<blockquote class=\"wp-embedded-content\" data-secret=\"LPrLHMfyUx\"><p><a href=\"https:\/\/serveiseducatius.xtec.cat\/altcamp\/recursos\/recomanem\/learn-to-check\/\">Learn to Check<\/a><\/p><\/blockquote>\n<p><iframe loading=\"lazy\" class=\"wp-embedded-content\" sandbox=\"allow-scripts\" security=\"restricted\" style=\"position: absolute; clip: rect(1px, 1px, 1px, 1px);\" title=\"&#8220;Learn to Check&#8221; &#8212; Servei Educatiu de l&#039;Alt Camp\" src=\"https:\/\/serveiseducatius.xtec.cat\/altcamp\/recursos\/recomanem\/learn-to-check\/embed\/#?secret=u0JVeMNBVA#?secret=LPrLHMfyUx\" data-secret=\"LPrLHMfyUx\" width=\"500\" height=\"282\" frameborder=\"0\" marginwidth=\"0\" marginheight=\"0\" scrolling=\"no\"><\/iframe><\/p>\n<blockquote class=\"wp-embedded-content\" data-secret=\"mEhD3JKHYU\"><p><a href=\"https:\/\/serveiseducatius.xtec.cat\/altcamp\/dinamitzacio\/escoles-verdes\/informant-de-ciencia-amb-ciencia\/\">Informant de ci\u00e8ncia amb ci\u00e8ncia<\/a><\/p><\/blockquote>\n<p><iframe loading=\"lazy\" class=\"wp-embedded-content\" sandbox=\"allow-scripts\" security=\"restricted\" style=\"position: absolute; clip: rect(1px, 1px, 1px, 1px);\" title=\"&#8220;Informant de ci\u00e8ncia amb ci\u00e8ncia&#8221; &#8212; Servei Educatiu de l&#039;Alt Camp\" src=\"https:\/\/serveiseducatius.xtec.cat\/altcamp\/dinamitzacio\/escoles-verdes\/informant-de-ciencia-amb-ciencia\/embed\/#?secret=PUY7JUPeOf#?secret=mEhD3JKHYU\" data-secret=\"mEhD3JKHYU\" width=\"500\" height=\"282\" frameborder=\"0\" marginwidth=\"0\" marginheight=\"0\" scrolling=\"no\"><\/iframe><\/p>\n<blockquote class=\"wp-embedded-content\" data-secret=\"cm82ph4nGJ\"><p><a href=\"https:\/\/serveiseducatius.xtec.cat\/altcamp\/actualitat\/10-tipus-de-desinformacio-que-solen-trobar-se-a-les-xarxes-socials\/\">10 tipus de desinformaci\u00f3 que solen trobar-se a les xarxes socials<\/a><\/p><\/blockquote>\n<p><iframe loading=\"lazy\" class=\"wp-embedded-content\" sandbox=\"allow-scripts\" security=\"restricted\" style=\"position: absolute; clip: rect(1px, 1px, 1px, 1px);\" title=\"&#8220;10 tipus de desinformaci\u00f3 que solen trobar-se a les xarxes socials&#8221; &#8212; Servei Educatiu de l&#039;Alt Camp\" src=\"https:\/\/serveiseducatius.xtec.cat\/altcamp\/actualitat\/10-tipus-de-desinformacio-que-solen-trobar-se-a-les-xarxes-socials\/embed\/#?secret=HD06CqjUwG#?secret=cm82ph4nGJ\" data-secret=\"cm82ph4nGJ\" width=\"500\" height=\"282\" frameborder=\"0\" marginwidth=\"0\" marginheight=\"0\" scrolling=\"no\"><\/iframe><\/p>\n<blockquote class=\"wp-embedded-content\" data-secret=\"zt0x6V4Rz4\"><p><a href=\"https:\/\/serveiseducatius.xtec.cat\/altcamp\/actualitat\/la-gran-aventura-de-cacar-mentides\/\">La gran aventura de ca\u00e7ar mentides!<\/a><\/p><\/blockquote>\n<p><iframe loading=\"lazy\" class=\"wp-embedded-content\" sandbox=\"allow-scripts\" security=\"restricted\" style=\"position: absolute; clip: rect(1px, 1px, 1px, 1px);\" title=\"&#8220;La gran aventura de ca\u00e7ar mentides!&#8221; &#8212; Servei Educatiu de l&#039;Alt Camp\" src=\"https:\/\/serveiseducatius.xtec.cat\/altcamp\/actualitat\/la-gran-aventura-de-cacar-mentides\/embed\/#?secret=RdMPeR7Cut#?secret=zt0x6V4Rz4\" data-secret=\"zt0x6V4Rz4\" width=\"500\" height=\"282\" frameborder=\"0\" marginwidth=\"0\" marginheight=\"0\" scrolling=\"no\"><\/iframe><\/p>\n<blockquote class=\"wp-embedded-content\" data-secret=\"uwX4Wpdhzj\"><p><a href=\"https:\/\/serveiseducatius.xtec.cat\/altcamp\/recursos\/recomanem\/com-detectar-i-combatre-la-desinformacio\/\">Com detectar i combatre la desinformaci\u00f3<\/a><\/p><\/blockquote>\n<p><iframe loading=\"lazy\" class=\"wp-embedded-content\" sandbox=\"allow-scripts\" security=\"restricted\" style=\"position: absolute; clip: rect(1px, 1px, 1px, 1px);\" title=\"&#8220;Com detectar i combatre la desinformaci\u00f3&#8221; &#8212; Servei Educatiu de l&#039;Alt Camp\" src=\"https:\/\/serveiseducatius.xtec.cat\/altcamp\/recursos\/recomanem\/com-detectar-i-combatre-la-desinformacio\/embed\/#?secret=U70axXC6OY#?secret=uwX4Wpdhzj\" data-secret=\"uwX4Wpdhzj\" width=\"500\" height=\"282\" frameborder=\"0\" marginwidth=\"0\" marginheight=\"0\" scrolling=\"no\"><\/iframe><\/p>\n<blockquote class=\"wp-embedded-content\" data-secret=\"SOQSWPdsPJ\"><p><a href=\"https:\/\/serveiseducatius.xtec.cat\/altcamp\/actualitat\/ets-capac-de-conspirar\/\">&#8220;Ets capa\u00e7 de conspirar?&#8221;<\/a><\/p><\/blockquote>\n<p><iframe loading=\"lazy\" class=\"wp-embedded-content\" sandbox=\"allow-scripts\" security=\"restricted\" style=\"position: absolute; clip: rect(1px, 1px, 1px, 1px);\" title=\"&#8220;&#8220;Ets capa\u00e7 de conspirar?&#8221;&#8221; &#8212; Servei Educatiu de l&#039;Alt Camp\" src=\"https:\/\/serveiseducatius.xtec.cat\/altcamp\/actualitat\/ets-capac-de-conspirar\/embed\/#?secret=v1ipkL18zg#?secret=SOQSWPdsPJ\" data-secret=\"SOQSWPdsPJ\" width=\"500\" height=\"282\" frameborder=\"0\" marginwidth=\"0\" marginheight=\"0\" scrolling=\"no\"><\/iframe><\/p>\n<blockquote class=\"wp-embedded-content\" data-secret=\"8KSK3BIiyR\"><p><a href=\"https:\/\/serveiseducatius.xtec.cat\/altcamp\/actualitat\/prevencio-de-discursos-negacionistes\/\">Prevenci\u00f3 de discursos negacionistes<\/a><\/p><\/blockquote>\n<p><iframe loading=\"lazy\" class=\"wp-embedded-content\" sandbox=\"allow-scripts\" security=\"restricted\" style=\"position: absolute; clip: rect(1px, 1px, 1px, 1px);\" title=\"&#8220;Prevenci\u00f3 de discursos negacionistes&#8221; &#8212; Servei Educatiu de l&#039;Alt Camp\" src=\"https:\/\/serveiseducatius.xtec.cat\/altcamp\/actualitat\/prevencio-de-discursos-negacionistes\/embed\/#?secret=3UlvNIRU97#?secret=8KSK3BIiyR\" data-secret=\"8KSK3BIiyR\" width=\"500\" height=\"282\" frameborder=\"0\" marginwidth=\"0\" marginheight=\"0\" scrolling=\"no\"><\/iframe><\/p>\n<p>&nbsp;<\/p>\n<table>\n<tbody>\n<tr>\n<td><strong>Recursos relacionats:<\/strong><\/td>\n<\/tr>\n<\/tbody>\n<\/table>\n<p><a href=\"https:\/\/serveiseducatius.xtec.cat\/altcamp\/categoria\/pseudociencia\/\" target=\"_blank\" rel=\"noopener\"><strong>\u2192 Sembla ci\u00e8ncia, per\u00f2 no ho \u00e9s. Quin mal fan les pseudoci\u00e8ncies?<\/strong><\/a><\/p>\n<p>Recull de recursos en aquest <a href=\"https:\/\/serveiseducatius.xtec.cat\/altcamp\/categoria\/pseudociencia\/\" target=\"_blank\" rel=\"noopener\"><strong>enlla\u00e7<\/strong><\/a><\/p>\n","protected":false},"excerpt":{"rendered":"<p>Fes el clic, \u00e9s el nou programa del Departament d&#8217;Educaci\u00f3 i Formaci\u00f3 Professional per promoure l\u2019educaci\u00f3 medi\u00e0tica entre l\u2019alumnat. El programa tindr\u00e0 una durada de 3 cursos escolars, i es dur\u00e0 a terme de forma inicial en un total de 20 centres educatius, tant de prim\u00e0ria com d\u2019educaci\u00f3 secund\u00e0ria de tot el territori catal\u00e0. El [&hellip;]<\/p>\n","protected":false},"author":4,"featured_media":17534,"comment_status":"closed","ping_status":"closed","sticky":false,"template":"","format":"standard","meta":{"_bbp_topic_count":0,"_bbp_reply_count":0,"_bbp_total_topic_count":0,"_bbp_total_reply_count":0,"_bbp_voice_count":0,"_bbp_anonymous_reply_count":0,"_bbp_topic_count_hidden":0,"_bbp_reply_count_hidden":0,"_bbp_forum_subforum_count":0,"site-sidebar-layout":"default","site-content-layout":"","ast-site-content-layout":"","site-content-style":"default","site-sidebar-style":"default","ast-global-header-display":"","ast-banner-title-visibility":"","ast-main-header-display":"","ast-hfb-above-header-display":"","ast-hfb-below-header-display":"","ast-hfb-mobile-header-display":"","site-post-title":"","ast-breadcrumbs-content":"","ast-featured-img":"","footer-sml-layout":"","theme-transparent-header-meta":"","adv-header-id-meta":"","stick-header-meta":"","header-above-stick-meta":"","header-main-stick-meta":"","header-below-stick-meta":"","astra-migrate-meta-layouts":"default","ast-page-background-enabled":"default","ast-page-background-meta":{"desktop":{"background-color":"var(--ast-global-color-4)","background-image":"","background-repeat":"repeat","background-position":"center center","background-size":"auto","background-attachment":"scroll","background-type":"","background-media":"","overlay-type":"","overlay-color":"","overlay-opacity":"","overlay-gradient":""},"tablet":{"background-color":"","background-image":"","background-repeat":"repeat","background-position":"center center","background-size":"auto","background-attachment":"scroll","background-type":"","background-media":"","overlay-type":"","overlay-color":"","overlay-opacity":"","overlay-gradient":""},"mobile":{"background-color":"","background-image":"","background-repeat":"repeat","background-position":"center center","background-size":"auto","background-attachment":"scroll","background-type":"","background-media":"","overlay-type":"","overlay-color":"","overlay-opacity":"","overlay-gradient":""}},"ast-content-background-meta":{"desktop":{"background-color":"var(--ast-global-color-5)","background-image":"","background-repeat":"repeat","background-position":"center center","background-size":"auto","background-attachment":"scroll","background-type":"","background-media":"","overlay-type":"","overlay-color":"","overlay-opacity":"","overlay-gradient":""},"tablet":{"background-color":"var(--ast-global-color-5)","background-image":"","background-repeat":"repeat","background-position":"center center","background-size":"auto","background-attachment":"scroll","background-type":"","background-media":"","overlay-type":"","overlay-color":"","overlay-opacity":"","overlay-gradient":""},"mobile":{"background-color":"var(--ast-global-color-5)","background-image":"","background-repeat":"repeat","background-position":"center center","background-size":"auto","background-attachment":"scroll","background-type":"","background-media":"","overlay-type":"","overlay-color":"","overlay-opacity":"","overlay-gradient":""}},"footnotes":""},"categories":[282,1],"tags":[566,1041,460,1562,1183,742,432],"class_list":["post-17533","post","type-post","status-publish","format-standard","has-post-thumbnail","hentry","category-actualitat","category-general","tag-centres-educatius","tag-competencia-comunicativa","tag-comunicacio","tag-cultura-democratica","tag-educacio-mediatica","tag-fake-news","tag-pensament-critic"],"post_mailing_queue_ids":[],"_links":{"self":[{"href":"https:\/\/serveiseducatius.xtec.cat\/altcamp\/wp-json\/wp\/v2\/posts\/17533","targetHints":{"allow":["GET"]}}],"collection":[{"href":"https:\/\/serveiseducatius.xtec.cat\/altcamp\/wp-json\/wp\/v2\/posts"}],"about":[{"href":"https:\/\/serveiseducatius.xtec.cat\/altcamp\/wp-json\/wp\/v2\/types\/post"}],"author":[{"embeddable":true,"href":"https:\/\/serveiseducatius.xtec.cat\/altcamp\/wp-json\/wp\/v2\/users\/4"}],"replies":[{"embeddable":true,"href":"https:\/\/serveiseducatius.xtec.cat\/altcamp\/wp-json\/wp\/v2\/comments?post=17533"}],"version-history":[{"count":1,"href":"https:\/\/serveiseducatius.xtec.cat\/altcamp\/wp-json\/wp\/v2\/posts\/17533\/revisions"}],"predecessor-version":[{"id":17539,"href":"https:\/\/serveiseducatius.xtec.cat\/altcamp\/wp-json\/wp\/v2\/posts\/17533\/revisions\/17539"}],"wp:featuredmedia":[{"embeddable":true,"href":"https:\/\/serveiseducatius.xtec.cat\/altcamp\/wp-json\/wp\/v2\/media\/17534"}],"wp:attachment":[{"href":"https:\/\/serveiseducatius.xtec.cat\/altcamp\/wp-json\/wp\/v2\/media?parent=17533"}],"wp:term":[{"taxonomy":"category","embeddable":true,"href":"https:\/\/serveiseducatius.xtec.cat\/altcamp\/wp-json\/wp\/v2\/categories?post=17533"},{"taxonomy":"post_tag","embeddable":true,"href":"https:\/\/serveiseducatius.xtec.cat\/altcamp\/wp-json\/wp\/v2\/tags?post=17533"}],"curies":[{"name":"wp","href":"https:\/\/api.w.org\/{rel}","templated":true}]}}