{"id":17411,"date":"2025-02-25T11:43:09","date_gmt":"2025-02-25T10:43:09","guid":{"rendered":"https:\/\/serveiseducatius.xtec.cat\/altcamp\/?p=17411"},"modified":"2025-02-25T11:43:09","modified_gmt":"2025-02-25T10:43:09","slug":"vi-concurs-fotografia-matematica","status":"publish","type":"post","link":"https:\/\/serveiseducatius.xtec.cat\/altcamp\/general\/vi-concurs-fotografia-matematica\/","title":{"rendered":"VI concurs fotografia matem\u00e0tica"},"content":{"rendered":"<p><a href=\"https:\/\/apamms.feemcat.org\/2025\/02\/20\/vi-concurs-fotografia-matematica\/\" target=\"_blank\" rel=\"noopener\"><img loading=\"lazy\" decoding=\"async\" class=\"alignleft wp-image-17412\" src=\"https:\/\/serveiseducatius.xtec.cat\/altcamp\/wp-content\/uploads\/usu1130\/2025\/02\/Cartell-Concurs-fotografia-matematica.jpg\" alt=\"\" width=\"474\" height=\"670\" srcset=\"https:\/\/serveiseducatius.xtec.cat\/altcamp\/wp-content\/uploads\/usu1130\/2025\/02\/Cartell-Concurs-fotografia-matematica.jpg 724w, https:\/\/serveiseducatius.xtec.cat\/altcamp\/wp-content\/uploads\/usu1130\/2025\/02\/Cartell-Concurs-fotografia-matematica-212x300.jpg 212w\" sizes=\"auto, (max-width: 474px) 100vw, 474px\" \/><\/a><\/p>\n<p>&nbsp;<\/p>\n<p>L\u2019APaMMs convoca el <a href=\"https:\/\/apamms.feemcat.org\/2025\/02\/20\/vi-concurs-fotografia-matematica\/\" target=\"_blank\" rel=\"noopener\"><strong>VI Concurs de Fotografia Matem\u00e0tica<\/strong>. <\/a>Hi poden participar els centres de prim\u00e0ria i secund\u00e0ria. (Alumnes i docents de tots els nivells educatius). L\u2019objectiu \u00e9s el de fomentar en els diferents centres l\u2019activitat did\u00e0ctica de Fotografia Matem\u00e0tica, com a forma d\u2019aprendre a descobrir conceptes i objectes matem\u00e0tics del nostre voltant.<\/p>\n<p>Es valorar\u00e0 tant la qualitat de la imatge com el contingut matem\u00e0tic a qu\u00e8 faci refer\u00e8ncia el t\u00edtol.<\/p>\n<p>Trobareu tota la informaci\u00f3 en aquest <a href=\"https:\/\/apamms.feemcat.org\/2025\/02\/20\/vi-concurs-fotografia-matematica\/\" target=\"_blank\" rel=\"noopener\"><strong>enlla\u00e7<\/strong><\/a><\/p>\n<p>&nbsp;<\/p>\n<p><b>Termini presentaci\u00f3 de fotografies<\/b><\/p>\n<p>Les fotografies s\u2019enviaran abans del dissabte\u00a0 20 d\u2019abril.<\/p>\n","protected":false},"excerpt":{"rendered":"<p>&nbsp; L\u2019APaMMs convoca el VI Concurs de Fotografia Matem\u00e0tica. Hi poden participar els centres de prim\u00e0ria i secund\u00e0ria. (Alumnes i docents de tots els nivells educatius). L\u2019objectiu \u00e9s el de fomentar en els diferents centres l\u2019activitat did\u00e0ctica de Fotografia Matem\u00e0tica, com a forma d\u2019aprendre a descobrir conceptes i objectes matem\u00e0tics del nostre voltant. Es valorar\u00e0 [&hellip;]<\/p>\n","protected":false},"author":4,"featured_media":17412,"comment_status":"closed","ping_status":"closed","sticky":false,"template":"","format":"standard","meta":{"_bbp_topic_count":0,"_bbp_reply_count":0,"_bbp_total_topic_count":0,"_bbp_total_reply_count":0,"_bbp_voice_count":0,"_bbp_anonymous_reply_count":0,"_bbp_topic_count_hidden":0,"_bbp_reply_count_hidden":0,"_bbp_forum_subforum_count":0,"site-sidebar-layout":"default","site-content-layout":"","ast-site-content-layout":"","site-content-style":"default","site-sidebar-style":"default","ast-global-header-display":"","ast-banner-title-visibility":"","ast-main-header-display":"","ast-hfb-above-header-display":"","ast-hfb-below-header-display":"","ast-hfb-mobile-header-display":"","site-post-title":"","ast-breadcrumbs-content":"","ast-featured-img":"","footer-sml-layout":"","theme-transparent-header-meta":"","adv-header-id-meta":"","stick-header-meta":"","header-above-stick-meta":"","header-main-stick-meta":"","header-below-stick-meta":"","astra-migrate-meta-layouts":"default","ast-page-background-enabled":"default","ast-page-background-meta":{"desktop":{"background-color":"var(--ast-global-color-4)","background-image":"","background-repeat":"repeat","background-position":"center center","background-size":"auto","background-attachment":"scroll","background-type":"","background-media":"","overlay-type":"","overlay-color":"","overlay-opacity":"","overlay-gradient":""},"tablet":{"background-color":"","background-image":"","background-repeat":"repeat","background-position":"center center","background-size":"auto","background-attachment":"scroll","background-type":"","background-media":"","overlay-type":"","overlay-color":"","overlay-opacity":"","overlay-gradient":""},"mobile":{"background-color":"","background-image":"","background-repeat":"repeat","background-position":"center center","background-size":"auto","background-attachment":"scroll","background-type":"","background-media":"","overlay-type":"","overlay-color":"","overlay-opacity":"","overlay-gradient":""}},"ast-content-background-meta":{"desktop":{"background-color":"var(--ast-global-color-5)","background-image":"","background-repeat":"repeat","background-position":"center center","background-size":"auto","background-attachment":"scroll","background-type":"","background-media":"","overlay-type":"","overlay-color":"","overlay-opacity":"","overlay-gradient":""},"tablet":{"background-color":"var(--ast-global-color-5)","background-image":"","background-repeat":"repeat","background-position":"center center","background-size":"auto","background-attachment":"scroll","background-type":"","background-media":"","overlay-type":"","overlay-color":"","overlay-opacity":"","overlay-gradient":""},"mobile":{"background-color":"var(--ast-global-color-5)","background-image":"","background-repeat":"repeat","background-position":"center center","background-size":"auto","background-attachment":"scroll","background-type":"","background-media":"","overlay-type":"","overlay-color":"","overlay-opacity":"","overlay-gradient":""}},"footnotes":""},"categories":[282,1],"tags":[597,350,365,41],"class_list":["post-17411","post","type-post","status-publish","format-standard","has-post-thumbnail","hentry","category-actualitat","category-general","tag-art","tag-concursos","tag-fotografia","tag-matematiques"],"post_mailing_queue_ids":[],"_links":{"self":[{"href":"https:\/\/serveiseducatius.xtec.cat\/altcamp\/wp-json\/wp\/v2\/posts\/17411","targetHints":{"allow":["GET"]}}],"collection":[{"href":"https:\/\/serveiseducatius.xtec.cat\/altcamp\/wp-json\/wp\/v2\/posts"}],"about":[{"href":"https:\/\/serveiseducatius.xtec.cat\/altcamp\/wp-json\/wp\/v2\/types\/post"}],"author":[{"embeddable":true,"href":"https:\/\/serveiseducatius.xtec.cat\/altcamp\/wp-json\/wp\/v2\/users\/4"}],"replies":[{"embeddable":true,"href":"https:\/\/serveiseducatius.xtec.cat\/altcamp\/wp-json\/wp\/v2\/comments?post=17411"}],"version-history":[{"count":1,"href":"https:\/\/serveiseducatius.xtec.cat\/altcamp\/wp-json\/wp\/v2\/posts\/17411\/revisions"}],"predecessor-version":[{"id":17413,"href":"https:\/\/serveiseducatius.xtec.cat\/altcamp\/wp-json\/wp\/v2\/posts\/17411\/revisions\/17413"}],"wp:featuredmedia":[{"embeddable":true,"href":"https:\/\/serveiseducatius.xtec.cat\/altcamp\/wp-json\/wp\/v2\/media\/17412"}],"wp:attachment":[{"href":"https:\/\/serveiseducatius.xtec.cat\/altcamp\/wp-json\/wp\/v2\/media?parent=17411"}],"wp:term":[{"taxonomy":"category","embeddable":true,"href":"https:\/\/serveiseducatius.xtec.cat\/altcamp\/wp-json\/wp\/v2\/categories?post=17411"},{"taxonomy":"post_tag","embeddable":true,"href":"https:\/\/serveiseducatius.xtec.cat\/altcamp\/wp-json\/wp\/v2\/tags?post=17411"}],"curies":[{"name":"wp","href":"https:\/\/api.w.org\/{rel}","templated":true}]}}