{"id":17266,"date":"2025-02-05T15:22:11","date_gmt":"2025-02-05T14:22:11","guid":{"rendered":"https:\/\/serveiseducatius.xtec.cat\/altcamp\/?p=17266"},"modified":"2025-02-05T15:22:19","modified_gmt":"2025-02-05T14:22:19","slug":"dia-de-la-internet-segura-3","status":"publish","type":"post","link":"https:\/\/serveiseducatius.xtec.cat\/altcamp\/general\/dia-de-la-internet-segura-3\/","title":{"rendered":"Dia de la Internet Segura"},"content":{"rendered":"<div>\n<p class=\"gmail_default\">El proper 11 de febrer se celebra el <strong>Dia de la Internet Segura<\/strong>. Com cada any hi ha un tema i un lema. Enguany \u00e9s \u2018<em><strong>Guanya el hacker<\/strong><\/em>\u2019 per conscienciar sobre els\u00a0<a title=\"perills que afecten infants, adolescents i ciutadans en l'entorn digital\" href=\"https:\/\/ciberseguretat.gencat.cat\/ca\/actualitat\/dia-de-la-internet-segura\/\" target=\"_blank\" rel=\"noopener\" data-saferedirecturl=\"https:\/\/www.google.com\/url?q=https:\/\/ciberseguretat.gencat.cat\/ca\/actualitat\/dia-de-la-internet-segura\/&amp;source=gmail&amp;ust=1738836325213000&amp;usg=AOvVaw1pD-KAxWRthCrysuyiBJ4B\">perills que afecten infants, adolescents i ciutadans en l&#8217;entorn digital<\/a>.<\/p>\n<p class=\"gmail_default\">Trobareu la<strong> informaci\u00f3<\/strong> a:<\/p>\n<\/div>\n<div>\n<p class=\"gmail_default\"><a href=\"https:\/\/xtec.gencat.cat\/ca\/recursos\/tecinformacio\/internet_segura\/diainternet\/\" target=\"_blank\" rel=\"noopener\" data-saferedirecturl=\"https:\/\/www.google.com\/url?q=https:\/\/xtec.gencat.cat\/ca\/recursos\/tecinformacio\/internet_segura\/diainternet\/&amp;source=gmail&amp;ust=1738836325213000&amp;usg=AOvVaw0F1WoG7R66Os7hkYtjtekK\">https:\/\/xtec.gencat.cat\/ca\/<wbr \/>recursos\/tecinformacio\/<wbr \/>internet_segura\/diainternet\/<\/a><\/p>\n<p><a href=\"https:\/\/ciberseguretat.gencat.cat\/ca\/actualitat\/dia-de-la-internet-segura\/\" target=\"_blank\" rel=\"noopener\"><img loading=\"lazy\" decoding=\"async\" class=\"alignnone wp-image-17268 size-full\" src=\"https:\/\/serveiseducatius.xtec.cat\/altcamp\/wp-content\/uploads\/usu1130\/2025\/02\/Guanya-el-hacker.jpg\" alt=\"\" width=\"800\" height=\"104\" srcset=\"https:\/\/serveiseducatius.xtec.cat\/altcamp\/wp-content\/uploads\/usu1130\/2025\/02\/Guanya-el-hacker.jpg 800w, https:\/\/serveiseducatius.xtec.cat\/altcamp\/wp-content\/uploads\/usu1130\/2025\/02\/Guanya-el-hacker-300x39.jpg 300w, https:\/\/serveiseducatius.xtec.cat\/altcamp\/wp-content\/uploads\/usu1130\/2025\/02\/Guanya-el-hacker-768x100.jpg 768w\" sizes=\"auto, (max-width: 800px) 100vw, 800px\" \/><\/a><\/p>\n<p>L&#8217;Ag\u00e8ncia de Ciberseguretat ha preparat per aquest 2025 diverses activitats orientades a millorar les capacitats i les habilitats dels usuaris d&#8217;Internet sota el lema &#8216;<a href=\"https:\/\/ciberseguretat.gencat.cat\/ca\/actualitat\/dia-de-la-internet-segura\/\" target=\"_blank\" rel=\"noopener\"><em><strong>Guanya el hacke<\/strong><\/em><\/a>r&#8217;. Cadascuna d&#8217;aquestes activitats ha estat adaptada a un p\u00fablic concret, ja que l&#8217;\u00fas que fan infants, adolescents i adults de les noves tecnologies no \u00e9s el mateix.<\/p>\n<p>Entre els infants es treballar\u00e0 especialment el problema del ciberassetjament o la detecci\u00f3 de persones que es fan passar per menors per enganyar els infants; i entre els adolescents, es posar\u00e0 el focus en l&#8217;\u00fas de les xarxes socials o la conscienciaci\u00f3 sobre l&#8217;exposici\u00f3 de les dades personals a Internet, entre altres. En el cas dels adults, una de les principals tem\u00e0tiques \u00e9s com prevenir i evitar les ciberestafes. En tots els casos, la intenci\u00f3 \u00e9s que despr\u00e9s de realitzar l&#8217;activitat l&#8217;usuari tingui m\u00e9s eines i coneixements per tenir una vida digital m\u00e9s segura.<\/p>\n<div>\n<p><strong>M\u00e9s informaci\u00f3<\/strong> a l&#8217;enlla\u00e7:<\/p>\n<\/div>\n<p class=\"gmail_default\"><a href=\"https:\/\/ciberseguretat.gencat.cat\/ca\/actualitat\/dia-de-la-internet-segura\/\" target=\"_blank\" rel=\"noopener\" data-saferedirecturl=\"https:\/\/www.google.com\/url?q=https:\/\/ciberseguretat.gencat.cat\/ca\/actualitat\/dia-de-la-internet-segura\/&amp;source=gmail&amp;ust=1738836325213000&amp;usg=AOvVaw1pD-KAxWRthCrysuyiBJ4B\">https:\/\/ciberseguretat.gencat.<wbr \/>cat\/ca\/actualitat\/dia-de-la-<wbr \/>internet-segura\/<\/a><\/p>\n<p class=\"gmail_default\">M\u00e9s jocs en l\u00ednia a:<\/p>\n<p class=\"gmail_default\"><a href=\"https:\/\/www.edu365.cat\/internetsegura\/index.html\" target=\"_blank\" rel=\"noopener\" data-saferedirecturl=\"https:\/\/www.google.com\/url?q=https:\/\/www.edu365.cat\/internetsegura\/index.html&amp;source=gmail&amp;ust=1738836325213000&amp;usg=AOvVaw0Mmn9gE9jKSu4GCgobWfBY\">https:\/\/www.edu365.cat\/<wbr \/>internetsegura\/index.html<\/a><\/p>\n<p><strong>Taller en l\u00ednia: <\/strong>(A partir de 4t d\u2019educaci\u00f3 prim\u00e0ria i E.S.O)<\/p>\n<p><img loading=\"lazy\" decoding=\"async\" class=\"size-full wp-image-24793 alignleft\" src=\"https:\/\/serveiseducatius.xtec.cat\/altemporda\/wp-content\/uploads\/usu1156\/2025\/02\/unnamed-3.png\" sizes=\"auto, (max-width: 500px) 100vw, 500px\" srcset=\"https:\/\/serveiseducatius.xtec.cat\/altemporda\/wp-content\/uploads\/usu1156\/2025\/02\/unnamed-3.png 500w, https:\/\/serveiseducatius.xtec.cat\/altemporda\/wp-content\/uploads\/usu1156\/2025\/02\/unnamed-3-300x150.png 300w\" alt=\"\" width=\"500\" height=\"250\" \/><\/p>\n<p><strong>L<\/strong>\u2019Institut Nacional de Tecnologies Educatives i Formaci\u00f3 del Professorat (INTEF) ha creat el seg\u00fcent taller per l\u2019alumnat de 4t de prim\u00e0ria, cicle superior E.P. i d\u2019E.S.O.<\/p>\n<ul>\n<li>T\u00edtol: \u201cPiensa, conecta y elige tu camino en Internet\u201d<\/li>\n<li>Dia: dimarts 11 de febrer<\/li>\n<li>Hora: de 10.30\u202fh a 11.00\u202fh<\/li>\n<li>Lloc: s<em>treaming online<\/em>\u00a0des de la seg\u00fcent web:\u00a0<a href=\"https:\/\/www.incibe.es\/eventos\/sid\" target=\"_blank\" rel=\"noopener\">https:\/\/www.incibe.es\/eventos\/sid<\/a><\/li>\n<li>Edat orientativa: A partir de 4t d\u2019educaci\u00f3 prim\u00e0ria i E.S.O.<\/li>\n<\/ul>\n<p>Es tracta d\u2019un taller per treballar amb l\u2019alumnat la presa de decisions intel\u00b7ligents davant del ciberassetjament, els continguts perjudicials o els reptes virals.<\/p>\n<p>No \u00e9s necessari inscriure\u2019s pr\u00e8viament, nom\u00e9s cal connectar-se a la web<a href=\"https:\/\/www.incibe.es\/eventos\/sid\" target=\"_blank\" rel=\"noopener\">\u00a0https:\/\/www.incibe.es\/eventos\/sid<\/a>\u00a0en el moment del taller.<\/p>\n<p>Per a m\u00e9s informaci\u00f3 sobre com accedir al taller, interactuar amb les votacions, o b\u00e9 per descarregar la fitxa did\u00e0ctica complement\u00e0ria (que es pot utilitzar a l\u2019aula despr\u00e9s del taller), accediu a la mateixa web.<\/p>\n<p>Aquell dia tamb\u00e9 trobareu activitats que es podran seguir en streaming des de la mateixa web tamb\u00e9.<\/p>\n<\/div>\n","protected":false},"excerpt":{"rendered":"<p>El proper 11 de febrer se celebra el Dia de la Internet Segura. Com cada any hi ha un tema i un lema. Enguany \u00e9s \u2018Guanya el hacker\u2019 per conscienciar sobre els\u00a0perills que afecten infants, adolescents i ciutadans en l&#8217;entorn digital. Trobareu la informaci\u00f3 a: https:\/\/xtec.gencat.cat\/ca\/recursos\/tecinformacio\/internet_segura\/diainternet\/ L&#8217;Ag\u00e8ncia de Ciberseguretat ha preparat per aquest 2025 diverses [&hellip;]<\/p>\n","protected":false},"author":4,"featured_media":17267,"comment_status":"closed","ping_status":"closed","sticky":false,"template":"","format":"standard","meta":{"_bbp_topic_count":0,"_bbp_reply_count":0,"_bbp_total_topic_count":0,"_bbp_total_reply_count":0,"_bbp_voice_count":0,"_bbp_anonymous_reply_count":0,"_bbp_topic_count_hidden":0,"_bbp_reply_count_hidden":0,"_bbp_forum_subforum_count":0,"site-sidebar-layout":"default","site-content-layout":"","ast-site-content-layout":"","site-content-style":"default","site-sidebar-style":"default","ast-global-header-display":"","ast-banner-title-visibility":"","ast-main-header-display":"","ast-hfb-above-header-display":"","ast-hfb-below-header-display":"","ast-hfb-mobile-header-display":"","site-post-title":"","ast-breadcrumbs-content":"","ast-featured-img":"","footer-sml-layout":"","theme-transparent-header-meta":"","adv-header-id-meta":"","stick-header-meta":"","header-above-stick-meta":"","header-main-stick-meta":"","header-below-stick-meta":"","astra-migrate-meta-layouts":"default","ast-page-background-enabled":"default","ast-page-background-meta":{"desktop":{"background-color":"var(--ast-global-color-4)","background-image":"","background-repeat":"repeat","background-position":"center center","background-size":"auto","background-attachment":"scroll","background-type":"","background-media":"","overlay-type":"","overlay-color":"","overlay-opacity":"","overlay-gradient":""},"tablet":{"background-color":"","background-image":"","background-repeat":"repeat","background-position":"center center","background-size":"auto","background-attachment":"scroll","background-type":"","background-media":"","overlay-type":"","overlay-color":"","overlay-opacity":"","overlay-gradient":""},"mobile":{"background-color":"","background-image":"","background-repeat":"repeat","background-position":"center center","background-size":"auto","background-attachment":"scroll","background-type":"","background-media":"","overlay-type":"","overlay-color":"","overlay-opacity":"","overlay-gradient":""}},"ast-content-background-meta":{"desktop":{"background-color":"var(--ast-global-color-5)","background-image":"","background-repeat":"repeat","background-position":"center center","background-size":"auto","background-attachment":"scroll","background-type":"","background-media":"","overlay-type":"","overlay-color":"","overlay-opacity":"","overlay-gradient":""},"tablet":{"background-color":"var(--ast-global-color-5)","background-image":"","background-repeat":"repeat","background-position":"center center","background-size":"auto","background-attachment":"scroll","background-type":"","background-media":"","overlay-type":"","overlay-color":"","overlay-opacity":"","overlay-gradient":""},"mobile":{"background-color":"var(--ast-global-color-5)","background-image":"","background-repeat":"repeat","background-position":"center center","background-size":"auto","background-attachment":"scroll","background-type":"","background-media":"","overlay-type":"","overlay-color":"","overlay-opacity":"","overlay-gradient":""}},"footnotes":""},"categories":[282,1],"tags":[362,653,433],"class_list":["post-17266","post","type-post","status-publish","format-standard","has-post-thumbnail","hentry","category-actualitat","category-general","tag-internet","tag-internet-segura","tag-us-dinternet"],"post_mailing_queue_ids":[],"_links":{"self":[{"href":"https:\/\/serveiseducatius.xtec.cat\/altcamp\/wp-json\/wp\/v2\/posts\/17266","targetHints":{"allow":["GET"]}}],"collection":[{"href":"https:\/\/serveiseducatius.xtec.cat\/altcamp\/wp-json\/wp\/v2\/posts"}],"about":[{"href":"https:\/\/serveiseducatius.xtec.cat\/altcamp\/wp-json\/wp\/v2\/types\/post"}],"author":[{"embeddable":true,"href":"https:\/\/serveiseducatius.xtec.cat\/altcamp\/wp-json\/wp\/v2\/users\/4"}],"replies":[{"embeddable":true,"href":"https:\/\/serveiseducatius.xtec.cat\/altcamp\/wp-json\/wp\/v2\/comments?post=17266"}],"version-history":[{"count":2,"href":"https:\/\/serveiseducatius.xtec.cat\/altcamp\/wp-json\/wp\/v2\/posts\/17266\/revisions"}],"predecessor-version":[{"id":17270,"href":"https:\/\/serveiseducatius.xtec.cat\/altcamp\/wp-json\/wp\/v2\/posts\/17266\/revisions\/17270"}],"wp:featuredmedia":[{"embeddable":true,"href":"https:\/\/serveiseducatius.xtec.cat\/altcamp\/wp-json\/wp\/v2\/media\/17267"}],"wp:attachment":[{"href":"https:\/\/serveiseducatius.xtec.cat\/altcamp\/wp-json\/wp\/v2\/media?parent=17266"}],"wp:term":[{"taxonomy":"category","embeddable":true,"href":"https:\/\/serveiseducatius.xtec.cat\/altcamp\/wp-json\/wp\/v2\/categories?post=17266"},{"taxonomy":"post_tag","embeddable":true,"href":"https:\/\/serveiseducatius.xtec.cat\/altcamp\/wp-json\/wp\/v2\/tags?post=17266"}],"curies":[{"name":"wp","href":"https:\/\/api.w.org\/{rel}","templated":true}]}}