{"id":17168,"date":"2025-01-23T12:44:05","date_gmt":"2025-01-23T11:44:05","guid":{"rendered":"https:\/\/serveiseducatius.xtec.cat\/altcamp\/?p=17168"},"modified":"2025-01-23T13:04:20","modified_gmt":"2025-01-23T12:04:20","slug":"pindoles-formatives-del-curriculum","status":"publish","type":"post","link":"https:\/\/serveiseducatius.xtec.cat\/altcamp\/general\/pindoles-formatives-del-curriculum\/","title":{"rendered":"P\u00edndoles formatives del curr\u00edculum"},"content":{"rendered":"<p><strong>Darrers dies d&#8217;inscripci\u00f3.<\/strong><\/p>\n<table style=\"width: 93.7155%; height: 410px;\" border=\"0\" width=\"815\" cellspacing=\"0\" cellpadding=\"0\">\n<tbody>\n<tr style=\"height: 33px;\">\n<td style=\"height: 33px;\" align=\"right\" width=\"120\" height=\"31\"><span style=\"color: #000000;\">9004040557<\/span><\/td>\n<td style=\"height: 33px;\" width=\"695\"><a href=\"https:\/\/aplicacions.gestioeducativa.gencat.cat\/ords\/pls\/soloas\/pk_for_mod_ins.p_for_detall_activitat?p_header=Llista%20d%27activitats%5epk_for_mod_ins.p_for_cons_activitats?p_tipus_act=P1CC,P1DI,P1EC,P1EF,P1GH,P1LC,P1LS,P1MA,P1MU,P1TE,P2BG,P2CC,P2DI,P2EC,P2EF,P2FQ,P2GH,P2LC,P2LE,P2MA,P2MU,P2TE,P2FI,P2DT%26p_totes=S%26p_inici=1%26p_excloure_crp_rec=F&amp;p_codi=9004040557&amp;p_curs=2024-2025&amp;p_excloure_crp_rec=F\" target=\"_blank\" rel=\"noopener\" data-saferedirecturl=\"https:\/\/www.google.com\/url?q=https:\/\/aplicacions.gestioeducativa.gencat.cat\/ords\/pls\/soloas\/pk_for_mod_ins.p_for_detall_activitat?p_header%3DLlista%2520d%2527activitats%255epk_for_mod_ins.p_for_cons_activitats?p_tipus_act%3DP1CC,P1DI,P1EC,P1EF,P1GH,P1LC,P1LS,P1MA,P1MU,P1TE,P2BG,P2CC,P2DI,P2EC,P2EF,P2FQ,P2GH,P2LC,P2LE,P2MA,P2MU,P2TE,P2FI,P2DT%2526p_totes%3DS%2526p_inici%3D1%2526p_excloure_crp_rec%3DF%26p_codi%3D9004040557%26p_curs%3D2024-2025%26p_excloure_crp_rec%3DF&amp;source=gmail&amp;ust=1737713508804000&amp;usg=AOvVaw2JUHIHKzgeL5TH8_pnPZVT\"><span style=\"color: #000000;\">P\u00edndoles formatives del curr\u00edculum . Especialitat Filosofia<\/span><\/a><\/td>\n<\/tr>\n<tr style=\"height: 49px;\">\n<td style=\"height: 49px;\" height=\"19\"><\/td>\n<td style=\"height: 49px;\" width=\"695\"><span style=\"color: #000000;\">Curs. DEP Departament d&#8217;Educaci\u00f3 i Formaci\u00f3 Professional (Barcelona). Del dijous 13\/2\/2025 al 29\/5\/2025 de 17:00 a 19:00<\/span><\/td>\n<\/tr>\n<tr style=\"height: 33px;\">\n<td style=\"height: 33px;\" align=\"right\" width=\"120\" height=\"19\"><span style=\"color: #000000;\">9004020557<\/span><\/td>\n<td style=\"height: 33px;\" width=\"695\"><a href=\"https:\/\/aplicacions.gestioeducativa.gencat.cat\/ords\/pls\/soloas\/pk_for_mod_ins.p_for_detall_activitat?p_header=Llista%20d%27activitats%5epk_for_mod_ins.p_for_cons_activitats?p_tipus_act=P1CC,P1DI,P1EC,P1EF,P1GH,P1LC,P1LS,P1MA,P1MU,P1TE,P2BG,P2CC,P2DI,P2EC,P2EF,P2FQ,P2GH,P2LC,P2LE,P2MA,P2MU,P2TE,P2FI,P2DT%26p_totes=S%26p_inici=1%26p_excloure_crp_rec=F&amp;p_codi=9004020557&amp;p_curs=2024-2025&amp;p_excloure_crp_rec=F\" target=\"_blank\" rel=\"noopener\" data-saferedirecturl=\"https:\/\/www.google.com\/url?q=https:\/\/aplicacions.gestioeducativa.gencat.cat\/ords\/pls\/soloas\/pk_for_mod_ins.p_for_detall_activitat?p_header%3DLlista%2520d%2527activitats%255epk_for_mod_ins.p_for_cons_activitats?p_tipus_act%3DP1CC,P1DI,P1EC,P1EF,P1GH,P1LC,P1LS,P1MA,P1MU,P1TE,P2BG,P2CC,P2DI,P2EC,P2EF,P2FQ,P2GH,P2LC,P2LE,P2MA,P2MU,P2TE,P2FI,P2DT%2526p_totes%3DS%2526p_inici%3D1%2526p_excloure_crp_rec%3DF%26p_codi%3D9004020557%26p_curs%3D2024-2025%26p_excloure_crp_rec%3DF&amp;source=gmail&amp;ust=1737713508804000&amp;usg=AOvVaw1dra2Oj8kOmZCQCXMpAhJo\"><span style=\"color: #000000;\">P\u00edndoles formatives del curr\u00edculum . Especialitat F\u00edsica i Qu\u00edmica<\/span><\/a><\/td>\n<\/tr>\n<tr style=\"height: 49px;\">\n<td style=\"height: 49px;\" height=\"19\"><\/td>\n<td style=\"height: 49px;\" width=\"695\"><span style=\"color: #000000;\">Curs. DEP Departament d&#8217;Educaci\u00f3 i Formaci\u00f3 Professional (Barcelona). Del dijous 13\/2\/2025 al 29\/5\/2025 de 17:00 a 19:00<\/span><\/td>\n<\/tr>\n<tr style=\"height: 33px;\">\n<td style=\"height: 33px;\" align=\"right\" width=\"120\" height=\"19\"><span style=\"color: #000000;\">9004010557<\/span><\/td>\n<td style=\"height: 33px;\" width=\"695\"><a href=\"https:\/\/aplicacions.gestioeducativa.gencat.cat\/ords\/pls\/soloas\/pk_for_mod_ins.p_for_detall_activitat?p_header=Llista%20d%27activitats%5epk_for_mod_ins.p_for_cons_activitats?p_tipus_act=P1CC,P1DI,P1EC,P1EF,P1GH,P1LC,P1LS,P1MA,P1MU,P1TE,P2BG,P2CC,P2DI,P2EC,P2EF,P2FQ,P2GH,P2LC,P2LE,P2MA,P2MU,P2TE,P2FI,P2DT%26p_totes=S%26p_inici=1%26p_excloure_crp_rec=F&amp;p_codi=9004010557&amp;p_curs=2024-2025&amp;p_excloure_crp_rec=F\" target=\"_blank\" rel=\"noopener\" data-saferedirecturl=\"https:\/\/www.google.com\/url?q=https:\/\/aplicacions.gestioeducativa.gencat.cat\/ords\/pls\/soloas\/pk_for_mod_ins.p_for_detall_activitat?p_header%3DLlista%2520d%2527activitats%255epk_for_mod_ins.p_for_cons_activitats?p_tipus_act%3DP1CC,P1DI,P1EC,P1EF,P1GH,P1LC,P1LS,P1MA,P1MU,P1TE,P2BG,P2CC,P2DI,P2EC,P2EF,P2FQ,P2GH,P2LC,P2LE,P2MA,P2MU,P2TE,P2FI,P2DT%2526p_totes%3DS%2526p_inici%3D1%2526p_excloure_crp_rec%3DF%26p_codi%3D9004010557%26p_curs%3D2024-2025%26p_excloure_crp_rec%3DF&amp;source=gmail&amp;ust=1737713508804000&amp;usg=AOvVaw2NdqP9BgmhvI_wilvcMqjO\"><span style=\"color: #000000;\">P\u00edndoles formatives del curr\u00edculum . Especialitat F\u00edsica i Qu\u00edmica<\/span><\/a><\/td>\n<\/tr>\n<tr style=\"height: 49px;\">\n<td style=\"height: 49px;\" height=\"19\"><\/td>\n<td style=\"height: 49px;\" width=\"695\"><span style=\"color: #000000;\">Curs. DEP Departament d&#8217;Educaci\u00f3 i Formaci\u00f3 Professional (Barcelona). Del dimarts 11\/2\/2025 al 27\/5\/2025 de 17:00 a 19:00<\/span><\/td>\n<\/tr>\n<tr style=\"height: 33px;\">\n<td style=\"height: 33px;\" align=\"right\" width=\"120\" height=\"19\"><span style=\"color: #000000;\">9003950557<\/span><\/td>\n<td style=\"height: 33px;\" width=\"695\"><a href=\"https:\/\/aplicacions.gestioeducativa.gencat.cat\/ords\/pls\/soloas\/pk_for_mod_ins.p_for_detall_activitat?p_header=Llista%20d%27activitats%5epk_for_mod_ins.p_for_cons_activitats?p_tipus_act=P1CC,P1DI,P1EC,P1EF,P1GH,P1LC,P1LS,P1MA,P1MU,P1TE,P2BG,P2CC,P2DI,P2EC,P2EF,P2FQ,P2GH,P2LC,P2LE,P2MA,P2MU,P2TE,P2FI,P2DT%26p_totes=S%26p_inici=1%26p_excloure_crp_rec=F&amp;p_codi=9003950557&amp;p_curs=2024-2025&amp;p_excloure_crp_rec=F\" target=\"_blank\" rel=\"noopener\" data-saferedirecturl=\"https:\/\/www.google.com\/url?q=https:\/\/aplicacions.gestioeducativa.gencat.cat\/ords\/pls\/soloas\/pk_for_mod_ins.p_for_detall_activitat?p_header%3DLlista%2520d%2527activitats%255epk_for_mod_ins.p_for_cons_activitats?p_tipus_act%3DP1CC,P1DI,P1EC,P1EF,P1GH,P1LC,P1LS,P1MA,P1MU,P1TE,P2BG,P2CC,P2DI,P2EC,P2EF,P2FQ,P2GH,P2LC,P2LE,P2MA,P2MU,P2TE,P2FI,P2DT%2526p_totes%3DS%2526p_inici%3D1%2526p_excloure_crp_rec%3DF%26p_codi%3D9003950557%26p_curs%3D2024-2025%26p_excloure_crp_rec%3DF&amp;source=gmail&amp;ust=1737713508804000&amp;usg=AOvVaw0BfjDqdWS9yr5hfIcN7G5i\"><span style=\"color: #000000;\">P\u00edndoles formatives del curr\u00edculum . Especialitat Geografia i Hist\u00f2ria<\/span><\/a><\/td>\n<\/tr>\n<tr style=\"height: 49px;\">\n<td style=\"height: 49px;\" height=\"19\"><\/td>\n<td style=\"height: 49px;\" width=\"695\"><span style=\"color: #000000;\">Curs. DEP Departament d&#8217;Educaci\u00f3 i Formaci\u00f3 Professional (Barcelona). Del dimarts 11\/2\/2025 al 27\/5\/2025 de 17:00 a 19:00<\/span><\/td>\n<\/tr>\n<tr style=\"height: 33px;\">\n<td style=\"height: 33px;\" align=\"right\" width=\"120\" height=\"19\"><span style=\"color: #000000;\">9003820557<\/span><\/td>\n<td style=\"height: 33px;\" width=\"695\"><a href=\"https:\/\/aplicacions.gestioeducativa.gencat.cat\/ords\/pls\/soloas\/pk_for_mod_ins.p_for_detall_activitat?p_header=Llista%20d%27activitats%5epk_for_mod_ins.p_for_cons_activitats?p_tipus_act=P1CC,P1DI,P1EC,P1EF,P1GH,P1LC,P1LS,P1MA,P1MU,P1TE,P2BG,P2CC,P2DI,P2EC,P2EF,P2FQ,P2GH,P2LC,P2LE,P2MA,P2MU,P2TE,P2FI,P2DT%26p_totes=S%26p_inici=1%26p_excloure_crp_rec=F&amp;p_codi=9003820557&amp;p_curs=2024-2025&amp;p_excloure_crp_rec=F\" target=\"_blank\" rel=\"noopener\" data-saferedirecturl=\"https:\/\/www.google.com\/url?q=https:\/\/aplicacions.gestioeducativa.gencat.cat\/ords\/pls\/soloas\/pk_for_mod_ins.p_for_detall_activitat?p_header%3DLlista%2520d%2527activitats%255epk_for_mod_ins.p_for_cons_activitats?p_tipus_act%3DP1CC,P1DI,P1EC,P1EF,P1GH,P1LC,P1LS,P1MA,P1MU,P1TE,P2BG,P2CC,P2DI,P2EC,P2EF,P2FQ,P2GH,P2LC,P2LE,P2MA,P2MU,P2TE,P2FI,P2DT%2526p_totes%3DS%2526p_inici%3D1%2526p_excloure_crp_rec%3DF%26p_codi%3D9003820557%26p_curs%3D2024-2025%26p_excloure_crp_rec%3DF&amp;source=gmail&amp;ust=1737713508804000&amp;usg=AOvVaw0edB_7uRM8y7gES8_VPh28\"><span style=\"color: #000000;\">P\u00edndoles formatives del curr\u00edculum . Especialitat Educaci\u00f3 F\u00edsica<\/span><\/a><\/td>\n<\/tr>\n<tr style=\"height: 49px;\">\n<td style=\"height: 49px;\" height=\"19\"><\/td>\n<td style=\"height: 49px;\" width=\"695\"><span style=\"color: #000000;\">Curs. DEP Departament d&#8217;Educaci\u00f3 i Formaci\u00f3 Professional (Barcelona). Del dijous 13\/2\/2025 al 29\/5\/2025 de 17:00 a 19:00<\/span><\/td>\n<\/tr>\n<\/tbody>\n<\/table>\n","protected":false},"excerpt":{"rendered":"<p>Darrers dies d&#8217;inscripci\u00f3. 9004040557 P\u00edndoles formatives del curr\u00edculum . Especialitat Filosofia Curs. DEP Departament d&#8217;Educaci\u00f3 i Formaci\u00f3 Professional (Barcelona). Del dijous 13\/2\/2025 al 29\/5\/2025 de 17:00 a 19:00 9004020557 P\u00edndoles formatives del curr\u00edculum . Especialitat F\u00edsica i Qu\u00edmica Curs. DEP Departament d&#8217;Educaci\u00f3 i Formaci\u00f3 Professional (Barcelona). Del dijous 13\/2\/2025 al 29\/5\/2025 de 17:00 a 19:00 [&hellip;]<\/p>\n","protected":false},"author":4,"featured_media":17170,"comment_status":"closed","ping_status":"closed","sticky":false,"template":"","format":"standard","meta":{"_bbp_topic_count":0,"_bbp_reply_count":0,"_bbp_total_topic_count":0,"_bbp_total_reply_count":0,"_bbp_voice_count":0,"_bbp_anonymous_reply_count":0,"_bbp_topic_count_hidden":0,"_bbp_reply_count_hidden":0,"_bbp_forum_subforum_count":0,"site-sidebar-layout":"default","site-content-layout":"","ast-site-content-layout":"","site-content-style":"default","site-sidebar-style":"default","ast-global-header-display":"","ast-banner-title-visibility":"","ast-main-header-display":"","ast-hfb-above-header-display":"","ast-hfb-below-header-display":"","ast-hfb-mobile-header-display":"","site-post-title":"","ast-breadcrumbs-content":"","ast-featured-img":"","footer-sml-layout":"","theme-transparent-header-meta":"","adv-header-id-meta":"","stick-header-meta":"","header-above-stick-meta":"","header-main-stick-meta":"","header-below-stick-meta":"","astra-migrate-meta-layouts":"default","ast-page-background-enabled":"default","ast-page-background-meta":{"desktop":{"background-color":"var(--ast-global-color-4)","background-image":"","background-repeat":"repeat","background-position":"center center","background-size":"auto","background-attachment":"scroll","background-type":"","background-media":"","overlay-type":"","overlay-color":"","overlay-opacity":"","overlay-gradient":""},"tablet":{"background-color":"","background-image":"","background-repeat":"repeat","background-position":"center center","background-size":"auto","background-attachment":"scroll","background-type":"","background-media":"","overlay-type":"","overlay-color":"","overlay-opacity":"","overlay-gradient":""},"mobile":{"background-color":"","background-image":"","background-repeat":"repeat","background-position":"center center","background-size":"auto","background-attachment":"scroll","background-type":"","background-media":"","overlay-type":"","overlay-color":"","overlay-opacity":"","overlay-gradient":""}},"ast-content-background-meta":{"desktop":{"background-color":"var(--ast-global-color-5)","background-image":"","background-repeat":"repeat","background-position":"center center","background-size":"auto","background-attachment":"scroll","background-type":"","background-media":"","overlay-type":"","overlay-color":"","overlay-opacity":"","overlay-gradient":""},"tablet":{"background-color":"var(--ast-global-color-5)","background-image":"","background-repeat":"repeat","background-position":"center center","background-size":"auto","background-attachment":"scroll","background-type":"","background-media":"","overlay-type":"","overlay-color":"","overlay-opacity":"","overlay-gradient":""},"mobile":{"background-color":"var(--ast-global-color-5)","background-image":"","background-repeat":"repeat","background-position":"center center","background-size":"auto","background-attachment":"scroll","background-type":"","background-media":"","overlay-type":"","overlay-color":"","overlay-opacity":"","overlay-gradient":""}},"footnotes":""},"categories":[282,1],"tags":[540,1739,226,1389],"class_list":["post-17168","post","type-post","status-publish","format-standard","has-post-thumbnail","hentry","category-actualitat","category-general","tag-curriculum","tag-curriculum-competencial","tag-formacio","tag-lomloe"],"post_mailing_queue_ids":[],"_links":{"self":[{"href":"https:\/\/serveiseducatius.xtec.cat\/altcamp\/wp-json\/wp\/v2\/posts\/17168","targetHints":{"allow":["GET"]}}],"collection":[{"href":"https:\/\/serveiseducatius.xtec.cat\/altcamp\/wp-json\/wp\/v2\/posts"}],"about":[{"href":"https:\/\/serveiseducatius.xtec.cat\/altcamp\/wp-json\/wp\/v2\/types\/post"}],"author":[{"embeddable":true,"href":"https:\/\/serveiseducatius.xtec.cat\/altcamp\/wp-json\/wp\/v2\/users\/4"}],"replies":[{"embeddable":true,"href":"https:\/\/serveiseducatius.xtec.cat\/altcamp\/wp-json\/wp\/v2\/comments?post=17168"}],"version-history":[{"count":1,"href":"https:\/\/serveiseducatius.xtec.cat\/altcamp\/wp-json\/wp\/v2\/posts\/17168\/revisions"}],"predecessor-version":[{"id":17169,"href":"https:\/\/serveiseducatius.xtec.cat\/altcamp\/wp-json\/wp\/v2\/posts\/17168\/revisions\/17169"}],"wp:featuredmedia":[{"embeddable":true,"href":"https:\/\/serveiseducatius.xtec.cat\/altcamp\/wp-json\/wp\/v2\/media\/17170"}],"wp:attachment":[{"href":"https:\/\/serveiseducatius.xtec.cat\/altcamp\/wp-json\/wp\/v2\/media?parent=17168"}],"wp:term":[{"taxonomy":"category","embeddable":true,"href":"https:\/\/serveiseducatius.xtec.cat\/altcamp\/wp-json\/wp\/v2\/categories?post=17168"},{"taxonomy":"post_tag","embeddable":true,"href":"https:\/\/serveiseducatius.xtec.cat\/altcamp\/wp-json\/wp\/v2\/tags?post=17168"}],"curies":[{"name":"wp","href":"https:\/\/api.w.org\/{rel}","templated":true}]}}