{"id":17069,"date":"2025-01-10T12:18:12","date_gmt":"2025-01-10T11:18:12","guid":{"rendered":"https:\/\/serveiseducatius.xtec.cat\/altcamp\/?p=17069"},"modified":"2025-01-10T12:18:12","modified_gmt":"2025-01-10T11:18:12","slug":"normes-dorganitzacio-i-funcionament-del-consell-deducacio-de-catalunya","status":"publish","type":"post","link":"https:\/\/serveiseducatius.xtec.cat\/altcamp\/actualitat\/normes-dorganitzacio-i-funcionament-del-consell-deducacio-de-catalunya\/","title":{"rendered":"Normes d&#8217;organitzaci\u00f3 i funcionament del Consell d&#8217;Educaci\u00f3 de Catalunya"},"content":{"rendered":"<p><a href=\"https:\/\/dogc.gencat.cat\/ca\/document-del-dogc\/?documentId=1003773\" target=\"_blank\" rel=\"noopener\">Resoluci\u00f3 EDF\/8\/2025, de 4 de gener<\/a>, per la qual s&#8217;aproven les Normes d&#8217;organitzaci\u00f3 i funcionament del Consell d&#8217;Educaci\u00f3 de Catalunya acordades en sessi\u00f3 plen\u00e0ria del 18 de juny de 2024<\/p>\n<p><span class=\"css-1jxf684 r-bcqeeo r-1ttztb7 r-qvutc0 r-poiln3\"><a href=\"https:\/\/dogc.gencat.cat\/ca\/document-del-dogc\/?documentId=1003773\" target=\"_blank\" rel=\"noopener\"><strong>Resoluci\u00f3 amb les Normes d&#8217;organitzaci\u00f3 i funcionament del Consell d&#8217;Educaci\u00f3 de Catalunya<\/strong><\/a>, imprescindibles per con\u00e8ixer qu\u00e8 \u00e9s com treballa l&#8217;\u00f2rgan superior de consulta i participaci\u00f3 de la comunitat educativa.<\/span><\/p>\n<p>El CEC, en tant que <strong>m\u00e0xim \u00f2rgan de consulta i participaci\u00f3<\/strong>, tindr\u00e0 per objecte principal oferir espais de debat on els membres i les persones convidades puguin exposar els seus al\u00b7legats respecte al tema d&#8217;\u00e0mbit educatiu que sigui proposat. Aix\u00ed, el Consell actua com a <strong>\u00f2rgan consultiu que ofereix a la comunitat educativa l&#8217;oportunitat d&#8217;expressar les seves opinions, deliberar i fer propostes per enriquir les pol\u00edtiques educatives.<\/strong> Totes les aportacions seran considerades i incloses en els corresponents informes, documents o dict\u00e0mens, recollint el sentir que s&#8217;hagi expressat, tant si \u00e9s de consens com majoritari o de dissens.<\/p>\n<p><strong>Composici\u00f3 del Consell Escolar de Catalunya<\/strong><\/p>\n<p>En primer lloc, es potencia la <strong>pres\u00e8ncia de nous representants d&#8217;interessos socials i institucionals<\/strong>, fent que el nombre total passi de 55 a <strong>75 membres<\/strong> en la nova composici\u00f3 del Consell. Els representants de l&#8217;<strong>Administraci\u00f3 educativa<\/strong> es redueixen de 24 a 19 membres, els representants de la <strong>comunitat educativa de centre<\/strong> augmenten de 17 a 30 i els <strong>representants de la comunitat educativa en general<\/strong> tamb\u00e9 augmenten de 16 a 26 membres. En segon lloc, es crea la figura de la <strong>vicepresid\u00e8ncia<\/strong>, que fins ara no existia en aquest \u00f2rgan. En tercer lloc, s&#8217;obre la possibilitat que els <strong>organismes, les entitats i les administracions representades<\/strong> tinguin membres designats amb representaci\u00f3 reconeguda per nomenament oficial i puguin comptar amb suplents. Finalment, s&#8217;enforteix una nova modalitat de participaci\u00f3 a trav\u00e9s de f\u00f2rums configurats per membres del Consell i altres persones convidades de la comunitat educativa que no en s\u00f3n membres, que permet contrastar coneixement i opinions sobre un tema en concret.<\/p>\n<p>La llarga traject\u00f2ria de debats del CEC queda recollida en les m\u00faltiples mem\u00f2ries, documents i informes a disposici\u00f3 de la ciutadania en la <strong><a href=\"https:\/\/conselleducacio.gencat.cat\/ca\/inici\/index.html\" target=\"_blank\" rel=\"noopener\">p\u00e0gina web oficial<\/a>.<\/p>\n<p><a href=\"https:\/\/dogc.gencat.cat\/ca\/document-del-dogc\/?documentId=1003773\" target=\"_blank\" rel=\"noopener\">Enlla\u00e7<\/a> a la resoluci\u00f3<br \/>\n<\/strong><\/p>\n","protected":false},"excerpt":{"rendered":"<p>Resoluci\u00f3 EDF\/8\/2025, de 4 de gener, per la qual s&#8217;aproven les Normes d&#8217;organitzaci\u00f3 i funcionament del Consell d&#8217;Educaci\u00f3 de Catalunya acordades en sessi\u00f3 plen\u00e0ria del 18 de juny de 2024 Resoluci\u00f3 amb les Normes d&#8217;organitzaci\u00f3 i funcionament del Consell d&#8217;Educaci\u00f3 de Catalunya, imprescindibles per con\u00e8ixer qu\u00e8 \u00e9s com treballa l&#8217;\u00f2rgan superior de consulta i participaci\u00f3 [&hellip;]<\/p>\n","protected":false},"author":4,"featured_media":17070,"comment_status":"closed","ping_status":"closed","sticky":false,"template":"","format":"standard","meta":{"_bbp_topic_count":0,"_bbp_reply_count":0,"_bbp_total_topic_count":0,"_bbp_total_reply_count":0,"_bbp_voice_count":0,"_bbp_anonymous_reply_count":0,"_bbp_topic_count_hidden":0,"_bbp_reply_count_hidden":0,"_bbp_forum_subforum_count":0,"site-sidebar-layout":"default","site-content-layout":"","ast-site-content-layout":"","site-content-style":"default","site-sidebar-style":"default","ast-global-header-display":"","ast-banner-title-visibility":"","ast-main-header-display":"","ast-hfb-above-header-display":"","ast-hfb-below-header-display":"","ast-hfb-mobile-header-display":"","site-post-title":"","ast-breadcrumbs-content":"","ast-featured-img":"","footer-sml-layout":"","theme-transparent-header-meta":"","adv-header-id-meta":"","stick-header-meta":"","header-above-stick-meta":"","header-main-stick-meta":"","header-below-stick-meta":"","astra-migrate-meta-layouts":"default","ast-page-background-enabled":"default","ast-page-background-meta":{"desktop":{"background-color":"var(--ast-global-color-4)","background-image":"","background-repeat":"repeat","background-position":"center center","background-size":"auto","background-attachment":"scroll","background-type":"","background-media":"","overlay-type":"","overlay-color":"","overlay-opacity":"","overlay-gradient":""},"tablet":{"background-color":"","background-image":"","background-repeat":"repeat","background-position":"center center","background-size":"auto","background-attachment":"scroll","background-type":"","background-media":"","overlay-type":"","overlay-color":"","overlay-opacity":"","overlay-gradient":""},"mobile":{"background-color":"","background-image":"","background-repeat":"repeat","background-position":"center center","background-size":"auto","background-attachment":"scroll","background-type":"","background-media":"","overlay-type":"","overlay-color":"","overlay-opacity":"","overlay-gradient":""}},"ast-content-background-meta":{"desktop":{"background-color":"var(--ast-global-color-5)","background-image":"","background-repeat":"repeat","background-position":"center center","background-size":"auto","background-attachment":"scroll","background-type":"","background-media":"","overlay-type":"","overlay-color":"","overlay-opacity":"","overlay-gradient":""},"tablet":{"background-color":"var(--ast-global-color-5)","background-image":"","background-repeat":"repeat","background-position":"center center","background-size":"auto","background-attachment":"scroll","background-type":"","background-media":"","overlay-type":"","overlay-color":"","overlay-opacity":"","overlay-gradient":""},"mobile":{"background-color":"var(--ast-global-color-5)","background-image":"","background-repeat":"repeat","background-position":"center center","background-size":"auto","background-attachment":"scroll","background-type":"","background-media":"","overlay-type":"","overlay-color":"","overlay-opacity":"","overlay-gradient":""}},"footnotes":""},"categories":[282,1532,287],"tags":[738,1520,932],"class_list":["post-17069","post","type-post","status-publish","format-standard","has-post-thumbnail","hentry","category-actualitat","category-normativa","category-recomanem","tag-comunitat-educativa","tag-consell-deducacio-de-catalunya","tag-normativa"],"post_mailing_queue_ids":[],"_links":{"self":[{"href":"https:\/\/serveiseducatius.xtec.cat\/altcamp\/wp-json\/wp\/v2\/posts\/17069","targetHints":{"allow":["GET"]}}],"collection":[{"href":"https:\/\/serveiseducatius.xtec.cat\/altcamp\/wp-json\/wp\/v2\/posts"}],"about":[{"href":"https:\/\/serveiseducatius.xtec.cat\/altcamp\/wp-json\/wp\/v2\/types\/post"}],"author":[{"embeddable":true,"href":"https:\/\/serveiseducatius.xtec.cat\/altcamp\/wp-json\/wp\/v2\/users\/4"}],"replies":[{"embeddable":true,"href":"https:\/\/serveiseducatius.xtec.cat\/altcamp\/wp-json\/wp\/v2\/comments?post=17069"}],"version-history":[{"count":1,"href":"https:\/\/serveiseducatius.xtec.cat\/altcamp\/wp-json\/wp\/v2\/posts\/17069\/revisions"}],"predecessor-version":[{"id":17071,"href":"https:\/\/serveiseducatius.xtec.cat\/altcamp\/wp-json\/wp\/v2\/posts\/17069\/revisions\/17071"}],"wp:featuredmedia":[{"embeddable":true,"href":"https:\/\/serveiseducatius.xtec.cat\/altcamp\/wp-json\/wp\/v2\/media\/17070"}],"wp:attachment":[{"href":"https:\/\/serveiseducatius.xtec.cat\/altcamp\/wp-json\/wp\/v2\/media?parent=17069"}],"wp:term":[{"taxonomy":"category","embeddable":true,"href":"https:\/\/serveiseducatius.xtec.cat\/altcamp\/wp-json\/wp\/v2\/categories?post=17069"},{"taxonomy":"post_tag","embeddable":true,"href":"https:\/\/serveiseducatius.xtec.cat\/altcamp\/wp-json\/wp\/v2\/tags?post=17069"}],"curies":[{"name":"wp","href":"https:\/\/api.w.org\/{rel}","templated":true}]}}