{"id":16887,"date":"2024-12-02T10:37:20","date_gmt":"2024-12-02T09:37:20","guid":{"rendered":"https:\/\/serveiseducatius.xtec.cat\/altcamp\/?p=16887"},"modified":"2024-12-02T11:13:38","modified_gmt":"2024-12-02T10:13:38","slug":"la-gestio-linguistica-en-la-formacio-dels-docents-de-secundaria-necessitats-recursos-i-estrategies","status":"publish","type":"post","link":"https:\/\/serveiseducatius.xtec.cat\/altcamp\/actualitat\/la-gestio-linguistica-en-la-formacio-dels-docents-de-secundaria-necessitats-recursos-i-estrategies\/","title":{"rendered":"La gesti\u00f3 ling\u00fc\u00edstica en la formaci\u00f3 dels docents de secund\u00e0ria: necessitats, recursos i estrat\u00e8gies"},"content":{"rendered":"<p><a href=\"https:\/\/recercaiuniversitats.gencat.cat\/ca\/actualitat\/novetats\/jornada-gestio-linguistica\" target=\"_blank\" rel=\"noopener\"><img loading=\"lazy\" decoding=\"async\" class=\"alignleft wp-image-16888\" src=\"https:\/\/serveiseducatius.xtec.cat\/altcamp\/wp-content\/uploads\/usu1130\/2024\/11\/Gestio-linguistica-professorat-ESO.jpg\" alt=\"\" width=\"386\" height=\"386\" srcset=\"https:\/\/serveiseducatius.xtec.cat\/altcamp\/wp-content\/uploads\/usu1130\/2024\/11\/Gestio-linguistica-professorat-ESO.jpg 900w, https:\/\/serveiseducatius.xtec.cat\/altcamp\/wp-content\/uploads\/usu1130\/2024\/11\/Gestio-linguistica-professorat-ESO-300x300.jpg 300w, https:\/\/serveiseducatius.xtec.cat\/altcamp\/wp-content\/uploads\/usu1130\/2024\/11\/Gestio-linguistica-professorat-ESO-150x150.jpg 150w, https:\/\/serveiseducatius.xtec.cat\/altcamp\/wp-content\/uploads\/usu1130\/2024\/11\/Gestio-linguistica-professorat-ESO-768x768.jpg 768w\" sizes=\"auto, (max-width: 386px) 100vw, 386px\" \/><\/a><\/p>\n<p>La Universitat de Barcelona va celebrar el passat 8 de novembre de 2024 una <a title=\"video youtube\" href=\"https:\/\/youtube.com\/playlist?list=PLpY-1xHmj0Dfoaf0VSyTzbAGBKJgkXDPh&amp;si=b-X6C8WdG1Q_FAlr\" target=\"_blank\" rel=\"noopener\"><strong>jornada dedicada a la gesti\u00f3 ling\u00fc\u00edstica en la formaci\u00f3 dels docents de secund\u00e0ria<\/strong><\/a>.<\/p>\n<p>La trobada va posar l\u2019accent en la import\u00e0ncia de preparar el professorat per gestionar el pluriling\u00fcisme creixent a les aules, tot promovent el debat i aportant eines pr\u00e0ctiques per afrontar aquest repte.<\/p>\n<p>Andreu Freixes, subdirector general de Lleng\u00fces del Departament d&#8217;Educaci\u00f3, va centrar la seva intervenci\u00f3 en els reptes del pluriling\u00fcisme creixent a les aules i en la necessitat que els docents estiguin preparats per gestionar aquesta realitat. Freixes va insistir en la import\u00e0ncia d\u2019incorporar un nivell avan\u00e7at de catal\u00e0 (C2) com a requisit imprescindible per al professorat de secund\u00e0ria.<\/p>\n<p><a href=\"https:\/\/www.youtube.com\/playlist?list=PLpY-1xHmj0Dfoaf0VSyTzbAGBKJgkXDPh\" target=\"_blank\" rel=\"noopener\"><strong>Enlla\u00e7<\/strong><\/a> al v\u00eddeo de la jornada.<\/p>\n<div class=\"level3\">\n<h2 class=\"sectionedit31 page-header pb-3 mb-4 mt-5\">Normativa d&#8217;ordenaci\u00f3 curricular<\/h2>\n<h3 id=\"especialitats_d_eso_i_batxillerat2\" class=\"sectionedit32 page-header pb-3 mb-4 mt-5\">Especialitats d&#8217;ESO i Batxillerat<\/h3>\n<p><a href=\"https:\/\/portaljuridic.gencat.cat\/ca\/document-del-pjur\/?documentId=504619\" target=\"_blank\" rel=\"noopener\">Decret 161\/2009, de 27 d&#8217;octubre, d&#8217;ordenaci\u00f3 dels ensenyaments de l&#8217;educaci\u00f3 secund\u00e0ria obligat\u00f2ria per a les <strong>persones adultes<\/strong><\/a>.<\/p>\n<p><a href=\"https:\/\/portaljuridic.gencat.cat\/ca\/document-del-pjur\/?documentId=799722\" target=\"_blank\" rel=\"noopener\">Decret 150\/2017, de 17 d&#8217;octubre, de l&#8217;atenci\u00f3 educativa a l&#8217;alumnat en el marc d&#8217;un sistema educatiu inclusiu<\/a>.<\/p>\n<p><a href=\"https:\/\/portaljuridic.gencat.cat\/ca\/document-del-pjur\/?documentId=938056\" target=\"_blank\" rel=\"noopener\">Decret 171\/2022, de 20 de setembre, d&#8217;ordenaci\u00f3 dels ensenyaments de <strong>batxillerat<\/strong>.<\/a><\/p>\n<p><a href=\"https:\/\/portaljuridic.gencat.cat\/ca\/document-del-pjur\/?documentId=938401\" target=\"_blank\" rel=\"noopener\">Decret 175\/2022, de 27 de setembre, d&#8217;ordenaci\u00f3 dels ensenyaments de l&#8217;<strong>educaci\u00f3 b\u00e0sica<\/strong><\/a>.<\/p>\n<\/div>\n<p><strong>NOT\u00cdCIES RELACIONADES:<\/strong><\/p>\n<p><a href=\"https:\/\/govern.cat\/salapremsa\/notes-premsa\/656922\/consellera-niubo-anuncia-tres-postgraus-aprofundir-competencies-docents-matematiques-llengua-comprensio-lectora\" target=\"_blank\" rel=\"noopener\"><strong>Proper nou postgrau adre\u00e7at<\/strong> <strong>a mestres i professors de llengua, per a la millora de la compet\u00e8ncia lectora de l&#8217;alumnat<\/strong><\/a><\/p>\n<p>La consellera d\u2019Educaci\u00f3 i Formaci\u00f3 Professional, Esther Niub\u00f3, ha anunciat la creaci\u00f3 de d\u2019un postgrau interuniversitari i dos diplomes d\u2019expert (equiparables a postgraus) per aprofundir en les compet\u00e8ncies docents de matem\u00e0tiques i llengua. Estaran adre\u00e7ats a docents en actiu de prim\u00e0ria i secund\u00e0ria que vulguin millorar la seva formaci\u00f3 per poder desenvolupar-se professionalment, refor\u00e7ar l\u2019ensenyament que duen a terme a l\u2019aula i, en \u00faltim terme, contribuir a la millora dels resultats educatius de l\u2019alumnat.<\/p>\n<p>El Departament becar\u00e0 les places sota el comprom\u00eds dels docents participants d\u2019acabar el postgrau i, posteriorment, d\u2019entrar a la borsa de formadors, amb l\u2019objectiu que siguin capa\u00e7os d\u2019estendre el seu aprofundiment a altres docents en actiu, a trav\u00e9s de la formaci\u00f3 continuada que ofereix el departament. Els tres estudis estaran disponibles a partir de juliol de 2025 i al llarg del curs 2025-2026. La consellera Niub\u00f3 va afirmar ahir al Parlament que el Departament vol <strong>\u201cposar l\u2019accent en refor\u00e7ar la formaci\u00f3 continuada del professorat\u201d <\/strong>per millorar els resultats educatius de l\u2019alumnat.<\/p>\n","protected":false},"excerpt":{"rendered":"<p>La Universitat de Barcelona va celebrar el passat 8 de novembre de 2024 una jornada dedicada a la gesti\u00f3 ling\u00fc\u00edstica en la formaci\u00f3 dels docents de secund\u00e0ria. La trobada va posar l\u2019accent en la import\u00e0ncia de preparar el professorat per gestionar el pluriling\u00fcisme creixent a les aules, tot promovent el debat i aportant eines pr\u00e0ctiques [&hellip;]<\/p>\n","protected":false},"author":4,"featured_media":16888,"comment_status":"closed","ping_status":"closed","sticky":false,"template":"","format":"standard","meta":{"_bbp_topic_count":0,"_bbp_reply_count":0,"_bbp_total_topic_count":0,"_bbp_total_reply_count":0,"_bbp_voice_count":0,"_bbp_anonymous_reply_count":0,"_bbp_topic_count_hidden":0,"_bbp_reply_count_hidden":0,"_bbp_forum_subforum_count":0,"site-sidebar-layout":"default","site-content-layout":"","ast-site-content-layout":"","site-content-style":"default","site-sidebar-style":"default","ast-global-header-display":"","ast-banner-title-visibility":"","ast-main-header-display":"","ast-hfb-above-header-display":"","ast-hfb-below-header-display":"","ast-hfb-mobile-header-display":"","site-post-title":"","ast-breadcrumbs-content":"","ast-featured-img":"","footer-sml-layout":"","theme-transparent-header-meta":"","adv-header-id-meta":"","stick-header-meta":"","header-above-stick-meta":"","header-main-stick-meta":"","header-below-stick-meta":"","astra-migrate-meta-layouts":"default","ast-page-background-enabled":"default","ast-page-background-meta":{"desktop":{"background-color":"var(--ast-global-color-4)","background-image":"","background-repeat":"repeat","background-position":"center center","background-size":"auto","background-attachment":"scroll","background-type":"","background-media":"","overlay-type":"","overlay-color":"","overlay-opacity":"","overlay-gradient":""},"tablet":{"background-color":"","background-image":"","background-repeat":"repeat","background-position":"center center","background-size":"auto","background-attachment":"scroll","background-type":"","background-media":"","overlay-type":"","overlay-color":"","overlay-opacity":"","overlay-gradient":""},"mobile":{"background-color":"","background-image":"","background-repeat":"repeat","background-position":"center center","background-size":"auto","background-attachment":"scroll","background-type":"","background-media":"","overlay-type":"","overlay-color":"","overlay-opacity":"","overlay-gradient":""}},"ast-content-background-meta":{"desktop":{"background-color":"var(--ast-global-color-5)","background-image":"","background-repeat":"repeat","background-position":"center center","background-size":"auto","background-attachment":"scroll","background-type":"","background-media":"","overlay-type":"","overlay-color":"","overlay-opacity":"","overlay-gradient":""},"tablet":{"background-color":"var(--ast-global-color-5)","background-image":"","background-repeat":"repeat","background-position":"center center","background-size":"auto","background-attachment":"scroll","background-type":"","background-media":"","overlay-type":"","overlay-color":"","overlay-opacity":"","overlay-gradient":""},"mobile":{"background-color":"var(--ast-global-color-5)","background-image":"","background-repeat":"repeat","background-position":"center center","background-size":"auto","background-attachment":"scroll","background-type":"","background-media":"","overlay-type":"","overlay-color":"","overlay-opacity":"","overlay-gradient":""}},"footnotes":""},"categories":[282,1532,287],"tags":[1078,292,236,932,1417,559,207],"class_list":["post-16887","post","type-post","status-publish","format-standard","has-post-thumbnail","hentry","category-actualitat","category-normativa","category-recomanem","tag-catala","tag-eso","tag-llengua-catalana","tag-normativa","tag-plurilinguisme","tag-politica-linguistica","tag-professorat"],"post_mailing_queue_ids":[],"_links":{"self":[{"href":"https:\/\/serveiseducatius.xtec.cat\/altcamp\/wp-json\/wp\/v2\/posts\/16887","targetHints":{"allow":["GET"]}}],"collection":[{"href":"https:\/\/serveiseducatius.xtec.cat\/altcamp\/wp-json\/wp\/v2\/posts"}],"about":[{"href":"https:\/\/serveiseducatius.xtec.cat\/altcamp\/wp-json\/wp\/v2\/types\/post"}],"author":[{"embeddable":true,"href":"https:\/\/serveiseducatius.xtec.cat\/altcamp\/wp-json\/wp\/v2\/users\/4"}],"replies":[{"embeddable":true,"href":"https:\/\/serveiseducatius.xtec.cat\/altcamp\/wp-json\/wp\/v2\/comments?post=16887"}],"version-history":[{"count":5,"href":"https:\/\/serveiseducatius.xtec.cat\/altcamp\/wp-json\/wp\/v2\/posts\/16887\/revisions"}],"predecessor-version":[{"id":16898,"href":"https:\/\/serveiseducatius.xtec.cat\/altcamp\/wp-json\/wp\/v2\/posts\/16887\/revisions\/16898"}],"wp:featuredmedia":[{"embeddable":true,"href":"https:\/\/serveiseducatius.xtec.cat\/altcamp\/wp-json\/wp\/v2\/media\/16888"}],"wp:attachment":[{"href":"https:\/\/serveiseducatius.xtec.cat\/altcamp\/wp-json\/wp\/v2\/media?parent=16887"}],"wp:term":[{"taxonomy":"category","embeddable":true,"href":"https:\/\/serveiseducatius.xtec.cat\/altcamp\/wp-json\/wp\/v2\/categories?post=16887"},{"taxonomy":"post_tag","embeddable":true,"href":"https:\/\/serveiseducatius.xtec.cat\/altcamp\/wp-json\/wp\/v2\/tags?post=16887"}],"curies":[{"name":"wp","href":"https:\/\/api.w.org\/{rel}","templated":true}]}}