{"id":16752,"date":"2024-11-11T12:04:31","date_gmt":"2024-11-11T11:04:31","guid":{"rendered":"https:\/\/serveiseducatius.xtec.cat\/altcamp\/?p=16752"},"modified":"2024-11-11T12:13:06","modified_gmt":"2024-11-11T11:13:06","slug":"iniciativa-solidaria-instixinsti","status":"publish","type":"post","link":"https:\/\/serveiseducatius.xtec.cat\/altcamp\/general\/iniciativa-solidaria-instixinsti\/","title":{"rendered":"Iniciativa solid\u00e0ria &#8220;InstixInsti&#8221;"},"content":{"rendered":"<p><a href=\"https:\/\/agora.xtec.cat\/ies-enric-borras\/portada\/iniciativa-solidaria-per-ajudar-a-un-institut-dalgemesi\/\" target=\"_blank\" rel=\"noopener\"><img loading=\"lazy\" decoding=\"async\" class=\"wp-image-16753 alignleft\" src=\"https:\/\/serveiseducatius.xtec.cat\/altcamp\/wp-content\/uploads\/usu1130\/2024\/11\/instixinsti.jpg\" alt=\"\" width=\"488\" height=\"488\" srcset=\"https:\/\/serveiseducatius.xtec.cat\/altcamp\/wp-content\/uploads\/usu1130\/2024\/11\/instixinsti.jpg 900w, https:\/\/serveiseducatius.xtec.cat\/altcamp\/wp-content\/uploads\/usu1130\/2024\/11\/instixinsti-300x300.jpg 300w, https:\/\/serveiseducatius.xtec.cat\/altcamp\/wp-content\/uploads\/usu1130\/2024\/11\/instixinsti-150x150.jpg 150w, https:\/\/serveiseducatius.xtec.cat\/altcamp\/wp-content\/uploads\/usu1130\/2024\/11\/instixinsti-768x768.jpg 768w\" sizes=\"auto, (max-width: 488px) 100vw, 488px\" \/><\/a><\/p>\n<p>Aquesta <a href=\"https:\/\/agora.xtec.cat\/ies-enric-borras\/portada\/iniciativa-solidaria-per-ajudar-a-un-institut-dalgemesi\/\" target=\"_blank\" rel=\"noopener\"><strong>iniciativa solid\u00e0ria<\/strong><\/a> ha estat ideada per un grup d\u2019alumnes de segon de batxillerat de l\u2019<a href=\"https:\/\/agora.xtec.cat\/ies-enric-borras\/portada\/iniciativa-solidaria-per-ajudar-a-un-institut-dalgemesi\/\" target=\"_blank\" rel=\"noopener\"><strong>Institut Enric Borr\u00e0s<\/strong><\/a> de <strong>Badalona<\/strong> ha engegat una<strong> iniciativa solid\u00e0ria<\/strong> per a recaptar fons per a refer la biblioteca de l\u2019<strong>IES Bernat Guinovart d\u2019Algemes\u00ed<\/strong> (Ribera Alta), un dels municipis afectats per la gota freda.<\/p>\n<p><span class=\"css-1jxf684 r-bcqeeo r-1ttztb7 r-qvutc0 r-poiln3\">&#8220;Mestres i profes de tot arreu sabem que la feina que els espera a aquests claustres afectats per la dana no \u00e9s solament de traure fang i refer aules. Hauran de ser mur de contenci\u00f3 de moltes emocions i matal\u00e0s de suport de moltes caigudes. Molts \u00e0nims, companys i companyes! (Anna Pascual (<a href=\"https:\/\/x.com\/annapasqual\/status\/1854475734858842466\" target=\"_blank\" rel=\"noopener\">@annapasqual<\/a>), Coordinadora Pedag\u00f2gica de l&#8217;INS Enric Borr\u00e0s Badalona).<br \/>\n<\/span><\/p>\n<p>&nbsp;<\/p>\n<p>En aquest <a href=\"https:\/\/agora.xtec.cat\/ies-enric-borras\/portada\/iniciativa-solidaria-per-ajudar-a-un-institut-dalgemesi\/\" target=\"_blank\" rel=\"noopener\"><strong>enlla\u00e7<\/strong><\/a> trobareu m\u00e9s imatges i informaci\u00f3 del desenvolupament de la iniciativa.<\/p>\n<p>Tamb\u00e9 podeu seguir els detalls de la iniciativa al seu <a href=\"https:\/\/www.instagram.com\/ins_enric_borras\/?utm_source=ig_embed&amp;ig_rid=313834c5-957d-48bd-8eab-dbc81fc1df6b\" target=\"_blank\" rel=\"noopener\">Instagram<\/a>.<\/p>\n<p><span class=\"css-1jxf684 r-bcqeeo r-1ttztb7 r-qvutc0 r-poiln3\">Si esteu interessats en replicar la campanya als vostres centres i necessiteu contactar amb escoles o instituts afectats, la millor manera \u00e9s fer-ho escrivint a fampa-valencia@fampa-valencia.org<\/span><\/p>\n<p><span class=\"css-1jxf684 r-bcqeeo r-1ttztb7 r-qvutc0 r-poiln3\">Si voleu aprofitar el <strong>material gr\u00e0fic<\/strong> que han creat els impulsors de la campanya, l&#8217;il\u00b7lustrador Jordi Calv\u00eds <\/span><span class=\"r-18u37iz\">(<a class=\"css-1jxf684 r-bcqeeo r-1ttztb7 r-qvutc0 r-poiln3 r-1loqt21\" dir=\"ltr\" role=\"link\" href=\"https:\/\/x.com\/jordicalvis\" target=\"_blank\" rel=\"noopener\">@jordicalvis) <\/a><\/span><span class=\"css-1jxf684 r-bcqeeo r-1ttztb7 r-qvutc0 r-poiln3\">us l\u2019ha deixat en obert:<\/span><\/p>\n<p><a href=\"https:\/\/drive.google.com\/drive\/folders\/1_12gb7nebFNVz5Rw0W51RThrnzZCVlMN\" target=\"_blank\" rel=\"noopener\">https:\/\/drive.google.com\/drive\/folders\/1_12gb7nebFNVz5Rw0W51RThrnzZCVlMN<\/a><\/p>\n<p>&nbsp;<\/p>\n","protected":false},"excerpt":{"rendered":"<p>Aquesta iniciativa solid\u00e0ria ha estat ideada per un grup d\u2019alumnes de segon de batxillerat de l\u2019Institut Enric Borr\u00e0s de Badalona ha engegat una iniciativa solid\u00e0ria per a recaptar fons per a refer la biblioteca de l\u2019IES Bernat Guinovart d\u2019Algemes\u00ed (Ribera Alta), un dels municipis afectats per la gota freda. &#8220;Mestres i profes de tot arreu [&hellip;]<\/p>\n","protected":false},"author":4,"featured_media":16755,"comment_status":"closed","ping_status":"closed","sticky":false,"template":"","format":"standard","meta":{"_bbp_topic_count":0,"_bbp_reply_count":0,"_bbp_total_topic_count":0,"_bbp_total_reply_count":0,"_bbp_voice_count":0,"_bbp_anonymous_reply_count":0,"_bbp_topic_count_hidden":0,"_bbp_reply_count_hidden":0,"_bbp_forum_subforum_count":0,"site-sidebar-layout":"default","site-content-layout":"","ast-site-content-layout":"","site-content-style":"default","site-sidebar-style":"default","ast-global-header-display":"","ast-banner-title-visibility":"","ast-main-header-display":"","ast-hfb-above-header-display":"","ast-hfb-below-header-display":"","ast-hfb-mobile-header-display":"","site-post-title":"","ast-breadcrumbs-content":"","ast-featured-img":"","footer-sml-layout":"","theme-transparent-header-meta":"","adv-header-id-meta":"","stick-header-meta":"","header-above-stick-meta":"","header-main-stick-meta":"","header-below-stick-meta":"","astra-migrate-meta-layouts":"default","ast-page-background-enabled":"default","ast-page-background-meta":{"desktop":{"background-color":"var(--ast-global-color-4)","background-image":"","background-repeat":"repeat","background-position":"center center","background-size":"auto","background-attachment":"scroll","background-type":"","background-media":"","overlay-type":"","overlay-color":"","overlay-opacity":"","overlay-gradient":""},"tablet":{"background-color":"","background-image":"","background-repeat":"repeat","background-position":"center center","background-size":"auto","background-attachment":"scroll","background-type":"","background-media":"","overlay-type":"","overlay-color":"","overlay-opacity":"","overlay-gradient":""},"mobile":{"background-color":"","background-image":"","background-repeat":"repeat","background-position":"center center","background-size":"auto","background-attachment":"scroll","background-type":"","background-media":"","overlay-type":"","overlay-color":"","overlay-opacity":"","overlay-gradient":""}},"ast-content-background-meta":{"desktop":{"background-color":"var(--ast-global-color-5)","background-image":"","background-repeat":"repeat","background-position":"center center","background-size":"auto","background-attachment":"scroll","background-type":"","background-media":"","overlay-type":"","overlay-color":"","overlay-opacity":"","overlay-gradient":""},"tablet":{"background-color":"var(--ast-global-color-5)","background-image":"","background-repeat":"repeat","background-position":"center center","background-size":"auto","background-attachment":"scroll","background-type":"","background-media":"","overlay-type":"","overlay-color":"","overlay-opacity":"","overlay-gradient":""},"mobile":{"background-color":"var(--ast-global-color-5)","background-image":"","background-repeat":"repeat","background-position":"center center","background-size":"auto","background-attachment":"scroll","background-type":"","background-media":"","overlay-type":"","overlay-color":"","overlay-opacity":"","overlay-gradient":""}},"footnotes":""},"categories":[282,1],"tags":[387,1294,296,1703,1516,111,567],"class_list":["post-16752","post","type-post","status-publish","format-standard","has-post-thumbnail","hentry","category-actualitat","category-general","tag-aps","tag-bones-practiques","tag-competencia-social-i-ciutadana","tag-dana","tag-educacio-en-valors-civics-i-etics","tag-servei-comunitari","tag-solidaritat"],"post_mailing_queue_ids":[],"_links":{"self":[{"href":"https:\/\/serveiseducatius.xtec.cat\/altcamp\/wp-json\/wp\/v2\/posts\/16752","targetHints":{"allow":["GET"]}}],"collection":[{"href":"https:\/\/serveiseducatius.xtec.cat\/altcamp\/wp-json\/wp\/v2\/posts"}],"about":[{"href":"https:\/\/serveiseducatius.xtec.cat\/altcamp\/wp-json\/wp\/v2\/types\/post"}],"author":[{"embeddable":true,"href":"https:\/\/serveiseducatius.xtec.cat\/altcamp\/wp-json\/wp\/v2\/users\/4"}],"replies":[{"embeddable":true,"href":"https:\/\/serveiseducatius.xtec.cat\/altcamp\/wp-json\/wp\/v2\/comments?post=16752"}],"version-history":[{"count":1,"href":"https:\/\/serveiseducatius.xtec.cat\/altcamp\/wp-json\/wp\/v2\/posts\/16752\/revisions"}],"predecessor-version":[{"id":16754,"href":"https:\/\/serveiseducatius.xtec.cat\/altcamp\/wp-json\/wp\/v2\/posts\/16752\/revisions\/16754"}],"wp:featuredmedia":[{"embeddable":true,"href":"https:\/\/serveiseducatius.xtec.cat\/altcamp\/wp-json\/wp\/v2\/media\/16755"}],"wp:attachment":[{"href":"https:\/\/serveiseducatius.xtec.cat\/altcamp\/wp-json\/wp\/v2\/media?parent=16752"}],"wp:term":[{"taxonomy":"category","embeddable":true,"href":"https:\/\/serveiseducatius.xtec.cat\/altcamp\/wp-json\/wp\/v2\/categories?post=16752"},{"taxonomy":"post_tag","embeddable":true,"href":"https:\/\/serveiseducatius.xtec.cat\/altcamp\/wp-json\/wp\/v2\/tags?post=16752"}],"curies":[{"name":"wp","href":"https:\/\/api.w.org\/{rel}","templated":true}]}}