{"id":16657,"date":"2024-11-07T12:27:35","date_gmt":"2024-11-07T11:27:35","guid":{"rendered":"https:\/\/serveiseducatius.xtec.cat\/altcamp\/?p=16657"},"modified":"2025-04-03T08:24:51","modified_gmt":"2025-04-03T06:24:51","slug":"tractament-dels-efectes-psi-centres-educatius","status":"publish","type":"post","link":"https:\/\/serveiseducatius.xtec.cat\/altcamp\/actualitat\/tractament-dels-efectes-psi-centres-educatius\/","title":{"rendered":"Tractament dels efectes psicol\u00f2gics de situacions traum\u00e0tiques als centres educatius"},"content":{"rendered":"<table style=\"width: 100%; border-collapse: collapse; background-color: #f0c5d1;\">\n<tbody>\n<tr>\n<td style=\"width: 100%;\"><strong>Tractament dels efectes psicol\u00f2gics de situacions traum\u00e0tiques als centres educatius<\/strong><\/td>\n<\/tr>\n<\/tbody>\n<\/table>\n<p><strong>Els docents s\u00f3n professionals formats per a l\u2019ensenyament i el desenvolupament pedag\u00f2gic, no per al tractament de traumes psicol\u00f2gics<\/strong>. <strong>La intervenci\u00f3 psicol\u00f2gica en casos de trauma<\/strong> requereix un coneixement profund dels mecanismes emocionals, estrat\u00e8gies d\u2019intervenci\u00f3 cl\u00ednica i habilitats de contenci\u00f3 que <strong>nom\u00e9s els psic\u00f2legs degudament formats poden oferir<\/strong>.<\/p>\n<p>&nbsp;<\/p>\n<h6><strong>Qu\u00e8 poden fer els docents?<\/strong><\/h6>\n<p><img loading=\"lazy\" decoding=\"async\" class=\"wp-image-16716 alignleft\" src=\"https:\/\/serveiseducatius.xtec.cat\/altcamp\/wp-content\/uploads\/usu1130\/2024\/11\/Rol-docents-psi.jpg\" alt=\"\" width=\"410\" height=\"410\" srcset=\"https:\/\/serveiseducatius.xtec.cat\/altcamp\/wp-content\/uploads\/usu1130\/2024\/11\/Rol-docents-psi.jpg 900w, https:\/\/serveiseducatius.xtec.cat\/altcamp\/wp-content\/uploads\/usu1130\/2024\/11\/Rol-docents-psi-300x300.jpg 300w, https:\/\/serveiseducatius.xtec.cat\/altcamp\/wp-content\/uploads\/usu1130\/2024\/11\/Rol-docents-psi-150x150.jpg 150w, https:\/\/serveiseducatius.xtec.cat\/altcamp\/wp-content\/uploads\/usu1130\/2024\/11\/Rol-docents-psi-768x768.jpg 768w\" sizes=\"auto, (max-width: 410px) 100vw, 410px\" \/>El <strong>rol dels docents<\/strong> en aquests casos \u00e9s <strong>empatitzar, escoltar, observar i derivar<\/strong> quan sigui necessari, contribuint a crear un entorn d\u2019aula segur i acollidor que faciliti la recuperaci\u00f3 emocional dels estudiants. Tot i que <strong>no estan capacitats per realitzar intervencions terap\u00e8utiques,<\/strong> poden contribuir al benestar dels alumnes dins de l\u2019aula oferint-los suport, escoltant-los i parant atenci\u00f3 a possibles s\u00edmptomes posttraum\u00e0tics, com ara canvis sobtats de comportament, problemes de concentraci\u00f3, alteracions del son o ansietat. Aquestes observacions poden ajudar a identificar els estudiants que necessiten suport addicional dels professionals habilitats.<\/p>\n<p>&nbsp;<\/p>\n<p>&nbsp;<\/p>\n<p>&nbsp;<\/p>\n<hr \/>\n<h6>Efectes Contraproduents de tractar les emocions en grup a l&#8217;aula <strong>(especialment quan es tracta d\u2019alumnes que han experimentat situacions traum\u00e0tiques).<\/strong><\/h6>\n<ol>\n<li><strong>Exposici\u00f3 excessiva i vulnerabilitat<\/strong><br \/>\nParlar d\u2019experi\u00e8ncies emocionals doloroses davant d\u2019un grup gran pot fer que alguns alumnes se sentin exposats o vulnerables, cosa que pot augmentar l\u2019ansietat i la retic\u00e8ncia a expressar-se. Aix\u00f2 pot fer que se sentin jutjats o que es reprimeixin per por de l\u2019opini\u00f3 dels companys.<\/li>\n<li><strong>Reactivaci\u00f3 del trauma<\/strong><br \/>\nEscoltar els relats emocionals d&#8217;altres alumnes pot desencadenar una reactivaci\u00f3 del trauma en aquells que han viscut experi\u00e8ncies similars o igualment doloroses. Aix\u00f2 pot generar un ambient carregat d\u2019emocions intenses que pot ser dif\u00edcil de gestionar en un context de grup i, encara m\u00e9s, en un grup gran.<\/li>\n<li><strong>Dificultat per atendre les necessitats individuals<\/strong><br \/>\nEn grups grans, el docent o el psic\u00f2leg pot tenir problemes per oferir una atenci\u00f3 adequada i personalitzada a cada alumne. Els nens i adolescents responen de manera diferent al trauma i tenen necessitats diverses; en un grup gran, aquests matisos sovint queden desatesos.<\/li>\n<li><strong>Efecte de contagi emocional<\/strong><br \/>\nEn parlar de traumes o emocions doloroses en un grup gran, es pot generar un &#8220;contagi emocional&#8221; en qu\u00e8 les emocions negatives d\u2019alguns alumnes es transmeten als altres, creant un clima de tensi\u00f3, tristesa o por generalitzada. Aix\u00f2 pot dificultar la din\u00e0mica de l\u2019aula i pot augmentar la c\u00e0rrega emocional de tot el grup.<\/li>\n<li><strong>Risc d&#8217;estigmatitzaci\u00f3<\/strong><br \/>\nQuan les emocions s&#8217;expressen en un entorn de grup gran, alguns alumnes poden ser etiquetats o estigmatitzats pels companys. Aix\u00f2 \u00e9s especialment problem\u00e0tic per als estudiants que poden tenir reaccions m\u00e9s evidents o que expressen emocions intenses, cosa que pot afectar la seva autoimatge i les seves relacions amb els altres.<\/li>\n<li><strong>Pressi\u00f3 per conformar-se al grup<\/strong><br \/>\nEn un grup gran, \u00e9s com\u00fa que alguns alumnes es sentin pressionats a expressar-se o a reaccionar d&#8217;una manera determinada per encaixar amb les respostes del grup. Aix\u00f2 pot limitar l&#8217;expressi\u00f3 emocional aut\u00e8ntica i fer que alguns estudiants reprimeixin les seves emocions o les dissimulin.<\/li>\n<\/ol>\n<table style=\"width: 100%; border-collapse: collapse; background-color: #b9d3ed;\">\n<tbody>\n<tr>\n<td style=\"width: 100%;\"><strong>Funcions i compet\u00e8ncies dels psic\u00f2legs en l&#8217;\u00e0mbit cl\u00ednic, sanitari i educatiu<\/strong><\/td>\n<\/tr>\n<\/tbody>\n<\/table>\n<p>&nbsp;<\/p>\n<p><img loading=\"lazy\" decoding=\"async\" class=\"wp-image-16699 alignleft\" src=\"https:\/\/serveiseducatius.xtec.cat\/altcamp\/wp-content\/uploads\/usu1130\/2024\/11\/professionals-habilitats-psicologia.jpg\" alt=\"\" width=\"451\" height=\"451\" srcset=\"https:\/\/serveiseducatius.xtec.cat\/altcamp\/wp-content\/uploads\/usu1130\/2024\/11\/professionals-habilitats-psicologia.jpg 900w, https:\/\/serveiseducatius.xtec.cat\/altcamp\/wp-content\/uploads\/usu1130\/2024\/11\/professionals-habilitats-psicologia-300x300.jpg 300w, https:\/\/serveiseducatius.xtec.cat\/altcamp\/wp-content\/uploads\/usu1130\/2024\/11\/professionals-habilitats-psicologia-150x150.jpg 150w, https:\/\/serveiseducatius.xtec.cat\/altcamp\/wp-content\/uploads\/usu1130\/2024\/11\/professionals-habilitats-psicologia-768x768.jpg 768w\" sizes=\"auto, (max-width: 451px) 100vw, 451px\" \/><\/p>\n<p>Els <strong>professionals legalment habilitats<\/strong> per tractar els efectes psicol\u00f2gics de les situacions traum\u00e0tiques s\u00f3n aquells que han rebut una <strong>formaci\u00f3 espec\u00edfica en psicologia i compten amb les acreditacions i permisos adequats:<\/strong><\/p>\n<ol>\n<li><strong>Psic\u00f2legs Sanitaris<\/strong>: S\u00f3n psic\u00f2legs amb una formaci\u00f3 espec\u00edfica en salut mental que han completat un m\u00e0ster en Psicologia General Sanit\u00e0ria. Aquest t\u00edtol els habilita per avaluar, diagnosticar i intervenir en problemes emocionals, inclosos els derivats de traumes.<\/li>\n<li><strong>Psic\u00f2legs Cl\u00ednics<\/strong>: Aquests professionals han obtingut el t\u00edtol d&#8217;Especialista en Psicologia Cl\u00ednica, generalment despr\u00e9s d&#8217;haver completat el programa de Psic\u00f2leg Intern Resident (PIR) en l\u2019\u00e0mbit de la sanitat p\u00fablica. S\u00f3n els m\u00e9s especialitzats en el tractament de trastorns mentals complexos i en l&#8217;atenci\u00f3 a traumes greus.<\/li>\n<li><strong>Psic\u00f2legs d\u2019Emerg\u00e8ncies i Intervenci\u00f3 en Crisi<\/strong>: S\u00f3n psic\u00f2legs amb formaci\u00f3 especialitzada en la intervenci\u00f3 en situacions d\u2019emerg\u00e8ncia, com ara cat\u00e0strofes naturals o crisis humanit\u00e0ries. Estan capacitats per realitzar intervencions immediates i treballar en la contenci\u00f3 emocional i suport psicol\u00f2gic d&#8217;urg\u00e8ncia per a persones afectades.<\/li>\n<li><strong>Psiquiatres<\/strong>: Tot i que els psiquiatres no s\u00f3n psic\u00f2legs, s\u00f3n metges especialitzats en salut mental i estan habilitats per diagnosticar i tractar els efectes psicol\u00f2gics del trauma. Poden oferir suport psicoterap\u00e8utic i, si \u00e9s necessari, farmacol\u00f2gic, especialment en els casos en qu\u00e8 el trauma provoca s\u00edmptomes severs que poden requerir medicaci\u00f3.<br \/>\n<strong>Nom\u00e9s els professionals degudament formats i acreditats poden oferir un tractament adequat, \u00e8tic i segur per als efectes psicol\u00f2gics de situacions traum\u00e0tiques. Aix\u00f2 protegeix els drets dels afectats i assegura la qualitat de l&#8217;atenci\u00f3 psicol\u00f2gica.<\/strong><\/p>\n<hr \/>\n<h4><\/h4>\n<p><strong>El delicte d&#8217;intrusisme professional est\u00e0 regulat a l&#8217;<a href=\"https:\/\/www.conceptosjuridicos.com\/codigo-penal-articulo-403\/\" target=\"_blank\" rel=\"noopener\">article 403 del Codi Penal<\/a><\/strong><\/p>\n<table style=\"width: 100%; border-collapse: collapse; background-color: #f2ebbd;\">\n<tbody>\n<tr>\n<td style=\"width: 100%;\">&nbsp;<\/p>\n<p><span class=\"HwtZe\" lang=\"ca\"><span class=\"jCAhz ChMk0b\"><span class=\"ryNqvb\">L&#8217;<a href=\"https:\/\/www.conceptosjuridicos.com\/codigo-penal-articulo-403\/\" target=\"_blank\" rel=\"noopener\"><strong>intrusisme<\/strong><\/a>, <strong>que es defineix com el fet que una persona sense qualificaci\u00f3, titulaci\u00f3 i\/o compet\u00e8ncies treballi en una determinada \u00e0rea o camp posant en risc els usuaris, \u00e9s una realitat a les professions sanit\u00e0ries.<\/strong><\/span><\/span><\/span><\/p>\n<p><span class=\"HwtZe\" lang=\"ca\"><span class=\"jCAhz ChMk0b\"><span class=\"ryNqvb\">L&#8217;usuari recorre a persones que diuen que estan capacitades per atendre els problemes relacionats amb la seva salut mental sense comprovar el n\u00famero de col\u00b7legiat, el t\u00edtol oficial i l&#8217;autoritzaci\u00f3 del centre sanitari per poder realitzar aquest exercici professional.<\/span><\/span> <span class=\"jCAhz ChMk0b\"><span class=\"ryNqvb\">En l&#8217;\u00e0mbit de la salut mental, no s\u00f3n professionals de psicologia o psiquiatria, no estan avalats per cap comunitat cient\u00edfica ni subjectes a un codi deontol\u00f2gic que vigili la bona praxi i protegeixi l&#8217;usuari.<\/span><\/span><\/span><\/td>\n<\/tr>\n<\/tbody>\n<\/table>\n<p><strong style=\"font-family: inherit; font-size: 1em;\">\u00a0<\/strong><a href=\"https:\/\/www.colpsinavarra.org\/es\/noticias\/rosa-ramos-el-intrusismo-en-psicologia-pone-en-riesgo-la-salud-de-las-personas\" target=\"_blank\" rel=\"noopener\"><strong>\u2192&#8221;El intrusismo en Psicolog\u00eda pone en riesgo la salud de las personas&#8221;<\/strong><\/a><\/p>\n<hr \/>\n<p><span class=\"yt-core-attributed-string yt-core-attributed-string--white-space-pre-wrap\" dir=\"auto\" role=\"text\"><span class=\"yt-core-attributed-string--link-inherit-color\" dir=\"auto\"><strong><a href=\"https:\/\/hipertextual.com\/2021\/06\/psicologos-pseuterapia-intrusismo\" target=\"_blank\" rel=\"noopener\"><img loading=\"lazy\" decoding=\"async\" class=\"alignnone wp-image-16696 size-large\" src=\"https:\/\/serveiseducatius.xtec.cat\/altcamp\/wp-content\/uploads\/usu1130\/2024\/11\/intrusisme-psicologia-1024x352.jpg\" alt=\"\" width=\"1024\" height=\"352\" srcset=\"https:\/\/serveiseducatius.xtec.cat\/altcamp\/wp-content\/uploads\/usu1130\/2024\/11\/intrusisme-psicologia-1024x352.jpg 1024w, https:\/\/serveiseducatius.xtec.cat\/altcamp\/wp-content\/uploads\/usu1130\/2024\/11\/intrusisme-psicologia-300x103.jpg 300w, https:\/\/serveiseducatius.xtec.cat\/altcamp\/wp-content\/uploads\/usu1130\/2024\/11\/intrusisme-psicologia-768x264.jpg 768w, https:\/\/serveiseducatius.xtec.cat\/altcamp\/wp-content\/uploads\/usu1130\/2024\/11\/intrusisme-psicologia.jpg 1159w\" sizes=\"auto, (max-width: 1024px) 100vw, 1024px\" \/><\/a><br \/>\n<\/strong><\/span><\/span><\/p>\n<p class=\"entry-title entry-title--with-subtitle\"><a href=\"https:\/\/hipertextual.com\/2021\/06\/psicologos-pseuterapia-intrusismo\" target=\"_blank\" rel=\"noopener\"><strong>\u2192Los psic\u00f3logos est\u00e1n hartos de las pseudoterapias y el intrusismo<\/strong><\/a><\/p>\n<p><span class=\"yt-core-attributed-string yt-core-attributed-string--white-space-pre-wrap\" dir=\"auto\" role=\"text\"><span class=\"yt-core-attributed-string--link-inherit-color\" dir=\"auto\"><strong>STOP Intrusisme<\/strong><\/span><\/span><\/p>\n<p>Vuit Col\u00b7legis promotors de la salut del Camp de Tarragona han posat en marxa la campanya <a href=\"https:\/\/www.youtube.com\/watch?v=cLDkT_LLbuQ\" target=\"_blank\" rel=\"noopener\"><strong>STOP intrusisme<\/strong><\/a> per a lluitar contra la realitzaci\u00f3 d\u2019actuacions professionals sense estar col\u00b7legiats. La iniciativa neix despr\u00e9s de detectar un increment important d\u2019aquesta mena de pr\u00e0ctica, cosa que preocupa als col\u00b7legis professionals de la salut per l\u2019afectaci\u00f3 que pot tenir sobre la salut de la ciutadania aix\u00ed com entre els professionals de la salut. La pr\u00e0ctica de l\u2019intrusisme laboral afecta de forma important la salut de la ciutadania en general i perjudica seriosament la imatge i la feina dels professionals de la salut. Els 8 Col\u00b7legis de la Salut del Camp de Tarragona i de Terres de l\u2019Ebre que formen part d\u2019aquesta campanya s\u00f3n el *Col\u00b7legi Oficial de Metges de Tarragona, el Col\u00b7legi Oficial d&#8217;Infermeres i Infermers de Tarragona, el Col\u00b7legi de Dietistes-Nutricionistes de Catalunya, el Col\u00b7legi Oficial de Farmac\u00e8utics de Tarragona, el Col\u00b7legi de Fisioterapeutes de Catalunya, l\u2019Il\u00b7lustre Col\u00b7legi Oficial de Veterinaris de Tarragona, la Delegaci\u00f3 Territorial de Tarragona del Col\u00b7legi Oficial de Psicologia de Catalunya i el Col\u00b7legi de Professionals de l&#8217;Activitat F\u00edsica i l&#8217;Esport de Catalunya.<\/p>\n<div class=\"ast-oembed-container \" style=\"height: 100%;\"><iframe loading=\"lazy\" title=\"Stop intrusisme\" width=\"500\" height=\"281\" src=\"https:\/\/www.youtube.com\/embed\/cLDkT_LLbuQ?feature=oembed\" frameborder=\"0\" allow=\"accelerometer; autoplay; clipboard-write; encrypted-media; gyroscope; picture-in-picture; web-share\" referrerpolicy=\"strict-origin-when-cross-origin\" allowfullscreen><\/iframe><\/div>\n<\/li>\n<\/ol>\n<hr \/>\n<p>RECURSOS RELACIONATS:<\/p>\n<blockquote class=\"wp-embedded-content\" data-secret=\"em6mnH81iM\"><p><a href=\"https:\/\/serveiseducatius.xtec.cat\/altcamp\/actualitat\/infopseudociencia\/\">Infopseudoci\u00e8ncia<\/a><\/p><\/blockquote>\n<p><iframe loading=\"lazy\" class=\"wp-embedded-content\" sandbox=\"allow-scripts\" security=\"restricted\" style=\"position: absolute; clip: rect(1px, 1px, 1px, 1px);\" title=\"&#8220;Infopseudoci\u00e8ncia&#8221; &#8212; Servei Educatiu de l&#039;Alt Camp\" src=\"https:\/\/serveiseducatius.xtec.cat\/altcamp\/actualitat\/infopseudociencia\/embed\/#?secret=HVGJPrfBe3#?secret=em6mnH81iM\" data-secret=\"em6mnH81iM\" width=\"500\" height=\"282\" frameborder=\"0\" marginwidth=\"0\" marginheight=\"0\" scrolling=\"no\"><\/iframe><\/p>\n<blockquote class=\"wp-embedded-content\" data-secret=\"9tVEmbAr1f\"><p><a href=\"https:\/\/serveiseducatius.xtec.cat\/altcamp\/dinamitzacio\/escoles-verdes\/dret-per-combatre-la-pseudociencia\/\">Eines legals per combatre la pseudoci\u00e8ncia<\/a><\/p><\/blockquote>\n<p><iframe loading=\"lazy\" class=\"wp-embedded-content\" sandbox=\"allow-scripts\" security=\"restricted\" style=\"position: absolute; clip: rect(1px, 1px, 1px, 1px);\" title=\"&#8220;Eines legals per combatre la pseudoci\u00e8ncia&#8221; &#8212; Servei Educatiu de l&#039;Alt Camp\" src=\"https:\/\/serveiseducatius.xtec.cat\/altcamp\/dinamitzacio\/escoles-verdes\/dret-per-combatre-la-pseudociencia\/embed\/#?secret=kLFmJgvb33#?secret=9tVEmbAr1f\" data-secret=\"9tVEmbAr1f\" width=\"500\" height=\"282\" frameborder=\"0\" marginwidth=\"0\" marginheight=\"0\" scrolling=\"no\"><\/iframe><\/p>\n<blockquote class=\"wp-embedded-content\" data-secret=\"s1r8s4ujEG\"><p><a href=\"https:\/\/serveiseducatius.xtec.cat\/altcamp\/actualitat\/resiliencia-o-resistencia\/\">Resili\u00e8ncia&#8230;o resist\u00e8ncia?<\/a><\/p><\/blockquote>\n<p><iframe loading=\"lazy\" class=\"wp-embedded-content\" sandbox=\"allow-scripts\" security=\"restricted\" style=\"position: absolute; clip: rect(1px, 1px, 1px, 1px);\" title=\"&#8220;Resili\u00e8ncia&#8230;o resist\u00e8ncia?&#8221; &#8212; Servei Educatiu de l&#039;Alt Camp\" src=\"https:\/\/serveiseducatius.xtec.cat\/altcamp\/actualitat\/resiliencia-o-resistencia\/embed\/#?secret=SXCwXGQShj#?secret=s1r8s4ujEG\" data-secret=\"s1r8s4ujEG\" width=\"500\" height=\"282\" frameborder=\"0\" marginwidth=\"0\" marginheight=\"0\" scrolling=\"no\"><\/iframe><\/p>\n<blockquote class=\"wp-embedded-content\" data-secret=\"tBzQ1gWYQQ\"><p><a href=\"https:\/\/serveiseducatius.xtec.cat\/altcamp\/actualitat\/espiritualitat-i-educacio-new-age\/\">Espiritualitat i educaci\u00f3 &#8220;New Age&#8221;<\/a><\/p><\/blockquote>\n<p><iframe loading=\"lazy\" class=\"wp-embedded-content\" sandbox=\"allow-scripts\" security=\"restricted\" style=\"position: absolute; clip: rect(1px, 1px, 1px, 1px);\" title=\"&#8220;Espiritualitat i educaci\u00f3 &#8220;New Age&#8221;&#8221; &#8212; Servei Educatiu de l&#039;Alt Camp\" src=\"https:\/\/serveiseducatius.xtec.cat\/altcamp\/actualitat\/espiritualitat-i-educacio-new-age\/embed\/#?secret=EMXZGNHTdg#?secret=tBzQ1gWYQQ\" data-secret=\"tBzQ1gWYQQ\" width=\"500\" height=\"282\" frameborder=\"0\" marginwidth=\"0\" marginheight=\"0\" scrolling=\"no\"><\/iframe><\/p>\n<blockquote class=\"wp-embedded-content\" data-secret=\"Ow9q44PNSC\"><p><a href=\"https:\/\/serveiseducatius.xtec.cat\/altcamp\/actualitat\/educar-per-a-la-felicitat\/\">Educar per a la felicitat?<\/a><\/p><\/blockquote>\n<p><iframe loading=\"lazy\" class=\"wp-embedded-content\" sandbox=\"allow-scripts\" security=\"restricted\" style=\"position: absolute; clip: rect(1px, 1px, 1px, 1px);\" title=\"&#8220;Educar per a la felicitat?&#8221; &#8212; Servei Educatiu de l&#039;Alt Camp\" src=\"https:\/\/serveiseducatius.xtec.cat\/altcamp\/actualitat\/educar-per-a-la-felicitat\/embed\/#?secret=vFO6n1gFMC#?secret=Ow9q44PNSC\" data-secret=\"Ow9q44PNSC\" width=\"500\" height=\"282\" frameborder=\"0\" marginwidth=\"0\" marginheight=\"0\" scrolling=\"no\"><\/iframe><\/p>\n<blockquote class=\"wp-embedded-content\" data-secret=\"YZf1u1hGFu\"><p><a href=\"https:\/\/serveiseducatius.xtec.cat\/altcamp\/actualitat\/la-terapia-assalta-lescola\/\">La ter\u00e0pia assalta l&#8217;escola<\/a><\/p><\/blockquote>\n<p><iframe loading=\"lazy\" class=\"wp-embedded-content\" sandbox=\"allow-scripts\" security=\"restricted\" style=\"position: absolute; clip: rect(1px, 1px, 1px, 1px);\" title=\"&#8220;La ter\u00e0pia assalta l&#8217;escola&#8221; &#8212; Servei Educatiu de l&#039;Alt Camp\" src=\"https:\/\/serveiseducatius.xtec.cat\/altcamp\/actualitat\/la-terapia-assalta-lescola\/embed\/#?secret=m5OoJA7MzJ#?secret=YZf1u1hGFu\" data-secret=\"YZf1u1hGFu\" width=\"500\" height=\"282\" frameborder=\"0\" marginwidth=\"0\" marginheight=\"0\" scrolling=\"no\"><\/iframe><\/p>\n","protected":false},"excerpt":{"rendered":"<p>Tractament dels efectes psicol\u00f2gics de situacions traum\u00e0tiques als centres educatius Els docents s\u00f3n professionals formats per a l\u2019ensenyament i el desenvolupament pedag\u00f2gic, no per al tractament de traumes psicol\u00f2gics. La intervenci\u00f3 psicol\u00f2gica en casos de trauma requereix un coneixement profund dels mecanismes emocionals, estrat\u00e8gies d\u2019intervenci\u00f3 cl\u00ednica i habilitats de contenci\u00f3 que nom\u00e9s els psic\u00f2legs degudament [&hellip;]<\/p>\n","protected":false},"author":4,"featured_media":16715,"comment_status":"closed","ping_status":"closed","sticky":false,"template":"","format":"standard","meta":{"_bbp_topic_count":0,"_bbp_reply_count":0,"_bbp_total_topic_count":0,"_bbp_total_reply_count":0,"_bbp_voice_count":0,"_bbp_anonymous_reply_count":0,"_bbp_topic_count_hidden":0,"_bbp_reply_count_hidden":0,"_bbp_forum_subforum_count":0,"site-sidebar-layout":"default","site-content-layout":"","ast-site-content-layout":"","site-content-style":"default","site-sidebar-style":"default","ast-global-header-display":"","ast-banner-title-visibility":"","ast-main-header-display":"","ast-hfb-above-header-display":"","ast-hfb-below-header-display":"","ast-hfb-mobile-header-display":"","site-post-title":"","ast-breadcrumbs-content":"","ast-featured-img":"","footer-sml-layout":"","theme-transparent-header-meta":"","adv-header-id-meta":"","stick-header-meta":"","header-above-stick-meta":"","header-main-stick-meta":"","header-below-stick-meta":"","astra-migrate-meta-layouts":"default","ast-page-background-enabled":"default","ast-page-background-meta":{"desktop":{"background-color":"var(--ast-global-color-4)","background-image":"","background-repeat":"repeat","background-position":"center center","background-size":"auto","background-attachment":"scroll","background-type":"","background-media":"","overlay-type":"","overlay-color":"","overlay-opacity":"","overlay-gradient":""},"tablet":{"background-color":"","background-image":"","background-repeat":"repeat","background-position":"center center","background-size":"auto","background-attachment":"scroll","background-type":"","background-media":"","overlay-type":"","overlay-color":"","overlay-opacity":"","overlay-gradient":""},"mobile":{"background-color":"","background-image":"","background-repeat":"repeat","background-position":"center center","background-size":"auto","background-attachment":"scroll","background-type":"","background-media":"","overlay-type":"","overlay-color":"","overlay-opacity":"","overlay-gradient":""}},"ast-content-background-meta":{"desktop":{"background-color":"var(--ast-global-color-5)","background-image":"","background-repeat":"repeat","background-position":"center center","background-size":"auto","background-attachment":"scroll","background-type":"","background-media":"","overlay-type":"","overlay-color":"","overlay-opacity":"","overlay-gradient":""},"tablet":{"background-color":"var(--ast-global-color-5)","background-image":"","background-repeat":"repeat","background-position":"center center","background-size":"auto","background-attachment":"scroll","background-type":"","background-media":"","overlay-type":"","overlay-color":"","overlay-opacity":"","overlay-gradient":""},"mobile":{"background-color":"var(--ast-global-color-5)","background-image":"","background-repeat":"repeat","background-position":"center center","background-size":"auto","background-attachment":"scroll","background-type":"","background-media":"","overlay-type":"","overlay-color":"","overlay-opacity":"","overlay-gradient":""}},"footnotes":""},"categories":[282,1532,287],"tags":[461,289,932,743,389,516],"class_list":["post-16657","post","type-post","status-publish","format-standard","has-post-thumbnail","hentry","category-actualitat","category-normativa","category-recomanem","tag-docents","tag-emocions","tag-normativa","tag-pseudociencia","tag-psicologia","tag-salut-mental"],"post_mailing_queue_ids":[],"_links":{"self":[{"href":"https:\/\/serveiseducatius.xtec.cat\/altcamp\/wp-json\/wp\/v2\/posts\/16657","targetHints":{"allow":["GET"]}}],"collection":[{"href":"https:\/\/serveiseducatius.xtec.cat\/altcamp\/wp-json\/wp\/v2\/posts"}],"about":[{"href":"https:\/\/serveiseducatius.xtec.cat\/altcamp\/wp-json\/wp\/v2\/types\/post"}],"author":[{"embeddable":true,"href":"https:\/\/serveiseducatius.xtec.cat\/altcamp\/wp-json\/wp\/v2\/users\/4"}],"replies":[{"embeddable":true,"href":"https:\/\/serveiseducatius.xtec.cat\/altcamp\/wp-json\/wp\/v2\/comments?post=16657"}],"version-history":[{"count":6,"href":"https:\/\/serveiseducatius.xtec.cat\/altcamp\/wp-json\/wp\/v2\/posts\/16657\/revisions"}],"predecessor-version":[{"id":17685,"href":"https:\/\/serveiseducatius.xtec.cat\/altcamp\/wp-json\/wp\/v2\/posts\/16657\/revisions\/17685"}],"wp:featuredmedia":[{"embeddable":true,"href":"https:\/\/serveiseducatius.xtec.cat\/altcamp\/wp-json\/wp\/v2\/media\/16715"}],"wp:attachment":[{"href":"https:\/\/serveiseducatius.xtec.cat\/altcamp\/wp-json\/wp\/v2\/media?parent=16657"}],"wp:term":[{"taxonomy":"category","embeddable":true,"href":"https:\/\/serveiseducatius.xtec.cat\/altcamp\/wp-json\/wp\/v2\/categories?post=16657"},{"taxonomy":"post_tag","embeddable":true,"href":"https:\/\/serveiseducatius.xtec.cat\/altcamp\/wp-json\/wp\/v2\/tags?post=16657"}],"curies":[{"name":"wp","href":"https:\/\/api.w.org\/{rel}","templated":true}]}}