{"id":16627,"date":"2024-10-29T15:47:36","date_gmt":"2024-10-29T14:47:36","guid":{"rendered":"https:\/\/serveiseducatius.xtec.cat\/altcamp\/?p=16627"},"modified":"2024-10-29T15:47:36","modified_gmt":"2024-10-29T14:47:36","slug":"camins-del-catala","status":"publish","type":"post","link":"https:\/\/serveiseducatius.xtec.cat\/altcamp\/general\/camins-del-catala\/","title":{"rendered":"Camins del catal\u00e0"},"content":{"rendered":"<p>\u00ab<a href=\"https:\/\/llengua.gencat.cat\/ca\/serveis\/informacio_i_difusio\/accions_sensibilitzacio\/camins\/\" target=\"_blank\" rel=\"noopener\"><strong>Camins del catal\u00e0<\/strong><\/a>\u00bb \u00e9s una iniciativa de la Direcci\u00f3 General de Pol\u00edtica Ling\u00fc\u00edstica de la Generalitat de Catalunya. El seu objectiu \u00e9s afavorir la creaci\u00f3 i la difusi\u00f3 de rutes sobre la llengua arreu del territori i donar un nou impuls a rutes ja existents, sorgides de la societat civil.<\/p>\n<p>Els Camins del catal\u00e0 s\u00f3n rutes per con\u00e8ixer i estimar la llengua catalana en el seu context territorial: els parlants, les figures il\u00b7lustres que l\u2019han feta cr\u00e9ixer i l\u2019han millorada, la petja que la llengua deixa en el pa\u00eds en forma de top\u00f2nims, les varietats dialectals. S\u00f3n camins d\u2019inter\u00e8s tant per a aquelles persones que volen aprofundir en el coneixement i l\u2019estima de la llengua com per a aquelles altres que volen descobrir-la perqu\u00e8 comencen a parlar-la.\u00a0S&#8217;afegeixen a iniciatives de rutes liter\u00e0ries com les dels\u00a0<a href=\"https:\/\/www.espaisescrits.cat\/que-fem\/rutes-literaries\" target=\"_blank\" rel=\"noopener noreferrer\" data-auth=\"NotApplicable\">Espais Escrits<\/a>.<\/p>\n<p><a href=\"https:\/\/llengua.gencat.cat\/ca\/serveis\/informacio_i_difusio\/camins\/index.html\" target=\"_blank\" rel=\"noopener\"><img loading=\"lazy\" decoding=\"async\" class=\"alignnone wp-image-16629 size-large\" src=\"https:\/\/serveiseducatius.xtec.cat\/altcamp\/wp-content\/uploads\/usu1130\/2024\/10\/Rutes-cat-1024x791.jpg\" alt=\"\" width=\"1024\" height=\"791\" srcset=\"https:\/\/serveiseducatius.xtec.cat\/altcamp\/wp-content\/uploads\/usu1130\/2024\/10\/Rutes-cat-1024x791.jpg 1024w, https:\/\/serveiseducatius.xtec.cat\/altcamp\/wp-content\/uploads\/usu1130\/2024\/10\/Rutes-cat-300x232.jpg 300w, https:\/\/serveiseducatius.xtec.cat\/altcamp\/wp-content\/uploads\/usu1130\/2024\/10\/Rutes-cat-768x593.jpg 768w, https:\/\/serveiseducatius.xtec.cat\/altcamp\/wp-content\/uploads\/usu1130\/2024\/10\/Rutes-cat.jpg 1268w\" sizes=\"auto, (max-width: 1024px) 100vw, 1024px\" \/><\/a><\/p>\n","protected":false},"excerpt":{"rendered":"<p>\u00abCamins del catal\u00e0\u00bb \u00e9s una iniciativa de la Direcci\u00f3 General de Pol\u00edtica Ling\u00fc\u00edstica de la Generalitat de Catalunya. El seu objectiu \u00e9s afavorir la creaci\u00f3 i la difusi\u00f3 de rutes sobre la llengua arreu del territori i donar un nou impuls a rutes ja existents, sorgides de la societat civil. Els Camins del catal\u00e0 s\u00f3n [&hellip;]<\/p>\n","protected":false},"author":4,"featured_media":16628,"comment_status":"closed","ping_status":"closed","sticky":false,"template":"","format":"standard","meta":{"_bbp_topic_count":0,"_bbp_reply_count":0,"_bbp_total_topic_count":0,"_bbp_total_reply_count":0,"_bbp_voice_count":0,"_bbp_anonymous_reply_count":0,"_bbp_topic_count_hidden":0,"_bbp_reply_count_hidden":0,"_bbp_forum_subforum_count":0,"site-sidebar-layout":"default","site-content-layout":"","ast-site-content-layout":"","site-content-style":"default","site-sidebar-style":"default","ast-global-header-display":"","ast-banner-title-visibility":"","ast-main-header-display":"","ast-hfb-above-header-display":"","ast-hfb-below-header-display":"","ast-hfb-mobile-header-display":"","site-post-title":"","ast-breadcrumbs-content":"","ast-featured-img":"","footer-sml-layout":"","theme-transparent-header-meta":"","adv-header-id-meta":"","stick-header-meta":"","header-above-stick-meta":"","header-main-stick-meta":"","header-below-stick-meta":"","astra-migrate-meta-layouts":"default","ast-page-background-enabled":"default","ast-page-background-meta":{"desktop":{"background-color":"var(--ast-global-color-4)","background-image":"","background-repeat":"repeat","background-position":"center center","background-size":"auto","background-attachment":"scroll","background-type":"","background-media":"","overlay-type":"","overlay-color":"","overlay-opacity":"","overlay-gradient":""},"tablet":{"background-color":"","background-image":"","background-repeat":"repeat","background-position":"center center","background-size":"auto","background-attachment":"scroll","background-type":"","background-media":"","overlay-type":"","overlay-color":"","overlay-opacity":"","overlay-gradient":""},"mobile":{"background-color":"","background-image":"","background-repeat":"repeat","background-position":"center center","background-size":"auto","background-attachment":"scroll","background-type":"","background-media":"","overlay-type":"","overlay-color":"","overlay-opacity":"","overlay-gradient":""}},"ast-content-background-meta":{"desktop":{"background-color":"var(--ast-global-color-5)","background-image":"","background-repeat":"repeat","background-position":"center center","background-size":"auto","background-attachment":"scroll","background-type":"","background-media":"","overlay-type":"","overlay-color":"","overlay-opacity":"","overlay-gradient":""},"tablet":{"background-color":"var(--ast-global-color-5)","background-image":"","background-repeat":"repeat","background-position":"center center","background-size":"auto","background-attachment":"scroll","background-type":"","background-media":"","overlay-type":"","overlay-color":"","overlay-opacity":"","overlay-gradient":""},"mobile":{"background-color":"var(--ast-global-color-5)","background-image":"","background-repeat":"repeat","background-position":"center center","background-size":"auto","background-attachment":"scroll","background-type":"","background-media":"","overlay-type":"","overlay-color":"","overlay-opacity":"","overlay-gradient":""}},"footnotes":""},"categories":[282,1],"tags":[1078,1560,246,247,347,236],"class_list":["post-16627","post","type-post","status-publish","format-standard","has-post-thumbnail","hentry","category-actualitat","category-general","tag-catala","tag-catalunya","tag-geografia","tag-historia","tag-literatura-catalana","tag-llengua-catalana"],"post_mailing_queue_ids":[],"_links":{"self":[{"href":"https:\/\/serveiseducatius.xtec.cat\/altcamp\/wp-json\/wp\/v2\/posts\/16627","targetHints":{"allow":["GET"]}}],"collection":[{"href":"https:\/\/serveiseducatius.xtec.cat\/altcamp\/wp-json\/wp\/v2\/posts"}],"about":[{"href":"https:\/\/serveiseducatius.xtec.cat\/altcamp\/wp-json\/wp\/v2\/types\/post"}],"author":[{"embeddable":true,"href":"https:\/\/serveiseducatius.xtec.cat\/altcamp\/wp-json\/wp\/v2\/users\/4"}],"replies":[{"embeddable":true,"href":"https:\/\/serveiseducatius.xtec.cat\/altcamp\/wp-json\/wp\/v2\/comments?post=16627"}],"version-history":[{"count":1,"href":"https:\/\/serveiseducatius.xtec.cat\/altcamp\/wp-json\/wp\/v2\/posts\/16627\/revisions"}],"predecessor-version":[{"id":16630,"href":"https:\/\/serveiseducatius.xtec.cat\/altcamp\/wp-json\/wp\/v2\/posts\/16627\/revisions\/16630"}],"wp:featuredmedia":[{"embeddable":true,"href":"https:\/\/serveiseducatius.xtec.cat\/altcamp\/wp-json\/wp\/v2\/media\/16628"}],"wp:attachment":[{"href":"https:\/\/serveiseducatius.xtec.cat\/altcamp\/wp-json\/wp\/v2\/media?parent=16627"}],"wp:term":[{"taxonomy":"category","embeddable":true,"href":"https:\/\/serveiseducatius.xtec.cat\/altcamp\/wp-json\/wp\/v2\/categories?post=16627"},{"taxonomy":"post_tag","embeddable":true,"href":"https:\/\/serveiseducatius.xtec.cat\/altcamp\/wp-json\/wp\/v2\/tags?post=16627"}],"curies":[{"name":"wp","href":"https:\/\/api.w.org\/{rel}","templated":true}]}}