{"id":16615,"date":"2024-10-28T12:04:50","date_gmt":"2024-10-28T11:04:50","guid":{"rendered":"https:\/\/serveiseducatius.xtec.cat\/altcamp\/?p=16615"},"modified":"2024-10-28T12:16:32","modified_gmt":"2024-10-28T11:16:32","slug":"7a-edicio-de-cientifiques","status":"publish","type":"post","link":"https:\/\/serveiseducatius.xtec.cat\/altcamp\/general\/7a-edicio-de-cientifiques\/","title":{"rendered":"7a edici\u00f3 de #cient\u00edfiques"},"content":{"rendered":"<p>La\u00a0<a href=\"https:\/\/fundaciorecerca.us14.list-manage.com\/track\/click?u=8fb8b3cd79187d3ca4dc95ac0&amp;id=4c2acfdfda&amp;e=e4d9edb594\" target=\"_blank\" rel=\"noopener\" data-saferedirecturl=\"https:\/\/www.google.com\/url?q=https:\/\/fundaciorecerca.us14.list-manage.com\/track\/click?u%3D8fb8b3cd79187d3ca4dc95ac0%26id%3D4c2acfdfda%26e%3De4d9edb594&amp;source=gmail&amp;ust=1729925158124000&amp;usg=AOvVaw3I-n_5GzXeo4TgJ3xOo4t0\">Fundaci\u00f3 Catalana per a la Recerca i la Innovaci\u00f3 (FCRI<\/a>) i el\u00a0<a href=\"https:\/\/fundaciorecerca.us14.list-manage.com\/track\/click?u=8fb8b3cd79187d3ca4dc95ac0&amp;id=d88ec20372&amp;e=e4d9edb594\" target=\"_blank\" rel=\"noopener\" data-saferedirecturl=\"https:\/\/www.google.com\/url?q=https:\/\/fundaciorecerca.us14.list-manage.com\/track\/click?u%3D8fb8b3cd79187d3ca4dc95ac0%26id%3Dd88ec20372%26e%3De4d9edb594&amp;source=gmail&amp;ust=1729925158124000&amp;usg=AOvVaw2A0xpNtfeEfft981FelSPj\">Barcelona Institute of Science and Technology (BIST)<\/a> organitzen la setena edici\u00f3 de #100t\u00edfiques, aquest any canvien el nom per donar pas a <a href=\"https:\/\/fundaciorecerca.us14.list-manage.com\/track\/click?u=8fb8b3cd79187d3ca4dc95ac0&amp;id=598551acf5&amp;e=e4d9edb594\" target=\"_blank\" rel=\"noopener\" data-saferedirecturl=\"https:\/\/www.google.com\/url?q=https:\/\/fundaciorecerca.us14.list-manage.com\/track\/click?u%3D8fb8b3cd79187d3ca4dc95ac0%26id%3D598551acf5%26e%3De4d9edb594&amp;source=gmail&amp;ust=1729925158124000&amp;usg=AOvVaw1ebabzm2kxwsxra-zBEm7M\"><strong>#cient\u00edfiques<\/strong><\/a>. El motiu \u00e9s que<strong>\u00a0ja no s\u00f3n 100, sin\u00f3 m\u00e9s de 500<\/strong> les professionals que visiten les aules per inspirar milers de nens i nenes d\u2019arreu de Catalunya, i contribuir a superar els estereotips de g\u00e8nere, posant en relleu el talent de les dones en l\u2019\u00e0mbit de la ci\u00e8ncia, la tecnologia, les enginyeries i les matem\u00e0tiques.<\/p>\n<p>La xerrada als centres escolars de Catalunya \u00e9s<strong> l\u201911 de febrer de 2025, Dia de la Dona i la Nena en la Ci\u00e8ncia.<\/strong><\/p>\n<p>L&#8217;activitat est\u00e0 adre\u00e7ada a l&#8217;alumnat de 6\u00e8 i\/o 1r d\u2019ESO<\/p>\n<p><strong>Inscripcions<\/strong><\/p>\n<p>Abans del 20 de desembre de 2024. <a href=\"https:\/\/fundaciorecerca.us14.list-manage.com\/track\/click?u=8fb8b3cd79187d3ca4dc95ac0&amp;id=e93acd9bab&amp;e=e4d9edb594\"><strong>Enlla\u00e7 a la inscripci\u00f3<\/strong><\/a><\/p>\n<p><strong>M\u00e9s informaci\u00f3<\/strong><\/p>\n<p>Totes les <strong>novetats<\/strong>,\u00a0<strong>calendari\u00a0<\/strong>del programa,\u00a0<strong>recursos\u00a0<\/strong>i\u00a0<strong>formacions\u00a0<\/strong>les podr\u00e0s consultar a la p\u00e0gina de l\u2019<a href=\"https:\/\/fundaciorecerca.us14.list-manage.com\/track\/click?u=8fb8b3cd79187d3ca4dc95ac0&amp;id=578d617edf&amp;e=e4d9edb594\" target=\"_blank\" rel=\"noopener\" data-saferedirecturl=\"https:\/\/www.google.com\/url?q=https:\/\/fundaciorecerca.us14.list-manage.com\/track\/click?u%3D8fb8b3cd79187d3ca4dc95ac0%26id%3D578d617edf%26e%3De4d9edb594&amp;source=gmail&amp;ust=1729925158124000&amp;usg=AOvVaw039lnhPDdO4OyPIlDct6-O\"><strong>edici\u00f3 2025<\/strong><\/a>, que aniran actualitzant amb nous continguts.<\/p>\n<p><strong>A m\u00e9s a m\u00e9s\u2026<\/strong><\/p>\n<p>Recorda que, en el marc de #cient\u00edfiques, s\u2019<strong>ofereix una formaci\u00f3 per a docents<\/strong>, en l\u00ednia, reconeguda pel Departament d\u2019Educaci\u00f3 i Formaci\u00f3 Professional de la Generalitat (veg. condicions). <a href=\"https:\/\/aplicacions.gestioeducativa.gencat.cat\/ords\/pls\/soloas\/pk_for_mod_ins.p_for_pre_cons_activitats?p_any=2024-2025&amp;p_codi=9001200545\" target=\"_blank\" rel=\"noopener\"><strong>Enlla\u00e7<\/strong> <\/a>a la inscripci\u00f3.<\/p>\n<table style=\"width: 91.1025%; height: 66px;\" border=\"0\" cellspacing=\"0\" cellpadding=\"0\">\n<tbody>\n<tr>\n<td valign=\"TOP\"><span style=\"font-family: arial, helvetica, geneva; font-size: small;\">9001200545\u00a0<\/span><\/td>\n<td><a href=\"https:\/\/aplicacions.gestioeducativa.gencat.cat\/ords\/pls\/soloas\/pk_for_mod_ins.p_for_pre_cons_activitats?p_any=2024-2025&amp;p_codi=9001200545\" target=\"_blank\" rel=\"noopener\"><span style=\"font-family: arial, helvetica, geneva; font-size: small;\"><b>#Cient\u00edfiques: m\u00e9s enll\u00e0 de l&#8217;11 Febrer. Formaci\u00f3 per a docents<\/b><\/span><\/a><\/td>\n<\/tr>\n<tr>\n<td valign=\"TOP\"><span style=\"font-family: arial, helvetica, geneva; font-size: small;\">2024-2025<\/span><\/td>\n<td><span style=\"font-family: arial, helvetica, geneva; font-size: small;\">Curs telem\u00e0tic (en l\u00ednia as\u00edncron). Prim\u00e0ria-Secund\u00e0ria<\/span><\/td>\n<\/tr>\n<\/tbody>\n<\/table>\n<p>Il\u00b7lustraci\u00f3 de <strong>Maria Picass\u00f3 i Piquer<\/strong> (Manresa, 1983).<\/p>\n<p>Bases de participaci\u00f3 i inscripcions en aquest <a href=\"https:\/\/cientifiques.cat\/cientifiques_2025\/\" target=\"_blank\" rel=\"noopener\"><strong>enlla\u00e7<\/strong><\/a>.<\/p>\n<p><a href=\"https:\/\/cientifiques.cat\/cientifiques_2025\/\" target=\"_blank\" rel=\"noopener\"><img loading=\"lazy\" decoding=\"async\" class=\"aligncenter wp-image-16616 size-full\" src=\"https:\/\/serveiseducatius.xtec.cat\/altcamp\/wp-content\/uploads\/usu1130\/2024\/10\/cientifiques.jpg\" alt=\"\" width=\"723\" height=\"1024\" srcset=\"https:\/\/serveiseducatius.xtec.cat\/altcamp\/wp-content\/uploads\/usu1130\/2024\/10\/cientifiques.jpg 723w, https:\/\/serveiseducatius.xtec.cat\/altcamp\/wp-content\/uploads\/usu1130\/2024\/10\/cientifiques-212x300.jpg 212w\" sizes=\"auto, (max-width: 723px) 100vw, 723px\" \/><\/a><\/p>\n","protected":false},"excerpt":{"rendered":"<p>La\u00a0Fundaci\u00f3 Catalana per a la Recerca i la Innovaci\u00f3 (FCRI) i el\u00a0Barcelona Institute of Science and Technology (BIST) organitzen la setena edici\u00f3 de #100t\u00edfiques, aquest any canvien el nom per donar pas a #cient\u00edfiques. El motiu \u00e9s que\u00a0ja no s\u00f3n 100, sin\u00f3 m\u00e9s de 500 les professionals que visiten les aules per inspirar milers de [&hellip;]<\/p>\n","protected":false},"author":4,"featured_media":16616,"comment_status":"closed","ping_status":"closed","sticky":false,"template":"","format":"standard","meta":{"_bbp_topic_count":0,"_bbp_reply_count":0,"_bbp_total_topic_count":0,"_bbp_total_reply_count":0,"_bbp_voice_count":0,"_bbp_anonymous_reply_count":0,"_bbp_topic_count_hidden":0,"_bbp_reply_count_hidden":0,"_bbp_forum_subforum_count":0,"site-sidebar-layout":"default","site-content-layout":"","ast-site-content-layout":"","site-content-style":"default","site-sidebar-style":"default","ast-global-header-display":"","ast-banner-title-visibility":"","ast-main-header-display":"","ast-hfb-above-header-display":"","ast-hfb-below-header-display":"","ast-hfb-mobile-header-display":"","site-post-title":"","ast-breadcrumbs-content":"","ast-featured-img":"","footer-sml-layout":"","theme-transparent-header-meta":"","adv-header-id-meta":"","stick-header-meta":"","header-above-stick-meta":"","header-main-stick-meta":"","header-below-stick-meta":"","astra-migrate-meta-layouts":"default","ast-page-background-enabled":"default","ast-page-background-meta":{"desktop":{"background-color":"var(--ast-global-color-4)","background-image":"","background-repeat":"repeat","background-position":"center center","background-size":"auto","background-attachment":"scroll","background-type":"","background-media":"","overlay-type":"","overlay-color":"","overlay-opacity":"","overlay-gradient":""},"tablet":{"background-color":"","background-image":"","background-repeat":"repeat","background-position":"center center","background-size":"auto","background-attachment":"scroll","background-type":"","background-media":"","overlay-type":"","overlay-color":"","overlay-opacity":"","overlay-gradient":""},"mobile":{"background-color":"","background-image":"","background-repeat":"repeat","background-position":"center center","background-size":"auto","background-attachment":"scroll","background-type":"","background-media":"","overlay-type":"","overlay-color":"","overlay-opacity":"","overlay-gradient":""}},"ast-content-background-meta":{"desktop":{"background-color":"var(--ast-global-color-5)","background-image":"","background-repeat":"repeat","background-position":"center center","background-size":"auto","background-attachment":"scroll","background-type":"","background-media":"","overlay-type":"","overlay-color":"","overlay-opacity":"","overlay-gradient":""},"tablet":{"background-color":"var(--ast-global-color-5)","background-image":"","background-repeat":"repeat","background-position":"center center","background-size":"auto","background-attachment":"scroll","background-type":"","background-media":"","overlay-type":"","overlay-color":"","overlay-opacity":"","overlay-gradient":""},"mobile":{"background-color":"var(--ast-global-color-5)","background-image":"","background-repeat":"repeat","background-position":"center center","background-size":"auto","background-attachment":"scroll","background-type":"","background-media":"","overlay-type":"","overlay-color":"","overlay-opacity":"","overlay-gradient":""}},"footnotes":""},"categories":[282,1],"tags":[566,434,386,384],"class_list":["post-16615","post","type-post","status-publish","format-standard","has-post-thumbnail","hentry","category-actualitat","category-general","tag-centres-educatius","tag-cientifiques","tag-divulgacio-cientifica","tag-steam"],"post_mailing_queue_ids":[],"_links":{"self":[{"href":"https:\/\/serveiseducatius.xtec.cat\/altcamp\/wp-json\/wp\/v2\/posts\/16615","targetHints":{"allow":["GET"]}}],"collection":[{"href":"https:\/\/serveiseducatius.xtec.cat\/altcamp\/wp-json\/wp\/v2\/posts"}],"about":[{"href":"https:\/\/serveiseducatius.xtec.cat\/altcamp\/wp-json\/wp\/v2\/types\/post"}],"author":[{"embeddable":true,"href":"https:\/\/serveiseducatius.xtec.cat\/altcamp\/wp-json\/wp\/v2\/users\/4"}],"replies":[{"embeddable":true,"href":"https:\/\/serveiseducatius.xtec.cat\/altcamp\/wp-json\/wp\/v2\/comments?post=16615"}],"version-history":[{"count":3,"href":"https:\/\/serveiseducatius.xtec.cat\/altcamp\/wp-json\/wp\/v2\/posts\/16615\/revisions"}],"predecessor-version":[{"id":16619,"href":"https:\/\/serveiseducatius.xtec.cat\/altcamp\/wp-json\/wp\/v2\/posts\/16615\/revisions\/16619"}],"wp:featuredmedia":[{"embeddable":true,"href":"https:\/\/serveiseducatius.xtec.cat\/altcamp\/wp-json\/wp\/v2\/media\/16616"}],"wp:attachment":[{"href":"https:\/\/serveiseducatius.xtec.cat\/altcamp\/wp-json\/wp\/v2\/media?parent=16615"}],"wp:term":[{"taxonomy":"category","embeddable":true,"href":"https:\/\/serveiseducatius.xtec.cat\/altcamp\/wp-json\/wp\/v2\/categories?post=16615"},{"taxonomy":"post_tag","embeddable":true,"href":"https:\/\/serveiseducatius.xtec.cat\/altcamp\/wp-json\/wp\/v2\/tags?post=16615"}],"curies":[{"name":"wp","href":"https:\/\/api.w.org\/{rel}","templated":true}]}}