{"id":16607,"date":"2024-10-24T13:17:26","date_gmt":"2024-10-24T11:17:26","guid":{"rendered":"https:\/\/serveiseducatius.xtec.cat\/altcamp\/?p=16607"},"modified":"2024-10-24T13:17:26","modified_gmt":"2024-10-24T11:17:26","slug":"els-nostres-classics-en-veu-alta","status":"publish","type":"post","link":"https:\/\/serveiseducatius.xtec.cat\/altcamp\/general\/els-nostres-classics-en-veu-alta\/","title":{"rendered":"Els nostres cl\u00e0ssics en veu alta"},"content":{"rendered":"<p class=\"NG-menu__title\"><strong>Atenci\u00f3 docents! Podeu sol\u00b7licitar <a href=\"https:\/\/cultura.gencat.cat\/ca\/ilc\/detalls\/noticia\/lletres-aules-00001\" target=\"_blank\" rel=\"noopener\"><em>Els nostres cl\u00e0ssics en veu alta<\/em><\/a> fins al 31 d\u2019octubre!<\/strong><\/p>\n<p>Aquesta nova modalitat de<strong>\u00a0<a href=\"https:\/\/cultura.gencat.cat\/ca\/ilc\/detalls\/noticia\/lletres-aules-00001\" target=\"_blank\" rel=\"noopener\">Lletres a les aules<\/a><\/strong>\u00a0ofereix als centres educatius la possibilitat de treballar autors patrimonials de manera l\u00fadica i participativa a trav\u00e9s de l\u2019oralitat per tal de fomentar el gust per la lectura i l\u2019h\u00e0bit lector.<\/p>\n<p>La Instituci\u00f3 de les Lletres catalanes va crear el passat any el programa<a href=\"https:\/\/cultura.gencat.cat\/ca\/ilc\/que-fem\/programes\/lletres-a-les-aules\/els-nostres-classics-en-veu-alta\/index.html\" target=\"_blank\" rel=\"noopener\"><em><strong> Els nostres cl\u00e0ssics en veu alta<\/strong><\/em><\/a> per apropar, de franc, les arts esc\u00e8niques a les escoles que ho demanin.<\/p>\n<p>Les obres tenen una durada de 60 minuts aproximadament i tracten sobre els autors patrimonials aprofitant les commemoracions. Per exemple: Vallverd\u00fa, Salvat-Papasseit i Guimer\u00e0.<\/p>\n<p>Una companyia teatral visita l&#8217;escola i representa en format teatral o musical la vida i obra de diversos autors. Pr\u00e8via la representaci\u00f3 els alumnes han d&#8217;haver llegit les propostes did\u00e0ctiques que, els tres mesos seg\u00fcents, hauran d&#8217;enviar a la companyia que els reenvia a la ILLC.<\/p>\n<p>A cada funci\u00f3 hi participen entre 5 i 8 alumnes de l&#8217;escola que, fent lectura dramatitzada (pr\u00e8via assajada a l&#8217;aula), participaran directament amb els actors damunt l&#8217;escenari, sigui biblioteca, sigui sala d&#8217;actes, sigui poliesportiu.<\/p>\n<p>La <a href=\"https:\/\/cultura.gencat.cat\/ca\/ilc\/que-fem\/programes\/lletres-a-les-aules\/els-nostres-classics-en-veu-alta\/index.html\" target=\"_blank\" rel=\"noopener\"><strong>sol\u00b7licitud<\/strong><\/a> a la ILLC s&#8217;ha de fer per part de l&#8217; ESCOLA per CURS 2024-2025<strong> abans del dia 31 d&#8217;octubre<\/strong> posant per ordre l&#8217;obra de la seva prefer\u00e8ncia i segons si l&#8217;escola nom\u00e9s t\u00e8 prim\u00e0ria o secund\u00e0ria.<\/p>\n<p><strong>Enlla\u00e7 a la inscripci\u00f3<\/strong>: <a href=\"https:\/\/cultura.gencat.cat\/ca\/ilc\/que-fem\/programes\/lletres-a-les-aules\/els-nostres-classics-en-veu-alta\/\" target=\"_blank\" rel=\"noopener\">https:\/\/cultura.gencat.cat\/ca\/ilc\/que-fem\/programes\/lletres-a-les-aules\/els-nostres-classics-en-veu-alta\/<\/a><\/p>\n<p>Les escoles seran escollides per ordre d&#8217;arribada de les seves sol\u00b7licituds fins que s&#8217;acabin les places.<\/p>\n<p>Per exemple:<br \/>\n1. Els grumets del Capit\u00e0 Silver (com\u00e8dia musical biogr\u00e0fica sobre Josep<br \/>\nVallverd\u00fa)<br \/>\n2. Soc \u00c0ngel Guimer\u00e0 (drama biogr\u00e0fic)<br \/>\n3. Salvat-Papasseit i els nens de la meva escala (drama musical<br \/>\nbiogr\u00e0fic)<\/p>\n<p>Podeu consultar les bases de participaci\u00f3 en aquest <a href=\"https:\/\/cultura.gencat.cat\/ca\/ilc\/que-fem\/programes\/lletres-a-les-aules\/els-nostres-classics-en-veu-alta\/index.html\" target=\"_blank\" rel=\"noopener\"><strong>enlla\u00e7<\/strong><\/a>.<\/p>\n<p>Consulteu la <a href=\"https:\/\/cultura.gencat.cat\/web\/.content\/ilc\/03-programes\/lletres-aules\/Documents\/ActivitatsClassics2024.pdf\" target=\"_blank\" rel=\"noopener\">llista de les activitats d\u2019Els nostres cl\u00e0ssics en veu alta en aquest enlla\u00e7.<\/a><\/p>\n","protected":false},"excerpt":{"rendered":"<p>Atenci\u00f3 docents! Podeu sol\u00b7licitar Els nostres cl\u00e0ssics en veu alta fins al 31 d\u2019octubre! Aquesta nova modalitat de\u00a0Lletres a les aules\u00a0ofereix als centres educatius la possibilitat de treballar autors patrimonials de manera l\u00fadica i participativa a trav\u00e9s de l\u2019oralitat per tal de fomentar el gust per la lectura i l\u2019h\u00e0bit lector. La Instituci\u00f3 de les [&hellip;]<\/p>\n","protected":false},"author":4,"featured_media":16608,"comment_status":"closed","ping_status":"closed","sticky":false,"template":"","format":"standard","meta":{"_bbp_topic_count":0,"_bbp_reply_count":0,"_bbp_total_topic_count":0,"_bbp_total_reply_count":0,"_bbp_voice_count":0,"_bbp_anonymous_reply_count":0,"_bbp_topic_count_hidden":0,"_bbp_reply_count_hidden":0,"_bbp_forum_subforum_count":0,"site-sidebar-layout":"default","site-content-layout":"","ast-site-content-layout":"","site-content-style":"default","site-sidebar-style":"default","ast-global-header-display":"","ast-banner-title-visibility":"","ast-main-header-display":"","ast-hfb-above-header-display":"","ast-hfb-below-header-display":"","ast-hfb-mobile-header-display":"","site-post-title":"","ast-breadcrumbs-content":"","ast-featured-img":"","footer-sml-layout":"","theme-transparent-header-meta":"","adv-header-id-meta":"","stick-header-meta":"","header-above-stick-meta":"","header-main-stick-meta":"","header-below-stick-meta":"","astra-migrate-meta-layouts":"default","ast-page-background-enabled":"default","ast-page-background-meta":{"desktop":{"background-color":"var(--ast-global-color-4)","background-image":"","background-repeat":"repeat","background-position":"center center","background-size":"auto","background-attachment":"scroll","background-type":"","background-media":"","overlay-type":"","overlay-color":"","overlay-opacity":"","overlay-gradient":""},"tablet":{"background-color":"","background-image":"","background-repeat":"repeat","background-position":"center center","background-size":"auto","background-attachment":"scroll","background-type":"","background-media":"","overlay-type":"","overlay-color":"","overlay-opacity":"","overlay-gradient":""},"mobile":{"background-color":"","background-image":"","background-repeat":"repeat","background-position":"center center","background-size":"auto","background-attachment":"scroll","background-type":"","background-media":"","overlay-type":"","overlay-color":"","overlay-opacity":"","overlay-gradient":""}},"ast-content-background-meta":{"desktop":{"background-color":"var(--ast-global-color-5)","background-image":"","background-repeat":"repeat","background-position":"center center","background-size":"auto","background-attachment":"scroll","background-type":"","background-media":"","overlay-type":"","overlay-color":"","overlay-opacity":"","overlay-gradient":""},"tablet":{"background-color":"var(--ast-global-color-5)","background-image":"","background-repeat":"repeat","background-position":"center center","background-size":"auto","background-attachment":"scroll","background-type":"","background-media":"","overlay-type":"","overlay-color":"","overlay-opacity":"","overlay-gradient":""},"mobile":{"background-color":"var(--ast-global-color-5)","background-image":"","background-repeat":"repeat","background-position":"center center","background-size":"auto","background-attachment":"scroll","background-type":"","background-media":"","overlay-type":"","overlay-color":"","overlay-opacity":"","overlay-gradient":""}},"footnotes":""},"categories":[282,1],"tags":[1078,566,347,913,299],"class_list":["post-16607","post","type-post","status-publish","format-standard","has-post-thumbnail","hentry","category-actualitat","category-general","tag-catala","tag-centres-educatius","tag-literatura-catalana","tag-oralitat","tag-teatre"],"post_mailing_queue_ids":[],"_links":{"self":[{"href":"https:\/\/serveiseducatius.xtec.cat\/altcamp\/wp-json\/wp\/v2\/posts\/16607","targetHints":{"allow":["GET"]}}],"collection":[{"href":"https:\/\/serveiseducatius.xtec.cat\/altcamp\/wp-json\/wp\/v2\/posts"}],"about":[{"href":"https:\/\/serveiseducatius.xtec.cat\/altcamp\/wp-json\/wp\/v2\/types\/post"}],"author":[{"embeddable":true,"href":"https:\/\/serveiseducatius.xtec.cat\/altcamp\/wp-json\/wp\/v2\/users\/4"}],"replies":[{"embeddable":true,"href":"https:\/\/serveiseducatius.xtec.cat\/altcamp\/wp-json\/wp\/v2\/comments?post=16607"}],"version-history":[{"count":1,"href":"https:\/\/serveiseducatius.xtec.cat\/altcamp\/wp-json\/wp\/v2\/posts\/16607\/revisions"}],"predecessor-version":[{"id":16609,"href":"https:\/\/serveiseducatius.xtec.cat\/altcamp\/wp-json\/wp\/v2\/posts\/16607\/revisions\/16609"}],"wp:featuredmedia":[{"embeddable":true,"href":"https:\/\/serveiseducatius.xtec.cat\/altcamp\/wp-json\/wp\/v2\/media\/16608"}],"wp:attachment":[{"href":"https:\/\/serveiseducatius.xtec.cat\/altcamp\/wp-json\/wp\/v2\/media?parent=16607"}],"wp:term":[{"taxonomy":"category","embeddable":true,"href":"https:\/\/serveiseducatius.xtec.cat\/altcamp\/wp-json\/wp\/v2\/categories?post=16607"},{"taxonomy":"post_tag","embeddable":true,"href":"https:\/\/serveiseducatius.xtec.cat\/altcamp\/wp-json\/wp\/v2\/tags?post=16607"}],"curies":[{"name":"wp","href":"https:\/\/api.w.org\/{rel}","templated":true}]}}