{"id":16504,"date":"2024-10-15T12:44:19","date_gmt":"2024-10-15T10:44:19","guid":{"rendered":"https:\/\/serveiseducatius.xtec.cat\/altcamp\/?p=16504"},"modified":"2024-10-16T09:15:31","modified_gmt":"2024-10-16T07:15:31","slug":"caracteristiques-i-simptomatologia-del-tdah-estrategies-dintervencio-a-laula","status":"publish","type":"post","link":"https:\/\/serveiseducatius.xtec.cat\/altcamp\/general\/caracteristiques-i-simptomatologia-del-tdah-estrategies-dintervencio-a-laula\/","title":{"rendered":"Caracter\u00edstiques i simptomatologia del TDAH. Estrat\u00e8gies d&#8217;intervenci\u00f3 a l&#8217;aula"},"content":{"rendered":"<p><a href=\"https:\/\/aplicacions.gestioeducativa.gencat.cat\/pls\/soloas\/pk_for_mod_ins.p_for_detall_activitat?p_codi=7010131701&amp;p_curs=2024-2025&amp;p_es_inscr=S\" target=\"_blank\" rel=\"noopener\"><strong>Inscripci\u00f3 oberta<\/strong><\/a> a l&#8217;activitat <strong>7010131701 Caracter\u00edstiques i simptomatologia del TDAH. Estrat\u00e8gies d&#8217;intervenci\u00f3 a l&#8217;aula.<\/strong><\/p>\n<p><a href=\"https:\/\/aplicacions.gestioeducativa.gencat.cat\/pls\/soloas\/pk_for_mod_ins.p_for_detall_activitat?p_codi=7010131701&amp;p_curs=2024-2025&amp;p_es_inscr=S\" target=\"_blank\" rel=\"noopener\"><strong>Enlla\u00e7<\/strong><\/a> a la inscripci\u00f3.<\/p>\n<p>Taller. Internivells: Ed. Infantil-Prim\u00e0ria-Secund\u00e0ria (10 h)<\/p>\n<p><strong>Activitat presencial<\/strong> al CRP de l&#8217;Alt Camp.<\/p>\n<p>Sessi\u00f3 1 \u00a023\/10\/2024 \u00a017:30-19:00<\/p>\n<p>Sessi\u00f3 2\u00a0 30\/10\/2024\u00a0 17:30-19:00<\/p>\n<p>Sessi\u00f3 3 \u00a0 06\/11\/2024\u00a0 17:30-19:00<\/p>\n<p><b>Objectius<\/b><\/p>\n<p>&#8211; Con\u00e8ixer les tipologies del TDAH i la seva simptomatologia.<br \/>\n&#8211; Adquirir estrat\u00e8gies de treball dins l\u2019aula.<br \/>\n&#8211; Sensibilitzar als professionals davant el trastorn.<br \/>\n&#8211; Con\u00e8ixer els tractaments per al TDAH des d\u2019una perspectiva multimodal.<\/p>\n<p><b>Continguts<\/b><\/p>\n<p>-Qu\u00e8 \u00e9s el TDAH? Tipologies simptomatologia.<br \/>\n-Estrat\u00e8gies d\u2019intervenci\u00f3 a l\u2019aula.<br \/>\n-Tractament multimodal.<br \/>\n-Associaci\u00f3 APYDA; Qui som?<\/p>\n","protected":false},"excerpt":{"rendered":"<p>Inscripci\u00f3 oberta a l&#8217;activitat 7010131701 Caracter\u00edstiques i simptomatologia del TDAH. Estrat\u00e8gies d&#8217;intervenci\u00f3 a l&#8217;aula. Enlla\u00e7 a la inscripci\u00f3. Taller. Internivells: Ed. Infantil-Prim\u00e0ria-Secund\u00e0ria (10 h) Activitat presencial al CRP de l&#8217;Alt Camp. Sessi\u00f3 1 \u00a023\/10\/2024 \u00a017:30-19:00 Sessi\u00f3 2\u00a0 30\/10\/2024\u00a0 17:30-19:00 Sessi\u00f3 3 \u00a0 06\/11\/2024\u00a0 17:30-19:00 Objectius &#8211; Con\u00e8ixer les tipologies del TDAH i la seva simptomatologia. [&hellip;]<\/p>\n","protected":false},"author":4,"featured_media":16505,"comment_status":"closed","ping_status":"closed","sticky":false,"template":"","format":"standard","meta":{"_bbp_topic_count":0,"_bbp_reply_count":0,"_bbp_total_topic_count":0,"_bbp_total_reply_count":0,"_bbp_voice_count":0,"_bbp_anonymous_reply_count":0,"_bbp_topic_count_hidden":0,"_bbp_reply_count_hidden":0,"_bbp_forum_subforum_count":0,"site-sidebar-layout":"default","site-content-layout":"","ast-site-content-layout":"","site-content-style":"default","site-sidebar-style":"default","ast-global-header-display":"","ast-banner-title-visibility":"","ast-main-header-display":"","ast-hfb-above-header-display":"","ast-hfb-below-header-display":"","ast-hfb-mobile-header-display":"","site-post-title":"","ast-breadcrumbs-content":"","ast-featured-img":"","footer-sml-layout":"","theme-transparent-header-meta":"","adv-header-id-meta":"","stick-header-meta":"","header-above-stick-meta":"","header-main-stick-meta":"","header-below-stick-meta":"","astra-migrate-meta-layouts":"default","ast-page-background-enabled":"default","ast-page-background-meta":{"desktop":{"background-color":"var(--ast-global-color-4)","background-image":"","background-repeat":"repeat","background-position":"center center","background-size":"auto","background-attachment":"scroll","background-type":"","background-media":"","overlay-type":"","overlay-color":"","overlay-opacity":"","overlay-gradient":""},"tablet":{"background-color":"","background-image":"","background-repeat":"repeat","background-position":"center center","background-size":"auto","background-attachment":"scroll","background-type":"","background-media":"","overlay-type":"","overlay-color":"","overlay-opacity":"","overlay-gradient":""},"mobile":{"background-color":"","background-image":"","background-repeat":"repeat","background-position":"center center","background-size":"auto","background-attachment":"scroll","background-type":"","background-media":"","overlay-type":"","overlay-color":"","overlay-opacity":"","overlay-gradient":""}},"ast-content-background-meta":{"desktop":{"background-color":"var(--ast-global-color-5)","background-image":"","background-repeat":"repeat","background-position":"center center","background-size":"auto","background-attachment":"scroll","background-type":"","background-media":"","overlay-type":"","overlay-color":"","overlay-opacity":"","overlay-gradient":""},"tablet":{"background-color":"var(--ast-global-color-5)","background-image":"","background-repeat":"repeat","background-position":"center center","background-size":"auto","background-attachment":"scroll","background-type":"","background-media":"","overlay-type":"","overlay-color":"","overlay-opacity":"","overlay-gradient":""},"mobile":{"background-color":"var(--ast-global-color-5)","background-image":"","background-repeat":"repeat","background-position":"center center","background-size":"auto","background-attachment":"scroll","background-type":"","background-media":"","overlay-type":"","overlay-color":"","overlay-opacity":"","overlay-gradient":""}},"footnotes":""},"categories":[282,1],"tags":[691,226,893,253,207,1494],"class_list":["post-16504","post","type-post","status-publish","format-standard","has-post-thumbnail","hentry","category-actualitat","category-general","tag-eap","tag-formacio","tag-mestres","tag-orientacio","tag-professorat","tag-tdah"],"post_mailing_queue_ids":[],"_links":{"self":[{"href":"https:\/\/serveiseducatius.xtec.cat\/altcamp\/wp-json\/wp\/v2\/posts\/16504","targetHints":{"allow":["GET"]}}],"collection":[{"href":"https:\/\/serveiseducatius.xtec.cat\/altcamp\/wp-json\/wp\/v2\/posts"}],"about":[{"href":"https:\/\/serveiseducatius.xtec.cat\/altcamp\/wp-json\/wp\/v2\/types\/post"}],"author":[{"embeddable":true,"href":"https:\/\/serveiseducatius.xtec.cat\/altcamp\/wp-json\/wp\/v2\/users\/4"}],"replies":[{"embeddable":true,"href":"https:\/\/serveiseducatius.xtec.cat\/altcamp\/wp-json\/wp\/v2\/comments?post=16504"}],"version-history":[{"count":2,"href":"https:\/\/serveiseducatius.xtec.cat\/altcamp\/wp-json\/wp\/v2\/posts\/16504\/revisions"}],"predecessor-version":[{"id":16518,"href":"https:\/\/serveiseducatius.xtec.cat\/altcamp\/wp-json\/wp\/v2\/posts\/16504\/revisions\/16518"}],"wp:featuredmedia":[{"embeddable":true,"href":"https:\/\/serveiseducatius.xtec.cat\/altcamp\/wp-json\/wp\/v2\/media\/16505"}],"wp:attachment":[{"href":"https:\/\/serveiseducatius.xtec.cat\/altcamp\/wp-json\/wp\/v2\/media?parent=16504"}],"wp:term":[{"taxonomy":"category","embeddable":true,"href":"https:\/\/serveiseducatius.xtec.cat\/altcamp\/wp-json\/wp\/v2\/categories?post=16504"},{"taxonomy":"post_tag","embeddable":true,"href":"https:\/\/serveiseducatius.xtec.cat\/altcamp\/wp-json\/wp\/v2\/tags?post=16504"}],"curies":[{"name":"wp","href":"https:\/\/api.w.org\/{rel}","templated":true}]}}