{"id":16460,"date":"2024-10-08T17:49:26","date_gmt":"2024-10-08T15:49:26","guid":{"rendered":"https:\/\/serveiseducatius.xtec.cat\/altcamp\/?p=16460"},"modified":"2024-10-08T17:49:26","modified_gmt":"2024-10-08T15:49:26","slug":"recursos-per-estimular-el-desenvolupament-del-lleguatge-dels-0-als-4-anys","status":"publish","type":"post","link":"https:\/\/serveiseducatius.xtec.cat\/altcamp\/recursos\/recomanem\/recursos-per-estimular-el-desenvolupament-del-lleguatge-dels-0-als-4-anys\/","title":{"rendered":"Recursos per estimular el desenvolupament del lleguatge dels 0 als 4 anys"},"content":{"rendered":"<p><span lang=\"es\">L\u2019observaci\u00f3 de les fam\u00edlies en el desenvolupament dels infants \u00e9s molt important i ajuda els professionals de l\u2019atenci\u00f3 preco\u00e7 a disposar d\u2019una informaci\u00f3 molt valuosa per a la intervenci\u00f3 amb els nens i nenes que arriben al centre.<\/p>\n<p>En aquest <a href=\"https:\/\/serveiseducatius.xtec.cat\/altcamp\/wp-content\/uploads\/usu1130\/2024\/10\/DESENVOLUPAMENT-DEL-LLENGUATGE-DELS-0-ALS-4-ANYS-I-JOCS-I-ACTIVITATS.pdf\" target=\"_blank\" rel=\"noopener\"><strong>enlla\u00e7<\/strong><\/a> podeu consultar un document amb el proc\u00e9s del desenvolupament del lleguatge dels 0 als 4 anys i recursos per estimular-lo.<br \/>\n<\/span><\/p>\n<p>Material elaborat pel <a href=\"https:\/\/www.cdiapbages.org\/recursos\/\" target=\"_blank\" rel=\"noopener\"><strong>CDIAP del Bages<\/strong><\/a>.<\/p>\n<p><a href=\"https:\/\/serveiseducatius.xtec.cat\/altcamp\/wp-content\/uploads\/usu1130\/2024\/10\/DESENVOLUPAMENT-DEL-LLENGUATGE-DELS-0-ALS-4-ANYS-I-JOCS-I-ACTIVITATS.pdf\" target=\"_blank\" rel=\"noopener\"><img loading=\"lazy\" decoding=\"async\" class=\"alignnone wp-image-16461 size-full\" src=\"https:\/\/serveiseducatius.xtec.cat\/altcamp\/wp-content\/uploads\/usu1130\/2024\/10\/DESENVOLUPAMENT-LLENGUATGE-0_4-cdiap.jpg\" alt=\"\" width=\"697\" height=\"554\" srcset=\"https:\/\/serveiseducatius.xtec.cat\/altcamp\/wp-content\/uploads\/usu1130\/2024\/10\/DESENVOLUPAMENT-LLENGUATGE-0_4-cdiap.jpg 697w, https:\/\/serveiseducatius.xtec.cat\/altcamp\/wp-content\/uploads\/usu1130\/2024\/10\/DESENVOLUPAMENT-LLENGUATGE-0_4-cdiap-300x238.jpg 300w\" sizes=\"auto, (max-width: 697px) 100vw, 697px\" \/><\/a><\/p>\n<hr \/>\n<p><strong>Altres recursos:<\/strong><\/p>\n<blockquote class=\"wp-embedded-content\" data-secret=\"1JpWmR6Lep\"><p><a href=\"https:\/\/serveiseducatius.xtec.cat\/altcamp\/recursos\/recomanem\/trastorn-del-desenvolupament-del-llenguatge-tdl\/\">Trastorn del desenvolupament del llenguatge (TDL)<\/a><\/p><\/blockquote>\n<p><iframe loading=\"lazy\" class=\"wp-embedded-content\" sandbox=\"allow-scripts\" security=\"restricted\" style=\"position: absolute; clip: rect(1px, 1px, 1px, 1px);\" title=\"&#8220;Trastorn del desenvolupament del llenguatge (TDL)&#8221; &#8212; Servei Educatiu de l&#039;Alt Camp\" src=\"https:\/\/serveiseducatius.xtec.cat\/altcamp\/recursos\/recomanem\/trastorn-del-desenvolupament-del-llenguatge-tdl\/embed\/#?secret=DaXje0dA1U#?secret=1JpWmR6Lep\" data-secret=\"1JpWmR6Lep\" width=\"500\" height=\"282\" frameborder=\"0\" marginwidth=\"0\" marginheight=\"0\" scrolling=\"no\"><\/iframe><\/p>\n<blockquote class=\"wp-embedded-content\" data-secret=\"YhtD1rb1mG\"><p><a href=\"https:\/\/serveiseducatius.xtec.cat\/altcamp\/recursos\/recomanem\/abans-de-les-primeres-paraules\/\">Abans de les primeres paraules<\/a><\/p><\/blockquote>\n<p><iframe loading=\"lazy\" class=\"wp-embedded-content\" sandbox=\"allow-scripts\" security=\"restricted\" style=\"position: absolute; clip: rect(1px, 1px, 1px, 1px);\" title=\"&#8220;Abans de les primeres paraules&#8221; &#8212; Servei Educatiu de l&#039;Alt Camp\" src=\"https:\/\/serveiseducatius.xtec.cat\/altcamp\/recursos\/recomanem\/abans-de-les-primeres-paraules\/embed\/#?secret=rNYtySQw5O#?secret=YhtD1rb1mG\" data-secret=\"YhtD1rb1mG\" width=\"500\" height=\"282\" frameborder=\"0\" marginwidth=\"0\" marginheight=\"0\" scrolling=\"no\"><\/iframe><\/p>\n<hr \/>\n<p><em>L&#8217;\u00fas excessiu de pantalles en nens petits incrementa els trastorns del llenguatge<\/em><\/p>\n<p>La sobreexposici\u00f3 dels infants a les pantalles accentua els trastorns de llenguatge, segons alerten des del Centre de Desenvolupament Infantil i Atenci\u00f3 Preco\u00e7 de la Garrotxa. En l&#8217;\u00faltim any han rebut un 20% m\u00e9s de consultes per aquest tipus de trastorn i han engegat un estudi amb quatre altres centres d&#8217;atenci\u00f3 per tenir m\u00e9s detalls d&#8217;aquesta interacci\u00f3. Recomanen no posar en contacte amb les pantalles els nens abans dels tres anys. Alerten que massa sovint s&#8217;utilitza el m\u00f2bil, la tauleta o la televisi\u00f3 com a substitut del contacte amb l&#8217;adult.<\/p>\n<p>&nbsp;<\/p>\n","protected":false},"excerpt":{"rendered":"<p>L\u2019observaci\u00f3 de les fam\u00edlies en el desenvolupament dels infants \u00e9s molt important i ajuda els professionals de l\u2019atenci\u00f3 preco\u00e7 a disposar d\u2019una informaci\u00f3 molt valuosa per a la intervenci\u00f3 amb els nens i nenes que arriben al centre. En aquest enlla\u00e7 podeu consultar un document amb el proc\u00e9s del desenvolupament del lleguatge dels 0 als [&hellip;]<\/p>\n","protected":false},"author":4,"featured_media":16461,"comment_status":"closed","ping_status":"closed","sticky":false,"template":"","format":"standard","meta":{"_bbp_topic_count":0,"_bbp_reply_count":0,"_bbp_total_topic_count":0,"_bbp_total_reply_count":0,"_bbp_voice_count":0,"_bbp_anonymous_reply_count":0,"_bbp_topic_count_hidden":0,"_bbp_reply_count_hidden":0,"_bbp_forum_subforum_count":0,"site-sidebar-layout":"default","site-content-layout":"","ast-site-content-layout":"","site-content-style":"default","site-sidebar-style":"default","ast-global-header-display":"","ast-banner-title-visibility":"","ast-main-header-display":"","ast-hfb-above-header-display":"","ast-hfb-below-header-display":"","ast-hfb-mobile-header-display":"","site-post-title":"","ast-breadcrumbs-content":"","ast-featured-img":"","footer-sml-layout":"","theme-transparent-header-meta":"","adv-header-id-meta":"","stick-header-meta":"","header-above-stick-meta":"","header-main-stick-meta":"","header-below-stick-meta":"","astra-migrate-meta-layouts":"default","ast-page-background-enabled":"default","ast-page-background-meta":{"desktop":{"background-color":"var(--ast-global-color-4)","background-image":"","background-repeat":"repeat","background-position":"center center","background-size":"auto","background-attachment":"scroll","background-type":"","background-media":"","overlay-type":"","overlay-color":"","overlay-opacity":"","overlay-gradient":""},"tablet":{"background-color":"","background-image":"","background-repeat":"repeat","background-position":"center center","background-size":"auto","background-attachment":"scroll","background-type":"","background-media":"","overlay-type":"","overlay-color":"","overlay-opacity":"","overlay-gradient":""},"mobile":{"background-color":"","background-image":"","background-repeat":"repeat","background-position":"center center","background-size":"auto","background-attachment":"scroll","background-type":"","background-media":"","overlay-type":"","overlay-color":"","overlay-opacity":"","overlay-gradient":""}},"ast-content-background-meta":{"desktop":{"background-color":"var(--ast-global-color-5)","background-image":"","background-repeat":"repeat","background-position":"center center","background-size":"auto","background-attachment":"scroll","background-type":"","background-media":"","overlay-type":"","overlay-color":"","overlay-opacity":"","overlay-gradient":""},"tablet":{"background-color":"var(--ast-global-color-5)","background-image":"","background-repeat":"repeat","background-position":"center center","background-size":"auto","background-attachment":"scroll","background-type":"","background-media":"","overlay-type":"","overlay-color":"","overlay-opacity":"","overlay-gradient":""},"mobile":{"background-color":"var(--ast-global-color-5)","background-image":"","background-repeat":"repeat","background-position":"center center","background-size":"auto","background-attachment":"scroll","background-type":"","background-media":"","overlay-type":"","overlay-color":"","overlay-opacity":"","overlay-gradient":""}},"footnotes":""},"categories":[287],"tags":[1496,462,618,1149,667,1679],"class_list":["post-16460","post","type-post","status-publish","format-standard","has-post-thumbnail","hentry","category-recomanem","tag-desenvolupament","tag-families","tag-infants","tag-llenguatge","tag-parla","tag-retard-llenguatge"],"post_mailing_queue_ids":[],"_links":{"self":[{"href":"https:\/\/serveiseducatius.xtec.cat\/altcamp\/wp-json\/wp\/v2\/posts\/16460","targetHints":{"allow":["GET"]}}],"collection":[{"href":"https:\/\/serveiseducatius.xtec.cat\/altcamp\/wp-json\/wp\/v2\/posts"}],"about":[{"href":"https:\/\/serveiseducatius.xtec.cat\/altcamp\/wp-json\/wp\/v2\/types\/post"}],"author":[{"embeddable":true,"href":"https:\/\/serveiseducatius.xtec.cat\/altcamp\/wp-json\/wp\/v2\/users\/4"}],"replies":[{"embeddable":true,"href":"https:\/\/serveiseducatius.xtec.cat\/altcamp\/wp-json\/wp\/v2\/comments?post=16460"}],"version-history":[{"count":1,"href":"https:\/\/serveiseducatius.xtec.cat\/altcamp\/wp-json\/wp\/v2\/posts\/16460\/revisions"}],"predecessor-version":[{"id":16463,"href":"https:\/\/serveiseducatius.xtec.cat\/altcamp\/wp-json\/wp\/v2\/posts\/16460\/revisions\/16463"}],"wp:featuredmedia":[{"embeddable":true,"href":"https:\/\/serveiseducatius.xtec.cat\/altcamp\/wp-json\/wp\/v2\/media\/16461"}],"wp:attachment":[{"href":"https:\/\/serveiseducatius.xtec.cat\/altcamp\/wp-json\/wp\/v2\/media?parent=16460"}],"wp:term":[{"taxonomy":"category","embeddable":true,"href":"https:\/\/serveiseducatius.xtec.cat\/altcamp\/wp-json\/wp\/v2\/categories?post=16460"},{"taxonomy":"post_tag","embeddable":true,"href":"https:\/\/serveiseducatius.xtec.cat\/altcamp\/wp-json\/wp\/v2\/tags?post=16460"}],"curies":[{"name":"wp","href":"https:\/\/api.w.org\/{rel}","templated":true}]}}