{"id":16425,"date":"2024-10-01T11:29:28","date_gmt":"2024-10-01T09:29:28","guid":{"rendered":"https:\/\/serveiseducatius.xtec.cat\/altcamp\/?p=16425"},"modified":"2024-10-01T11:29:28","modified_gmt":"2024-10-01T09:29:28","slug":"jornada-professional-del-fes-2024-festival-deducacio-per-la-sostenibilitat","status":"publish","type":"post","link":"https:\/\/serveiseducatius.xtec.cat\/altcamp\/general\/jornada-professional-del-fes-2024-festival-deducacio-per-la-sostenibilitat\/","title":{"rendered":"Jornada professional del FES 2024 (Festival d\u2019Educaci\u00f3 per la Sostenibilitat)"},"content":{"rendered":"<p>El Museu Terra de l\u2019Espluga de Francol\u00ed organitza la <strong>jornada professional<\/strong> del <strong>FES 2024<\/strong>, el <strong><a href=\"https:\/\/museuterra.cat\/fes-2024\/\" target=\"_blank\" rel=\"noopener\" data-saferedirecturl=\"https:\/\/www.google.com\/url?q=https:\/\/museuterra.cat\/fes-2024\/&amp;source=gmail&amp;ust=1727778866213000&amp;usg=AOvVaw0BV3zL8Lpz1ZE7iKkBWd2z\">Festival d\u2019Educaci\u00f3 per la Sostenibilitat<\/a><\/strong>, que celebra la seva sisena edici\u00f3. l&#8217;objectiu de la jornada \u00e9s fer cr\u00e9ixer la comunitat de docents compromesos\/es amb la construcci\u00f3 d\u2019un futur molt m\u00e9s sostenible i ens conviden a anar al Museu la tarda del<strong> divendres 18 d\u2019octubre<\/strong> i participar de l\u2019activitat. Podeu fer la vostra<strong> inscripci\u00f3<\/strong> gratu\u00eftament <strong><a href=\"https:\/\/forms.office.com\/pages\/responsepage.aspx?id=NfmLgimXNUStdU6G3fwhRhTyc-V8CZROgknIp3lBTVNUNEo1TFFTRVY5MUozQ0hPUElDNkg0M0JWQS4u&amp;route=shorturl\" target=\"_blank\" rel=\"noopener\">aqu\u00ed<\/a><\/strong>.<\/p>\n<p><a href=\"https:\/\/museuterra.cat\/fes-2024\/\" target=\"_blank\" rel=\"noopener\"><img loading=\"lazy\" decoding=\"async\" class=\"alignnone wp-image-16426 size-large\" src=\"https:\/\/serveiseducatius.xtec.cat\/altcamp\/wp-content\/uploads\/usu1130\/2024\/10\/FES-professional-1024x808.jpg\" alt=\"\" width=\"1024\" height=\"808\" srcset=\"https:\/\/serveiseducatius.xtec.cat\/altcamp\/wp-content\/uploads\/usu1130\/2024\/10\/FES-professional-1024x808.jpg 1024w, https:\/\/serveiseducatius.xtec.cat\/altcamp\/wp-content\/uploads\/usu1130\/2024\/10\/FES-professional-300x237.jpg 300w, https:\/\/serveiseducatius.xtec.cat\/altcamp\/wp-content\/uploads\/usu1130\/2024\/10\/FES-professional-768x606.jpg 768w, https:\/\/serveiseducatius.xtec.cat\/altcamp\/wp-content\/uploads\/usu1130\/2024\/10\/FES-professional.jpg 1231w\" sizes=\"auto, (max-width: 1024px) 100vw, 1024px\" \/><\/a><\/p>\n<p>&nbsp;<\/p>\n<p>&nbsp;<\/p>\n","protected":false},"excerpt":{"rendered":"<p>El Museu Terra de l\u2019Espluga de Francol\u00ed organitza la jornada professional del FES 2024, el Festival d\u2019Educaci\u00f3 per la Sostenibilitat, que celebra la seva sisena edici\u00f3. l&#8217;objectiu de la jornada \u00e9s fer cr\u00e9ixer la comunitat de docents compromesos\/es amb la construcci\u00f3 d\u2019un futur molt m\u00e9s sostenible i ens conviden a anar al Museu la tarda [&hellip;]<\/p>\n","protected":false},"author":4,"featured_media":16426,"comment_status":"closed","ping_status":"closed","sticky":false,"template":"","format":"standard","meta":{"_bbp_topic_count":0,"_bbp_reply_count":0,"_bbp_total_topic_count":0,"_bbp_total_reply_count":0,"_bbp_voice_count":0,"_bbp_anonymous_reply_count":0,"_bbp_topic_count_hidden":0,"_bbp_reply_count_hidden":0,"_bbp_forum_subforum_count":0,"site-sidebar-layout":"default","site-content-layout":"","ast-site-content-layout":"","site-content-style":"default","site-sidebar-style":"default","ast-global-header-display":"","ast-banner-title-visibility":"","ast-main-header-display":"","ast-hfb-above-header-display":"","ast-hfb-below-header-display":"","ast-hfb-mobile-header-display":"","site-post-title":"","ast-breadcrumbs-content":"","ast-featured-img":"","footer-sml-layout":"","theme-transparent-header-meta":"","adv-header-id-meta":"","stick-header-meta":"","header-above-stick-meta":"","header-main-stick-meta":"","header-below-stick-meta":"","astra-migrate-meta-layouts":"default","ast-page-background-enabled":"default","ast-page-background-meta":{"desktop":{"background-color":"var(--ast-global-color-4)","background-image":"","background-repeat":"repeat","background-position":"center center","background-size":"auto","background-attachment":"scroll","background-type":"","background-media":"","overlay-type":"","overlay-color":"","overlay-opacity":"","overlay-gradient":""},"tablet":{"background-color":"","background-image":"","background-repeat":"repeat","background-position":"center center","background-size":"auto","background-attachment":"scroll","background-type":"","background-media":"","overlay-type":"","overlay-color":"","overlay-opacity":"","overlay-gradient":""},"mobile":{"background-color":"","background-image":"","background-repeat":"repeat","background-position":"center center","background-size":"auto","background-attachment":"scroll","background-type":"","background-media":"","overlay-type":"","overlay-color":"","overlay-opacity":"","overlay-gradient":""}},"ast-content-background-meta":{"desktop":{"background-color":"var(--ast-global-color-5)","background-image":"","background-repeat":"repeat","background-position":"center center","background-size":"auto","background-attachment":"scroll","background-type":"","background-media":"","overlay-type":"","overlay-color":"","overlay-opacity":"","overlay-gradient":""},"tablet":{"background-color":"var(--ast-global-color-5)","background-image":"","background-repeat":"repeat","background-position":"center center","background-size":"auto","background-attachment":"scroll","background-type":"","background-media":"","overlay-type":"","overlay-color":"","overlay-opacity":"","overlay-gradient":""},"mobile":{"background-color":"var(--ast-global-color-5)","background-image":"","background-repeat":"repeat","background-position":"center center","background-size":"auto","background-attachment":"scroll","background-type":"","background-media":"","overlay-type":"","overlay-color":"","overlay-opacity":"","overlay-gradient":""}},"footnotes":""},"categories":[282,1],"tags":[597,461,358,429,341],"class_list":["post-16425","post","type-post","status-publish","format-standard","has-post-thumbnail","hentry","category-actualitat","category-general","tag-art","tag-docents","tag-jornades","tag-museus","tag-sostenibilitat"],"post_mailing_queue_ids":[],"_links":{"self":[{"href":"https:\/\/serveiseducatius.xtec.cat\/altcamp\/wp-json\/wp\/v2\/posts\/16425","targetHints":{"allow":["GET"]}}],"collection":[{"href":"https:\/\/serveiseducatius.xtec.cat\/altcamp\/wp-json\/wp\/v2\/posts"}],"about":[{"href":"https:\/\/serveiseducatius.xtec.cat\/altcamp\/wp-json\/wp\/v2\/types\/post"}],"author":[{"embeddable":true,"href":"https:\/\/serveiseducatius.xtec.cat\/altcamp\/wp-json\/wp\/v2\/users\/4"}],"replies":[{"embeddable":true,"href":"https:\/\/serveiseducatius.xtec.cat\/altcamp\/wp-json\/wp\/v2\/comments?post=16425"}],"version-history":[{"count":1,"href":"https:\/\/serveiseducatius.xtec.cat\/altcamp\/wp-json\/wp\/v2\/posts\/16425\/revisions"}],"predecessor-version":[{"id":16427,"href":"https:\/\/serveiseducatius.xtec.cat\/altcamp\/wp-json\/wp\/v2\/posts\/16425\/revisions\/16427"}],"wp:featuredmedia":[{"embeddable":true,"href":"https:\/\/serveiseducatius.xtec.cat\/altcamp\/wp-json\/wp\/v2\/media\/16426"}],"wp:attachment":[{"href":"https:\/\/serveiseducatius.xtec.cat\/altcamp\/wp-json\/wp\/v2\/media?parent=16425"}],"wp:term":[{"taxonomy":"category","embeddable":true,"href":"https:\/\/serveiseducatius.xtec.cat\/altcamp\/wp-json\/wp\/v2\/categories?post=16425"},{"taxonomy":"post_tag","embeddable":true,"href":"https:\/\/serveiseducatius.xtec.cat\/altcamp\/wp-json\/wp\/v2\/tags?post=16425"}],"curies":[{"name":"wp","href":"https:\/\/api.w.org\/{rel}","templated":true}]}}