{"id":15948,"date":"2024-05-21T09:17:02","date_gmt":"2024-05-21T07:17:02","guid":{"rendered":"https:\/\/serveiseducatius.xtec.cat\/altcamp\/?p=15948"},"modified":"2024-05-21T11:44:58","modified_gmt":"2024-05-21T09:44:58","slug":"pseudoterapies-en-salut-mental-una-perspectiva-professional","status":"publish","type":"post","link":"https:\/\/serveiseducatius.xtec.cat\/altcamp\/actualitat\/pseudoterapies-en-salut-mental-una-perspectiva-professional\/","title":{"rendered":"Pseudoter\u00e0pies en salut mental: una perspectiva professional"},"content":{"rendered":"<p><span class=\"HwtZe\" lang=\"ca\"><span class=\"jCAhz JxVs2d ChMk0b\"><span class=\"ryNqvb\">L&#8217;<a href=\"https:\/\/www.ffomc.org\/formacion\/seminario-pseudoterapias-en-salud-mental-una-perspectiva-profesional\" target=\"_blank\" rel=\"noopener\">Observatori contra les Pseudoci\u00e8ncies, Pseudoter\u00e0pies, Intrusisme i Sectes Sanit\u00e0ries (Oppiss)<\/a> i la Fundaci\u00f3 per a la Formaci\u00f3 de l&#8217;Organitzaci\u00f3 M\u00e8dica Col\u00b7legial (Ffomc) organitzen aquest dijous el <strong>seminari per videoconfer\u00e8ncia<\/strong> &#8216;Pseudoter\u00e0pies en salut mental: una perspectiva professional&#8217;.<\/span><\/span><\/span><\/p>\n<p><span class=\"HwtZe\" lang=\"ca\"><span class=\"jCAhz JxVs2d ChMk0b\"><span class=\"ryNqvb\"><a href=\"https:\/\/www.ffomc.org\/formacion\/seminario-pseudoterapias-en-salud-mental-una-perspectiva-profesional\" target=\"_blank\" rel=\"noopener\"><strong>Aquest seminari<\/strong><\/a> examina el fenomen de les pseudoter\u00e0pies a l&#8217;\u00e0mbit de la salut mental des d&#8217;una perspectiva professional.<\/span><\/span><strong> <span class=\"jCAhz JxVs2d ChMk0b\"><span class=\"ryNqvb\">S&#8217;analitzaran les pr\u00e0ctiques, els tractaments i els enfocaments que no tenen fonaments cient\u00edfics s\u00f2lids i que podrien representar un risc per a la salut i el benestar dels individus.<\/span><\/span> <span class=\"jCAhz JxVs2d ChMk0b\"><span class=\"ryNqvb\">Els ponents destacaran les caracter\u00edstiques comunes de les pseudoter\u00e0pies, els possibles perills associats amb el seu \u00fas i la import\u00e0ncia de promoure enfocaments basats en l&#8217;evid\u00e8ncia i els \u00e8tics en l&#8217;atenci\u00f3 de la salut mental.<\/span><\/span><\/strong> <span class=\"jCAhz JxVs2d ChMk0b\"><span class=\"ryNqvb\">Aquest seminari ofereix una oportunitat per explorar com els professionals de la salut mental poden abordar de manera efectiva el desafiament de les pseudoter\u00e0pies a la pr\u00e0ctica cl\u00ednica i promoure la presa de decisions informades entre els pacients i el p\u00fablic en general.<\/span><\/span><\/span><\/p>\n<p><a href=\"https:\/\/www.ffomc.org\/formacion\/seminario-pseudoterapias-en-salud-mental-una-perspectiva-profesional\" target=\"_blank\" rel=\"noopener\"><strong>Enlla\u00e7<\/strong><\/a> a la <strong>inscripci\u00f3 (gratu\u00efta) i al programa.<\/strong><\/p>\n<p><strong>Adre\u00e7at a professionals de la salut, psic\u00f2logues, treballadores socials, i altres.<\/strong><\/p>\n<p>Places limitades.<\/p>\n<div class=\"QFw9Te BLojaf\">\n<div class=\"hlJJmd\">\n<div class=\"D5aOJc Hapztf\"><\/div>\n<div class=\"Bmcqed\" dir=\"ltr\">\n<div data-id=\"kvLWu\">\n<p><span class=\"HwtZe\" lang=\"ca\"><span class=\"HwtZe\" lang=\"ca\"><span class=\"jCAhz JxVs2d\"><span class=\"ryNqvb\">Data: 23 de maig de 2024 &#8211; Hora: 17:30 h <\/span><\/span><span class=\"jCAhz JxVs2d ChMk0b\"><span class=\"ryNqvb\">L&#8217;esdeveniment es podr\u00e0 seguir per videoconfer\u00e8ncia<\/span><\/span><\/span><\/span><\/p>\n<p><strong>Temes relacionats:<\/strong><\/p>\n<\/div>\n<div data-id=\"kvLWu\"><\/div>\n<div data-id=\"kvLWu\"><\/div>\n<div data-id=\"kvLWu\">\n<table style=\"width: 100.737%; background-color: #e3bfc3;\">\n<tbody>\n<tr>\n<td style=\"width: 100%;\">\n<h3 style=\"text-align: center;\">Sembla ci\u00e8ncia, per\u00f2 no ho \u00e9s!<\/h3>\n<h3 style=\"text-align: center;\">Quin mal fan les pseudoci\u00e8ncies?<\/h3>\n<\/td>\n<\/tr>\n<\/tbody>\n<\/table>\n<table style=\"background-color: #ede6c2;\">\n<tbody>\n<tr>\n<td><strong><span class=\"HwtZe\" lang=\"ca\"><span class=\"jCAhz ChMk0b\"><span class=\"ryNqvb\">\u201c<\/span><\/span><span class=\"jCAhz ChMk0b\"><span class=\"ryNqvb\">No hi ha oferta sense demanda i si les mentides pseudocient\u00edfiques subsisteixen, \u00e9s perqu\u00e8 s\u00f3n alimentades pels seus consumidors\u201d.<\/span><\/span><\/span><\/strong><\/td>\n<\/tr>\n<\/tbody>\n<\/table>\n<p><span class=\"HwtZe\" lang=\"ca\"><span class=\"jCAhz ChMk0b\"><span class=\"ryNqvb\">En aquest <a href=\"https:\/\/serveiseducatius.xtec.cat\/altcamp\/categoria\/pseudociencia\/\" target=\"_blank\" rel=\"noopener\"><strong>enlla\u00e7<\/strong><\/a> trobareu materials i recursos sobre la pseudoci\u00e8ncia i els perills que comporta, i sobre com caldria actuar per erradicar-la. <\/span><\/span><\/span><\/p>\n<p><a href=\"https:\/\/serveiseducatius.xtec.cat\/altcamp\/actualitat\/formacio-del-professorat-sense-fonament-cientific\/\" target=\"_blank\" rel=\"noopener\"><img loading=\"lazy\" decoding=\"async\" class=\"alignnone wp-image-12216\" src=\"https:\/\/serveiseducatius.xtec.cat\/altcamp\/wp-content\/uploads\/usu1130\/2022\/03\/Formacio-Pseudociencia-682x1024.jpg\" alt=\"\" width=\"380\" height=\"571\" srcset=\"https:\/\/serveiseducatius.xtec.cat\/altcamp\/wp-content\/uploads\/usu1130\/2022\/03\/Formacio-Pseudociencia-682x1024.jpg 682w, https:\/\/serveiseducatius.xtec.cat\/altcamp\/wp-content\/uploads\/usu1130\/2022\/03\/Formacio-Pseudociencia-200x300.jpg 200w, https:\/\/serveiseducatius.xtec.cat\/altcamp\/wp-content\/uploads\/usu1130\/2022\/03\/Formacio-Pseudociencia-768x1152.jpg 768w, https:\/\/serveiseducatius.xtec.cat\/altcamp\/wp-content\/uploads\/usu1130\/2022\/03\/Formacio-Pseudociencia-1024x1536.jpg 1024w, https:\/\/serveiseducatius.xtec.cat\/altcamp\/wp-content\/uploads\/usu1130\/2022\/03\/Formacio-Pseudociencia.jpg 1253w\" sizes=\"auto, (max-width: 380px) 100vw, 380px\" \/><\/a> \u00a0\u00a0\u00a0\u00a0\u00a0\u00a0\u00a0\u00a0\u00a0 <a href=\"https:\/\/serveiseducatius.xtec.cat\/altcamp\/recursos\/recomanem\/la-pnl-no-compta-amb-evidencia-cientifica\/\" target=\"_blank\" rel=\"noopener\"><img loading=\"lazy\" decoding=\"async\" class=\"alignnone wp-image-14643\" src=\"https:\/\/serveiseducatius.xtec.cat\/altcamp\/wp-content\/uploads\/usu1130\/2023\/10\/PNL-Pseudociencia-1.jpg\" alt=\"\" width=\"432\" height=\"432\" srcset=\"https:\/\/serveiseducatius.xtec.cat\/altcamp\/wp-content\/uploads\/usu1130\/2023\/10\/PNL-Pseudociencia-1.jpg 900w, https:\/\/serveiseducatius.xtec.cat\/altcamp\/wp-content\/uploads\/usu1130\/2023\/10\/PNL-Pseudociencia-1-300x300.jpg 300w, https:\/\/serveiseducatius.xtec.cat\/altcamp\/wp-content\/uploads\/usu1130\/2023\/10\/PNL-Pseudociencia-1-150x150.jpg 150w, https:\/\/serveiseducatius.xtec.cat\/altcamp\/wp-content\/uploads\/usu1130\/2023\/10\/PNL-Pseudociencia-1-768x768.jpg 768w\" sizes=\"auto, (max-width: 432px) 100vw, 432px\" \/><\/a><\/p>\n<p><span class=\"HwtZe\" lang=\"ca\"><span class=\"jCAhz JxVs2d ChMk0b\"><span class=\"ryNqvb\"><strong>\u00a0M\u00e9s recursos en aquest <a href=\"https:\/\/serveiseducatius.xtec.cat\/altcamp\/categoria\/pseudociencia\/\" target=\"_blank\" rel=\"noopener\">enlla\u00e7<\/a>:<\/strong><br \/>\n<\/span><\/span><\/span><\/p>\n<\/div>\n<\/div>\n<\/div>\n<div data-id=\"kvLWu\">\n<p><a href=\"https:\/\/serveiseducatius.xtec.cat\/altcamp\/categoria\/pseudociencia\/\" target=\"_blank\" rel=\"noopener\">https:\/\/serveiseducatius.xtec.cat\/altcamp\/categoria\/pseudociencia\/<\/a><\/p>\n<\/div>\n<\/div>\n","protected":false},"excerpt":{"rendered":"<p>L&#8217;Observatori contra les Pseudoci\u00e8ncies, Pseudoter\u00e0pies, Intrusisme i Sectes Sanit\u00e0ries (Oppiss) i la Fundaci\u00f3 per a la Formaci\u00f3 de l&#8217;Organitzaci\u00f3 M\u00e8dica Col\u00b7legial (Ffomc) organitzen aquest dijous el seminari per videoconfer\u00e8ncia &#8216;Pseudoter\u00e0pies en salut mental: una perspectiva professional&#8217;. Aquest seminari examina el fenomen de les pseudoter\u00e0pies a l&#8217;\u00e0mbit de la salut mental des d&#8217;una perspectiva professional. S&#8217;analitzaran [&hellip;]<\/p>\n","protected":false},"author":4,"featured_media":15949,"comment_status":"closed","ping_status":"closed","sticky":false,"template":"","format":"standard","meta":{"_bbp_topic_count":0,"_bbp_reply_count":0,"_bbp_total_topic_count":0,"_bbp_total_reply_count":0,"_bbp_voice_count":0,"_bbp_anonymous_reply_count":0,"_bbp_topic_count_hidden":0,"_bbp_reply_count_hidden":0,"_bbp_forum_subforum_count":0,"site-sidebar-layout":"default","site-content-layout":"","ast-site-content-layout":"","site-content-style":"default","site-sidebar-style":"default","ast-global-header-display":"","ast-banner-title-visibility":"","ast-main-header-display":"","ast-hfb-above-header-display":"","ast-hfb-below-header-display":"","ast-hfb-mobile-header-display":"","site-post-title":"","ast-breadcrumbs-content":"","ast-featured-img":"","footer-sml-layout":"","theme-transparent-header-meta":"","adv-header-id-meta":"","stick-header-meta":"","header-above-stick-meta":"","header-main-stick-meta":"","header-below-stick-meta":"","astra-migrate-meta-layouts":"default","ast-page-background-enabled":"default","ast-page-background-meta":{"desktop":{"background-color":"var(--ast-global-color-4)","background-image":"","background-repeat":"repeat","background-position":"center center","background-size":"auto","background-attachment":"scroll","background-type":"","background-media":"","overlay-type":"","overlay-color":"","overlay-opacity":"","overlay-gradient":""},"tablet":{"background-color":"","background-image":"","background-repeat":"repeat","background-position":"center center","background-size":"auto","background-attachment":"scroll","background-type":"","background-media":"","overlay-type":"","overlay-color":"","overlay-opacity":"","overlay-gradient":""},"mobile":{"background-color":"","background-image":"","background-repeat":"repeat","background-position":"center center","background-size":"auto","background-attachment":"scroll","background-type":"","background-media":"","overlay-type":"","overlay-color":"","overlay-opacity":"","overlay-gradient":""}},"ast-content-background-meta":{"desktop":{"background-color":"var(--ast-global-color-5)","background-image":"","background-repeat":"repeat","background-position":"center center","background-size":"auto","background-attachment":"scroll","background-type":"","background-media":"","overlay-type":"","overlay-color":"","overlay-opacity":"","overlay-gradient":""},"tablet":{"background-color":"var(--ast-global-color-5)","background-image":"","background-repeat":"repeat","background-position":"center center","background-size":"auto","background-attachment":"scroll","background-type":"","background-media":"","overlay-type":"","overlay-color":"","overlay-opacity":"","overlay-gradient":""},"mobile":{"background-color":"var(--ast-global-color-5)","background-image":"","background-repeat":"repeat","background-position":"center center","background-size":"auto","background-attachment":"scroll","background-type":"","background-media":"","overlay-type":"","overlay-color":"","overlay-opacity":"","overlay-gradient":""}},"footnotes":""},"categories":[282,287],"tags":[691,1428,1432,1443,743,1351,389,516,746],"class_list":["post-15948","post","type-post","status-publish","format-standard","has-post-thumbnail","hentry","category-actualitat","category-recomanem","tag-eap","tag-engany","tag-intrusisme-professional","tag-orientacio-educativa","tag-pseudociencia","tag-pseudoterapies","tag-psicologia","tag-salut-mental","tag-sectes"],"post_mailing_queue_ids":[],"_links":{"self":[{"href":"https:\/\/serveiseducatius.xtec.cat\/altcamp\/wp-json\/wp\/v2\/posts\/15948","targetHints":{"allow":["GET"]}}],"collection":[{"href":"https:\/\/serveiseducatius.xtec.cat\/altcamp\/wp-json\/wp\/v2\/posts"}],"about":[{"href":"https:\/\/serveiseducatius.xtec.cat\/altcamp\/wp-json\/wp\/v2\/types\/post"}],"author":[{"embeddable":true,"href":"https:\/\/serveiseducatius.xtec.cat\/altcamp\/wp-json\/wp\/v2\/users\/4"}],"replies":[{"embeddable":true,"href":"https:\/\/serveiseducatius.xtec.cat\/altcamp\/wp-json\/wp\/v2\/comments?post=15948"}],"version-history":[{"count":6,"href":"https:\/\/serveiseducatius.xtec.cat\/altcamp\/wp-json\/wp\/v2\/posts\/15948\/revisions"}],"predecessor-version":[{"id":15958,"href":"https:\/\/serveiseducatius.xtec.cat\/altcamp\/wp-json\/wp\/v2\/posts\/15948\/revisions\/15958"}],"wp:featuredmedia":[{"embeddable":true,"href":"https:\/\/serveiseducatius.xtec.cat\/altcamp\/wp-json\/wp\/v2\/media\/15949"}],"wp:attachment":[{"href":"https:\/\/serveiseducatius.xtec.cat\/altcamp\/wp-json\/wp\/v2\/media?parent=15948"}],"wp:term":[{"taxonomy":"category","embeddable":true,"href":"https:\/\/serveiseducatius.xtec.cat\/altcamp\/wp-json\/wp\/v2\/categories?post=15948"},{"taxonomy":"post_tag","embeddable":true,"href":"https:\/\/serveiseducatius.xtec.cat\/altcamp\/wp-json\/wp\/v2\/tags?post=15948"}],"curies":[{"name":"wp","href":"https:\/\/api.w.org\/{rel}","templated":true}]}}