{"id":15881,"date":"2024-05-13T10:20:32","date_gmt":"2024-05-13T08:20:32","guid":{"rendered":"https:\/\/serveiseducatius.xtec.cat\/altcamp\/?p=15881"},"modified":"2024-05-13T10:20:32","modified_gmt":"2024-05-13T08:20:32","slug":"fira-didees-per-la-sostenibilitat","status":"publish","type":"post","link":"https:\/\/serveiseducatius.xtec.cat\/altcamp\/dinamitzacio\/escoles-verdes\/fira-didees-per-la-sostenibilitat\/","title":{"rendered":"Fira d\u2019Idees per la Sostenibilitat"},"content":{"rendered":"<p><a href=\"https:\/\/educlimad.com\/\" target=\"_blank\" rel=\"noopener\"><img loading=\"lazy\" decoding=\"async\" class=\"alignnone wp-image-15882 size-full\" src=\"https:\/\/serveiseducatius.xtec.cat\/altcamp\/wp-content\/uploads\/usu1130\/2024\/05\/Fira-didees-sostenibilitat.jpg\" alt=\"\" width=\"900\" height=\"706\" srcset=\"https:\/\/serveiseducatius.xtec.cat\/altcamp\/wp-content\/uploads\/usu1130\/2024\/05\/Fira-didees-sostenibilitat.jpg 900w, https:\/\/serveiseducatius.xtec.cat\/altcamp\/wp-content\/uploads\/usu1130\/2024\/05\/Fira-didees-sostenibilitat-300x235.jpg 300w, https:\/\/serveiseducatius.xtec.cat\/altcamp\/wp-content\/uploads\/usu1130\/2024\/05\/Fira-didees-sostenibilitat-768x602.jpg 768w\" sizes=\"auto, (max-width: 900px) 100vw, 900px\" \/><\/a><\/p>\n<p>&nbsp;<\/p>\n<p><a href=\"https:\/\/educlimad.com\/\" target=\"_blank\" rel=\"noopener\"><strong>EDUCLIMAD<\/strong><\/a> busca oferir a les comunitats educatives una major implicaci\u00f3 i participaci\u00f3 activa en la cerca de solucions per a la mitigaci\u00f3 i adaptaci\u00f3 al canvi clim\u00e0tic, mitjan\u00e7ant la creaci\u00f3 i pilotatge d\u2019assemblees clim\u00e0tiques escolars. Aquest curs escolar els <b>11\u00a0centres educatius de la ciutat de Valls han participat al projecte i les assemblees, <\/b>on l&#8217;alumnat ha estat debatent, prioritzant i concretant conjuntament accions per a fer front al canvi clim\u00e0tic i promoure la sostenibilitat a nivell local i regional.<\/p>\n<p>Com a fase final de les assemblees i resultat del proc\u00e9s hem organitzat <b>una\u00a0Fira d\u2019Idees per la Sostenibilitat<\/b>, que tindr\u00e0 lloc el pr\u00f2xim dijous<b>\u00a016 de maig de 9.45h a 12.00h\u00a0al Parc de Mas Miquel de Valls. <\/b>L&#8217;objectiu d&#8217;aquesta fira \u00e9s que l\u2019alumnat pugui compartir les accions en les que han estat treballant durant els \u00faltims mesos amb la resta de ciutadania, la comunitat local, representants pol\u00edtics i altres agents del territori.<\/p>\n<p>M\u00e9s informaci\u00f3 sobre el projecte en aquest <a href=\"https:\/\/educlimad.com\/\" target=\"_blank\" rel=\"noopener\"><strong>enlla\u00e7<\/strong><\/a>.<\/p>\n","protected":false},"excerpt":{"rendered":"<p>&nbsp; EDUCLIMAD busca oferir a les comunitats educatives una major implicaci\u00f3 i participaci\u00f3 activa en la cerca de solucions per a la mitigaci\u00f3 i adaptaci\u00f3 al canvi clim\u00e0tic, mitjan\u00e7ant la creaci\u00f3 i pilotatge d\u2019assemblees clim\u00e0tiques escolars. Aquest curs escolar els 11\u00a0centres educatius de la ciutat de Valls han participat al projecte i les assemblees, on [&hellip;]<\/p>\n","protected":false},"author":4,"featured_media":15882,"comment_status":"closed","ping_status":"closed","sticky":false,"template":"","format":"standard","meta":{"_bbp_topic_count":0,"_bbp_reply_count":0,"_bbp_total_topic_count":0,"_bbp_total_reply_count":0,"_bbp_voice_count":0,"_bbp_anonymous_reply_count":0,"_bbp_topic_count_hidden":0,"_bbp_reply_count_hidden":0,"_bbp_forum_subforum_count":0,"site-sidebar-layout":"default","site-content-layout":"","ast-site-content-layout":"","site-content-style":"default","site-sidebar-style":"default","ast-global-header-display":"","ast-banner-title-visibility":"","ast-main-header-display":"","ast-hfb-above-header-display":"","ast-hfb-below-header-display":"","ast-hfb-mobile-header-display":"","site-post-title":"","ast-breadcrumbs-content":"","ast-featured-img":"","footer-sml-layout":"","theme-transparent-header-meta":"","adv-header-id-meta":"","stick-header-meta":"","header-above-stick-meta":"","header-main-stick-meta":"","header-below-stick-meta":"","astra-migrate-meta-layouts":"default","ast-page-background-enabled":"default","ast-page-background-meta":{"desktop":{"background-color":"var(--ast-global-color-4)","background-image":"","background-repeat":"repeat","background-position":"center center","background-size":"auto","background-attachment":"scroll","background-type":"","background-media":"","overlay-type":"","overlay-color":"","overlay-opacity":"","overlay-gradient":""},"tablet":{"background-color":"","background-image":"","background-repeat":"repeat","background-position":"center center","background-size":"auto","background-attachment":"scroll","background-type":"","background-media":"","overlay-type":"","overlay-color":"","overlay-opacity":"","overlay-gradient":""},"mobile":{"background-color":"","background-image":"","background-repeat":"repeat","background-position":"center center","background-size":"auto","background-attachment":"scroll","background-type":"","background-media":"","overlay-type":"","overlay-color":"","overlay-opacity":"","overlay-gradient":""}},"ast-content-background-meta":{"desktop":{"background-color":"var(--ast-global-color-5)","background-image":"","background-repeat":"repeat","background-position":"center center","background-size":"auto","background-attachment":"scroll","background-type":"","background-media":"","overlay-type":"","overlay-color":"","overlay-opacity":"","overlay-gradient":""},"tablet":{"background-color":"var(--ast-global-color-5)","background-image":"","background-repeat":"repeat","background-position":"center center","background-size":"auto","background-attachment":"scroll","background-type":"","background-media":"","overlay-type":"","overlay-color":"","overlay-opacity":"","overlay-gradient":""},"mobile":{"background-color":"var(--ast-global-color-5)","background-image":"","background-repeat":"repeat","background-position":"center center","background-size":"auto","background-attachment":"scroll","background-type":"","background-media":"","overlay-type":"","overlay-color":"","overlay-opacity":"","overlay-gradient":""}},"footnotes":""},"categories":[282,262],"tags":[551,988,403,462,933,754,341],"class_list":["post-15881","post","type-post","status-publish","format-standard","has-post-thumbnail","hentry","category-actualitat","category-escoles-verdes","tag-alumnat","tag-clima","tag-escoles-verdes","tag-families","tag-participacio","tag-societat","tag-sostenibilitat"],"post_mailing_queue_ids":[],"_links":{"self":[{"href":"https:\/\/serveiseducatius.xtec.cat\/altcamp\/wp-json\/wp\/v2\/posts\/15881","targetHints":{"allow":["GET"]}}],"collection":[{"href":"https:\/\/serveiseducatius.xtec.cat\/altcamp\/wp-json\/wp\/v2\/posts"}],"about":[{"href":"https:\/\/serveiseducatius.xtec.cat\/altcamp\/wp-json\/wp\/v2\/types\/post"}],"author":[{"embeddable":true,"href":"https:\/\/serveiseducatius.xtec.cat\/altcamp\/wp-json\/wp\/v2\/users\/4"}],"replies":[{"embeddable":true,"href":"https:\/\/serveiseducatius.xtec.cat\/altcamp\/wp-json\/wp\/v2\/comments?post=15881"}],"version-history":[{"count":1,"href":"https:\/\/serveiseducatius.xtec.cat\/altcamp\/wp-json\/wp\/v2\/posts\/15881\/revisions"}],"predecessor-version":[{"id":15883,"href":"https:\/\/serveiseducatius.xtec.cat\/altcamp\/wp-json\/wp\/v2\/posts\/15881\/revisions\/15883"}],"wp:featuredmedia":[{"embeddable":true,"href":"https:\/\/serveiseducatius.xtec.cat\/altcamp\/wp-json\/wp\/v2\/media\/15882"}],"wp:attachment":[{"href":"https:\/\/serveiseducatius.xtec.cat\/altcamp\/wp-json\/wp\/v2\/media?parent=15881"}],"wp:term":[{"taxonomy":"category","embeddable":true,"href":"https:\/\/serveiseducatius.xtec.cat\/altcamp\/wp-json\/wp\/v2\/categories?post=15881"},{"taxonomy":"post_tag","embeddable":true,"href":"https:\/\/serveiseducatius.xtec.cat\/altcamp\/wp-json\/wp\/v2\/tags?post=15881"}],"curies":[{"name":"wp","href":"https:\/\/api.w.org\/{rel}","templated":true}]}}