{"id":15857,"date":"2024-05-10T09:57:59","date_gmt":"2024-05-10T07:57:59","guid":{"rendered":"https:\/\/serveiseducatius.xtec.cat\/altcamp\/?p=15857"},"modified":"2024-05-10T09:57:59","modified_gmt":"2024-05-10T07:57:59","slug":"avaluacio-de-les-mesures-i-suports-intensius-dirigits-als-alumnes-amb-nee","status":"publish","type":"post","link":"https:\/\/serveiseducatius.xtec.cat\/altcamp\/recursos\/recomanem\/avaluacio-de-les-mesures-i-suports-intensius-dirigits-als-alumnes-amb-nee\/","title":{"rendered":"Avaluaci\u00f3 de les mesures i suports intensius dirigits als alumnes amb NEE"},"content":{"rendered":"<p><a href=\"https:\/\/educacio.gencat.cat\/web\/.content\/home\/departament\/avaluacio-politiques-publiques\/avaluacions-finalitzades\/educacio-inclusiva\/avaluacio-policy-brief.pdf\" target=\"_blank\" rel=\"noopener\"><img loading=\"lazy\" decoding=\"async\" class=\"wp-image-15858 alignleft\" src=\"https:\/\/serveiseducatius.xtec.cat\/altcamp\/wp-content\/uploads\/usu1130\/2024\/05\/Avaluacio-mesures-inclusiva.jpg\" alt=\"\" width=\"480\" height=\"594\" srcset=\"https:\/\/serveiseducatius.xtec.cat\/altcamp\/wp-content\/uploads\/usu1130\/2024\/05\/Avaluacio-mesures-inclusiva.jpg 710w, https:\/\/serveiseducatius.xtec.cat\/altcamp\/wp-content\/uploads\/usu1130\/2024\/05\/Avaluacio-mesures-inclusiva-242x300.jpg 242w\" sizes=\"auto, (max-width: 480px) 100vw, 480px\" \/><\/a><a href=\"https:\/\/educacio.gencat.cat\/web\/.content\/home\/departament\/avaluacio-politiques-publiques\/avaluacions-finalitzades\/educacio-inclusiva\/avaluacio-policy-brief.pdf\" target=\"_blank\" rel=\"noopener\">Avaluaci\u00f3 de les mesures i suports intensius dirigits als alumnes amb necessitats educatives especials vinculades al Decret 150\/2017, de 170d\u2019octubre, de l\u2019atenci\u00f3 educativa a l\u2019alumnat en el marc d\u2019un sistema educatiu inclusiu<\/a> que analitza la implementaci\u00f3 dels serveis i recursos intensius que es deriven del Decret 150\/2017, per tal de garantir una escola inclusiva.<\/p>\n<p>La finalitat principal d\u2019aquesta avaluaci\u00f3 \u00e9s determinar <strong>com funcionen els serveis, recursos i activitats analitzats i la seva adequaci\u00f3 a les necessitats existents<\/strong>. Aix\u00ed doncs, les actuacions, recursos i serveis educatius objecte d\u2019avaluaci\u00f3 s\u00f3n: les mesures i suports intensius (MSI) que van dirigits a l\u2019alumnat amb necessitats educatives especials (NEE), les actuacions dels EAP dirigides als alumnes amb NEE pel paper clau que realitzen en l\u2019avaluaci\u00f3 psicopedag\u00f2gica de reconeixement de les NESE \u2013en concret, les NEE \u2013, i l\u2019assessorament que realitzen a tota la comunitat educativa \u2013i els CRETDIC\u2013 per donar suport als alumnes amb trastorns de desenvolupament i de la conducta, i assessorament a la comunitat educativa.<\/p>\n<p><a href=\"https:\/\/educacio.gencat.cat\/web\/.content\/home\/departament\/avaluacio-politiques-publiques\/avaluacions-finalitzades\/educacio-inclusiva\/avaluacio-policy-brief.pdf\" target=\"_blank\" rel=\"noopener\"><strong>Enlla\u00e7<\/strong><\/a> al document en PDF<\/p>\n<p><a href=\"https:\/\/educacio.gencat.cat\/web\/.content\/home\/departament\/avaluacio-politiques-publiques\/avaluacions-finalitzades\/educacio-inclusiva\/avaluacio-policy-brief.pdf\" target=\"_blank\" rel=\"noopener\"><img loading=\"lazy\" decoding=\"async\" class=\"alignnone wp-image-15859 size-full\" src=\"https:\/\/serveiseducatius.xtec.cat\/altcamp\/wp-content\/uploads\/usu1130\/2024\/05\/Abreviacions-avaluacio-inclusiva.jpg\" alt=\"\" width=\"710\" height=\"879\" srcset=\"https:\/\/serveiseducatius.xtec.cat\/altcamp\/wp-content\/uploads\/usu1130\/2024\/05\/Abreviacions-avaluacio-inclusiva.jpg 710w, https:\/\/serveiseducatius.xtec.cat\/altcamp\/wp-content\/uploads\/usu1130\/2024\/05\/Abreviacions-avaluacio-inclusiva-242x300.jpg 242w\" sizes=\"auto, (max-width: 710px) 100vw, 710px\" \/><\/a><\/p>\n","protected":false},"excerpt":{"rendered":"<p>Avaluaci\u00f3 de les mesures i suports intensius dirigits als alumnes amb necessitats educatives especials vinculades al Decret 150\/2017, de 170d\u2019octubre, de l\u2019atenci\u00f3 educativa a l\u2019alumnat en el marc d\u2019un sistema educatiu inclusiu que analitza la implementaci\u00f3 dels serveis i recursos intensius que es deriven del Decret 150\/2017, per tal de garantir una escola inclusiva. La [&hellip;]<\/p>\n","protected":false},"author":4,"featured_media":15858,"comment_status":"closed","ping_status":"closed","sticky":false,"template":"","format":"standard","meta":{"_bbp_topic_count":0,"_bbp_reply_count":0,"_bbp_total_topic_count":0,"_bbp_total_reply_count":0,"_bbp_voice_count":0,"_bbp_anonymous_reply_count":0,"_bbp_topic_count_hidden":0,"_bbp_reply_count_hidden":0,"_bbp_forum_subforum_count":0,"site-sidebar-layout":"default","site-content-layout":"","ast-site-content-layout":"","site-content-style":"default","site-sidebar-style":"default","ast-global-header-display":"","ast-banner-title-visibility":"","ast-main-header-display":"","ast-hfb-above-header-display":"","ast-hfb-below-header-display":"","ast-hfb-mobile-header-display":"","site-post-title":"","ast-breadcrumbs-content":"","ast-featured-img":"","footer-sml-layout":"","theme-transparent-header-meta":"","adv-header-id-meta":"","stick-header-meta":"","header-above-stick-meta":"","header-main-stick-meta":"","header-below-stick-meta":"","astra-migrate-meta-layouts":"default","ast-page-background-enabled":"default","ast-page-background-meta":{"desktop":{"background-color":"var(--ast-global-color-4)","background-image":"","background-repeat":"repeat","background-position":"center center","background-size":"auto","background-attachment":"scroll","background-type":"","background-media":"","overlay-type":"","overlay-color":"","overlay-opacity":"","overlay-gradient":""},"tablet":{"background-color":"","background-image":"","background-repeat":"repeat","background-position":"center center","background-size":"auto","background-attachment":"scroll","background-type":"","background-media":"","overlay-type":"","overlay-color":"","overlay-opacity":"","overlay-gradient":""},"mobile":{"background-color":"","background-image":"","background-repeat":"repeat","background-position":"center center","background-size":"auto","background-attachment":"scroll","background-type":"","background-media":"","overlay-type":"","overlay-color":"","overlay-opacity":"","overlay-gradient":""}},"ast-content-background-meta":{"desktop":{"background-color":"var(--ast-global-color-5)","background-image":"","background-repeat":"repeat","background-position":"center center","background-size":"auto","background-attachment":"scroll","background-type":"","background-media":"","overlay-type":"","overlay-color":"","overlay-opacity":"","overlay-gradient":""},"tablet":{"background-color":"var(--ast-global-color-5)","background-image":"","background-repeat":"repeat","background-position":"center center","background-size":"auto","background-attachment":"scroll","background-type":"","background-media":"","overlay-type":"","overlay-color":"","overlay-opacity":"","overlay-gradient":""},"mobile":{"background-color":"var(--ast-global-color-5)","background-image":"","background-repeat":"repeat","background-position":"center center","background-size":"auto","background-attachment":"scroll","background-type":"","background-media":"","overlay-type":"","overlay-color":"","overlay-opacity":"","overlay-gradient":""}},"footnotes":""},"categories":[1532,287],"tags":[194,714,1607,1174,691,1415],"class_list":["post-15857","post","type-post","status-publish","format-standard","has-post-thumbnail","hentry","category-normativa","category-recomanem","tag-avaluacio","tag-creda","tag-cretdic","tag-decrets","tag-eap","tag-educacio-inclusiva"],"post_mailing_queue_ids":[],"_links":{"self":[{"href":"https:\/\/serveiseducatius.xtec.cat\/altcamp\/wp-json\/wp\/v2\/posts\/15857","targetHints":{"allow":["GET"]}}],"collection":[{"href":"https:\/\/serveiseducatius.xtec.cat\/altcamp\/wp-json\/wp\/v2\/posts"}],"about":[{"href":"https:\/\/serveiseducatius.xtec.cat\/altcamp\/wp-json\/wp\/v2\/types\/post"}],"author":[{"embeddable":true,"href":"https:\/\/serveiseducatius.xtec.cat\/altcamp\/wp-json\/wp\/v2\/users\/4"}],"replies":[{"embeddable":true,"href":"https:\/\/serveiseducatius.xtec.cat\/altcamp\/wp-json\/wp\/v2\/comments?post=15857"}],"version-history":[{"count":1,"href":"https:\/\/serveiseducatius.xtec.cat\/altcamp\/wp-json\/wp\/v2\/posts\/15857\/revisions"}],"predecessor-version":[{"id":15860,"href":"https:\/\/serveiseducatius.xtec.cat\/altcamp\/wp-json\/wp\/v2\/posts\/15857\/revisions\/15860"}],"wp:featuredmedia":[{"embeddable":true,"href":"https:\/\/serveiseducatius.xtec.cat\/altcamp\/wp-json\/wp\/v2\/media\/15858"}],"wp:attachment":[{"href":"https:\/\/serveiseducatius.xtec.cat\/altcamp\/wp-json\/wp\/v2\/media?parent=15857"}],"wp:term":[{"taxonomy":"category","embeddable":true,"href":"https:\/\/serveiseducatius.xtec.cat\/altcamp\/wp-json\/wp\/v2\/categories?post=15857"},{"taxonomy":"post_tag","embeddable":true,"href":"https:\/\/serveiseducatius.xtec.cat\/altcamp\/wp-json\/wp\/v2\/tags?post=15857"}],"curies":[{"name":"wp","href":"https:\/\/api.w.org\/{rel}","templated":true}]}}