{"id":15628,"date":"2024-04-05T12:08:42","date_gmt":"2024-04-05T10:08:42","guid":{"rendered":"https:\/\/serveiseducatius.xtec.cat\/altcamp\/?p=15628"},"modified":"2025-04-03T08:27:23","modified_gmt":"2025-04-03T06:27:23","slug":"passos-a-fer-en-cas-de-sospita-dalgun-problema-de-salut-mental-a-la-infancia-i-ladolescencia","status":"publish","type":"post","link":"https:\/\/serveiseducatius.xtec.cat\/altcamp\/actualitat\/passos-a-fer-en-cas-de-sospita-dalgun-problema-de-salut-mental-a-la-infancia-i-ladolescencia\/","title":{"rendered":"Passos a fer en cas de sospita d&#8217;algun problema de salut mental a la inf\u00e0ncia i l&#8217;adolesc\u00e8ncia."},"content":{"rendered":"<p class=\"_ap3a _aaco _aacu _aacx _aad7 _aade\" dir=\"auto\">Moltes fam\u00edlies no tenen clar quin \u00e9s el circuit a seguir quan hi ha una sospita que el seu fill o filla t\u00e9 un problema de salut mental.<\/p>\n<p>El primer a fer \u00e9s sol\u00b7licitar visita amb el seu pediatra en el vostre centre d&#8217;atenci\u00f3 prim\u00e0ria perqu\u00e8 pugui valorar el cas i, si hi ha sospita, derivar-vos als serveis especialitzats. Quan s&#8217;analitzi la situaci\u00f3, s&#8217;oferir\u00e0 el tractament m\u00e9s adequat.<\/p>\n<p>En cas d&#8217;urg\u00e8ncia dirigiu-vos als serveis d&#8217;urg\u00e8ncia m\u00e9s pr\u00f2xims.<\/p>\n<p>I no oblideu buscar les associacions de salut mental i fam\u00edlies m\u00e9s pr\u00f2ximes a la vostra zona de resid\u00e8ncia, us poden proporcionar informaci\u00f3 i suport.<\/p>\n<p dir=\"auto\"><a href=\"https:\/\/www.som360.org\/ca\/recursos\/si-sospites-teu-fill-te-problema-salut-mental\" target=\"_blank\" rel=\"noopener\"><strong>\u2192Infografia<\/strong> <\/a>realitzada per <a href=\"https:\/\/www.som360.org\/ca\/recursos\/si-sospites-teu-fill-te-problema-salut-mental\" target=\"_blank\" rel=\"noopener\"><strong><span class=\"x1lliihq x1plvlek xryxfnj x1n2onr6 x193iq5w xeuugli x1fj9vlw x13faqbe x1vvkbs x1s928wv xhkezso x1gmr53x x1cpjm7i x1fgarty x1943h6x x1i0vuye xvs91rp x1s688f x5n08af x10wh9bi x1wdrske x8viiok x18hxmgj\" dir=\"auto\">SOM Salud Mental 360 SJD<\/span><\/strong><\/a><\/p>\n<p dir=\"auto\"><a href=\"https:\/\/www.som360.org\/ca\/recursos\/si-sospites-teu-fill-te-problema-salut-mental\" target=\"_blank\" rel=\"noopener\"><img loading=\"lazy\" decoding=\"async\" class=\"aligncenter wp-image-15630 size-large\" src=\"https:\/\/serveiseducatius.xtec.cat\/altcamp\/wp-content\/uploads\/usu1130\/2024\/04\/Infografia_Circuit_Infantil_SM_CAT-724x1024.jpg\" alt=\"\" width=\"724\" height=\"1024\" srcset=\"https:\/\/serveiseducatius.xtec.cat\/altcamp\/wp-content\/uploads\/usu1130\/2024\/04\/Infografia_Circuit_Infantil_SM_CAT-724x1024.jpg 724w, https:\/\/serveiseducatius.xtec.cat\/altcamp\/wp-content\/uploads\/usu1130\/2024\/04\/Infografia_Circuit_Infantil_SM_CAT-212x300.jpg 212w, https:\/\/serveiseducatius.xtec.cat\/altcamp\/wp-content\/uploads\/usu1130\/2024\/04\/Infografia_Circuit_Infantil_SM_CAT-768x1086.jpg 768w, https:\/\/serveiseducatius.xtec.cat\/altcamp\/wp-content\/uploads\/usu1130\/2024\/04\/Infografia_Circuit_Infantil_SM_CAT.jpg 900w\" sizes=\"auto, (max-width: 724px) 100vw, 724px\" \/><\/a><\/p>\n<p dir=\"auto\"><strong>RELACIONAT:<\/strong><\/p>\n<blockquote class=\"wp-embedded-content\" data-secret=\"1BxDPd25cx\"><p><a href=\"https:\/\/serveiseducatius.xtec.cat\/altcamp\/actualitat\/la-terapia-assalta-lescola\/\">La ter\u00e0pia assalta l&#8217;escola<\/a><\/p><\/blockquote>\n<p><iframe loading=\"lazy\" class=\"wp-embedded-content\" sandbox=\"allow-scripts\" security=\"restricted\" style=\"position: absolute; clip: rect(1px, 1px, 1px, 1px);\" title=\"&#8220;La ter\u00e0pia assalta l&#8217;escola&#8221; &#8212; Servei Educatiu de l&#039;Alt Camp\" src=\"https:\/\/serveiseducatius.xtec.cat\/altcamp\/actualitat\/la-terapia-assalta-lescola\/embed\/#?secret=iBObLQVSog#?secret=1BxDPd25cx\" data-secret=\"1BxDPd25cx\" width=\"500\" height=\"282\" frameborder=\"0\" marginwidth=\"0\" marginheight=\"0\" scrolling=\"no\"><\/iframe><\/p>\n","protected":false},"excerpt":{"rendered":"<p>Moltes fam\u00edlies no tenen clar quin \u00e9s el circuit a seguir quan hi ha una sospita que el seu fill o filla t\u00e9 un problema de salut mental. El primer a fer \u00e9s sol\u00b7licitar visita amb el seu pediatra en el vostre centre d&#8217;atenci\u00f3 prim\u00e0ria perqu\u00e8 pugui valorar el cas i, si hi ha sospita, [&hellip;]<\/p>\n","protected":false},"author":4,"featured_media":15630,"comment_status":"closed","ping_status":"closed","sticky":false,"template":"","format":"standard","meta":{"_bbp_topic_count":0,"_bbp_reply_count":0,"_bbp_total_topic_count":0,"_bbp_total_reply_count":0,"_bbp_voice_count":0,"_bbp_anonymous_reply_count":0,"_bbp_topic_count_hidden":0,"_bbp_reply_count_hidden":0,"_bbp_forum_subforum_count":0,"site-sidebar-layout":"default","site-content-layout":"","ast-site-content-layout":"","site-content-style":"default","site-sidebar-style":"default","ast-global-header-display":"","ast-banner-title-visibility":"","ast-main-header-display":"","ast-hfb-above-header-display":"","ast-hfb-below-header-display":"","ast-hfb-mobile-header-display":"","site-post-title":"","ast-breadcrumbs-content":"","ast-featured-img":"","footer-sml-layout":"","theme-transparent-header-meta":"","adv-header-id-meta":"","stick-header-meta":"","header-above-stick-meta":"","header-main-stick-meta":"","header-below-stick-meta":"","astra-migrate-meta-layouts":"default","ast-page-background-enabled":"default","ast-page-background-meta":{"desktop":{"background-color":"var(--ast-global-color-4)","background-image":"","background-repeat":"repeat","background-position":"center center","background-size":"auto","background-attachment":"scroll","background-type":"","background-media":"","overlay-type":"","overlay-color":"","overlay-opacity":"","overlay-gradient":""},"tablet":{"background-color":"","background-image":"","background-repeat":"repeat","background-position":"center center","background-size":"auto","background-attachment":"scroll","background-type":"","background-media":"","overlay-type":"","overlay-color":"","overlay-opacity":"","overlay-gradient":""},"mobile":{"background-color":"","background-image":"","background-repeat":"repeat","background-position":"center center","background-size":"auto","background-attachment":"scroll","background-type":"","background-media":"","overlay-type":"","overlay-color":"","overlay-opacity":"","overlay-gradient":""}},"ast-content-background-meta":{"desktop":{"background-color":"var(--ast-global-color-5)","background-image":"","background-repeat":"repeat","background-position":"center center","background-size":"auto","background-attachment":"scroll","background-type":"","background-media":"","overlay-type":"","overlay-color":"","overlay-opacity":"","overlay-gradient":""},"tablet":{"background-color":"var(--ast-global-color-5)","background-image":"","background-repeat":"repeat","background-position":"center center","background-size":"auto","background-attachment":"scroll","background-type":"","background-media":"","overlay-type":"","overlay-color":"","overlay-opacity":"","overlay-gradient":""},"mobile":{"background-color":"var(--ast-global-color-5)","background-image":"","background-repeat":"repeat","background-position":"center center","background-size":"auto","background-attachment":"scroll","background-type":"","background-media":"","overlay-type":"","overlay-color":"","overlay-opacity":"","overlay-gradient":""}},"footnotes":""},"categories":[282,287],"tags":[393,691,462,410,45,516],"class_list":["post-15628","post","type-post","status-publish","format-standard","has-post-thumbnail","hentry","category-actualitat","category-recomanem","tag-adolescencia","tag-eap","tag-families","tag-infancia","tag-salut","tag-salut-mental"],"post_mailing_queue_ids":[],"_links":{"self":[{"href":"https:\/\/serveiseducatius.xtec.cat\/altcamp\/wp-json\/wp\/v2\/posts\/15628","targetHints":{"allow":["GET"]}}],"collection":[{"href":"https:\/\/serveiseducatius.xtec.cat\/altcamp\/wp-json\/wp\/v2\/posts"}],"about":[{"href":"https:\/\/serveiseducatius.xtec.cat\/altcamp\/wp-json\/wp\/v2\/types\/post"}],"author":[{"embeddable":true,"href":"https:\/\/serveiseducatius.xtec.cat\/altcamp\/wp-json\/wp\/v2\/users\/4"}],"replies":[{"embeddable":true,"href":"https:\/\/serveiseducatius.xtec.cat\/altcamp\/wp-json\/wp\/v2\/comments?post=15628"}],"version-history":[{"count":4,"href":"https:\/\/serveiseducatius.xtec.cat\/altcamp\/wp-json\/wp\/v2\/posts\/15628\/revisions"}],"predecessor-version":[{"id":17688,"href":"https:\/\/serveiseducatius.xtec.cat\/altcamp\/wp-json\/wp\/v2\/posts\/15628\/revisions\/17688"}],"wp:featuredmedia":[{"embeddable":true,"href":"https:\/\/serveiseducatius.xtec.cat\/altcamp\/wp-json\/wp\/v2\/media\/15630"}],"wp:attachment":[{"href":"https:\/\/serveiseducatius.xtec.cat\/altcamp\/wp-json\/wp\/v2\/media?parent=15628"}],"wp:term":[{"taxonomy":"category","embeddable":true,"href":"https:\/\/serveiseducatius.xtec.cat\/altcamp\/wp-json\/wp\/v2\/categories?post=15628"},{"taxonomy":"post_tag","embeddable":true,"href":"https:\/\/serveiseducatius.xtec.cat\/altcamp\/wp-json\/wp\/v2\/tags?post=15628"}],"curies":[{"name":"wp","href":"https:\/\/api.w.org\/{rel}","templated":true}]}}