{"id":15522,"date":"2024-03-18T12:15:41","date_gmt":"2024-03-18T11:15:41","guid":{"rendered":"https:\/\/serveiseducatius.xtec.cat\/altcamp\/?p=15522"},"modified":"2024-03-18T12:17:32","modified_gmt":"2024-03-18T11:17:32","slug":"premis-i-concursos","status":"publish","type":"post","link":"https:\/\/serveiseducatius.xtec.cat\/altcamp\/general\/premis-i-concursos\/","title":{"rendered":"Premis i concursos"},"content":{"rendered":"<p><img loading=\"lazy\" decoding=\"async\" class=\" wp-image-15523 alignleft\" src=\"https:\/\/serveiseducatius.xtec.cat\/altcamp\/wp-content\/uploads\/usu1130\/2024\/03\/Premi-Europa-Jove.png\" alt=\"\" width=\"382\" height=\"251\" \/><\/p>\n<div class=\"destacat_noticies_cont \">\n<p><strong><a title=\"Premi Europa Jove\" href=\"https:\/\/barcelona.spain.representation.ec.europa.eu\/viure-treballar-i-estudiar\/premis-i-concursos\/premi-europa-jove_ca\" target=\"_blank\" rel=\"noopener\"><span class=\"list-group-item-wrapper-content\">Premi Europa Jove<\/span><\/a><\/strong><\/p>\n<div class=\"bloc-mobil\">\n<div class=\"notc_img\"><\/div>\n<div class=\"descripcio\">\n<p>El guard\u00f3 reconeix treballs de recerca de batxillerat que estudi\u00efn i analitzin temes relacionats amb la UE<\/p>\n<p><strong>Fins al 8 d&#8217;abril de 2024<\/strong><\/p>\n<p>M\u00e9s informaci\u00f3 i inscripcions en aquest <a href=\"https:\/\/barcelona.spain.representation.ec.europa.eu\/viure-treballar-i-estudiar\/premis-i-concursos\/premi-europa-jove_ca\" target=\"_blank\" rel=\"noopener\"><strong>enlla\u00e7.<\/strong><\/a><\/p>\n<hr \/>\n<\/div>\n<\/div>\n<\/div>\n<p><a href=\"https:\/\/www.catalunyaeuropa.net\/ca\/activitats\/327\/convocada-la-4a-edici%C3%B3-del-premi-qu%C3%A8-%C3%A9s-per-a-tu-europa-2024.html\" target=\"_blank\" rel=\"noopener\"><img loading=\"lazy\" decoding=\"async\" class=\"alignleft wp-image-10883\" src=\"https:\/\/serveiseducatius.xtec.cat\/altcamp\/wp-content\/uploads\/usu1130\/2021\/03\/europa.png\" alt=\"\" width=\"382\" height=\"352\" srcset=\"https:\/\/serveiseducatius.xtec.cat\/altcamp\/wp-content\/uploads\/usu1130\/2021\/03\/europa.png 882w, https:\/\/serveiseducatius.xtec.cat\/altcamp\/wp-content\/uploads\/usu1130\/2021\/03\/europa-300x277.png 300w, https:\/\/serveiseducatius.xtec.cat\/altcamp\/wp-content\/uploads\/usu1130\/2021\/03\/europa-768x709.png 768w\" sizes=\"auto, (max-width: 382px) 100vw, 382px\" \/><\/a><\/p>\n<p><a href=\"https:\/\/www.catalunyaeuropa.net\/ca\/activitats\/327\/convocada-la-4a-edici%C3%B3-del-premi-qu%C3%A8-%C3%A9s-per-a-tu-europa-2024.html\" target=\"_blank\" rel=\"noopener\"><span class=\"css-1qaijid r-bcqeeo r-qvutc0 r-poiln3\"><strong>4\u00aa edici\u00f3 del premi &#8216;Qu\u00e8 \u00e9s per a tu Europa&#8217;<\/strong> <\/span><\/a><\/p>\n<p><span class=\"css-1qaijid r-bcqeeo r-qvutc0 r-poiln3\">\u00a0Adre\u00e7at a l&#8217;alumnat de segon cicle de secund\u00e0ria, batxillerat i cicles formatius de grau mitj\u00e0 i grau superio.<\/span><\/p>\n<p>El termini per al lliurament dels treballs \u00e9s el\u00a0<strong>di<\/strong><strong>lluns 8 d\u2019abril de 2024<\/strong><\/p>\n<p>&nbsp;<\/p>\n<div class=\"destacat_noticies_cont \">\n<div class=\"bloc-mobil\">\n<div class=\"descripcio\">\n<hr \/>\n<\/div>\n<\/div>\n<\/div>\n<p><a href=\"https:\/\/www.somvia.org\/actualitat-i-innovacio\/actes\/concurs-de-cinema-ments-despertes\/\" target=\"_blank\" rel=\"noopener\"><img loading=\"lazy\" decoding=\"async\" class=\"wp-image-15524 alignleft\" src=\"https:\/\/serveiseducatius.xtec.cat\/altcamp\/wp-content\/uploads\/usu1130\/2024\/03\/Concurs-ments-despertes-1024x1024.png\" alt=\"\" width=\"382\" height=\"382\" srcset=\"https:\/\/serveiseducatius.xtec.cat\/altcamp\/wp-content\/uploads\/usu1130\/2024\/03\/Concurs-ments-despertes-1024x1024.png 1024w, https:\/\/serveiseducatius.xtec.cat\/altcamp\/wp-content\/uploads\/usu1130\/2024\/03\/Concurs-ments-despertes-300x300.png 300w, https:\/\/serveiseducatius.xtec.cat\/altcamp\/wp-content\/uploads\/usu1130\/2024\/03\/Concurs-ments-despertes-150x150.png 150w, https:\/\/serveiseducatius.xtec.cat\/altcamp\/wp-content\/uploads\/usu1130\/2024\/03\/Concurs-ments-despertes-768x768.png 768w, https:\/\/serveiseducatius.xtec.cat\/altcamp\/wp-content\/uploads\/usu1130\/2024\/03\/Concurs-ments-despertes.png 1080w\" sizes=\"auto, (max-width: 382px) 100vw, 382px\" \/><\/a><br \/>\n<a href=\"https:\/\/www.somvia.org\/actualitat-i-innovacio\/actes\/concurs-de-cinema-ments-despertes\/\" target=\"_blank\" rel=\"noopener\"><strong><b>6\u00aa edici\u00f3<\/b> del Concurs de Cinema Ments Despertes<\/strong><\/a><\/p>\n<p>Fer cinema per pensar i fer pensar amb el cinema. Aquest \u00e9s el prop\u00f2sit del Concurs de Cinema Ments Despertes, una eina de dimensi\u00f3 pedag\u00f2gica i formativa oberta a l\u2019alumnat jove, centres educatius i escoles de tot Catalunya, creada amb la voluntat de fomentar bons h\u00e0bits o trencar amb els estereotips entre joves, com els que giren al voltant de la salut mental.<\/p>\n<p>Adre\u00e7at a l&#8217;alumnat d&#8217;ESO, Cicles Formatius i Batxillerat<\/p>\n<p><strong>Fins el 5 d&#8217;abril<\/strong><\/p>\n<p>M\u00e9s informaci\u00f3 i inscripcions en aquest <a href=\"https:\/\/www.somvia.org\/actualitat-i-innovacio\/actes\/concurs-de-cinema-ments-despertes\/\" target=\"_blank\" rel=\"noopener\"><strong>enlla\u00e7<\/strong><\/a><\/p>\n<div class=\"destacat_noticies_cont \">\n<hr \/>\n<p><a href=\"https:\/\/sites.google.com\/view\/plataformakabua\/inicio?authuser=0\" target=\"_blank\" rel=\"noopener\"><img loading=\"lazy\" decoding=\"async\" class=\"alignleft wp-image-15526\" src=\"https:\/\/serveiseducatius.xtec.cat\/altcamp\/wp-content\/uploads\/usu1130\/2024\/03\/10e-concurs-de-videos-Kabua-2024-683x1024.jpg\" alt=\"\" width=\"385\" height=\"577\" srcset=\"https:\/\/serveiseducatius.xtec.cat\/altcamp\/wp-content\/uploads\/usu1130\/2024\/03\/10e-concurs-de-videos-Kabua-2024-683x1024.jpg 683w, https:\/\/serveiseducatius.xtec.cat\/altcamp\/wp-content\/uploads\/usu1130\/2024\/03\/10e-concurs-de-videos-Kabua-2024-200x300.jpg 200w, https:\/\/serveiseducatius.xtec.cat\/altcamp\/wp-content\/uploads\/usu1130\/2024\/03\/10e-concurs-de-videos-Kabua-2024-768x1152.jpg 768w, https:\/\/serveiseducatius.xtec.cat\/altcamp\/wp-content\/uploads\/usu1130\/2024\/03\/10e-concurs-de-videos-Kabua-2024-1024x1536.jpg 1024w, https:\/\/serveiseducatius.xtec.cat\/altcamp\/wp-content\/uploads\/usu1130\/2024\/03\/10e-concurs-de-videos-Kabua-2024.jpg 1280w\" sizes=\"auto, (max-width: 385px) 100vw, 385px\" \/><\/a><\/p>\n<p>&nbsp;<\/p>\n<\/div>\n<div class=\"destacat_noticies_cont \">\n<p><strong><a title=\"10\u00e8 concurs de v\u00eddeos Kabua 2024\" href=\"https:\/\/sites.google.com\/view\/plataformakabua\/inicio?authuser=0\" target=\"_blank\" rel=\"noopener\"><span class=\"list-group-item-wrapper-content\">10\u00e8 concurs de v\u00eddeos Kabua 2024<\/span><\/a><\/strong><\/p>\n<div class=\"bloc-mobil\">\n<div class=\"notc_img\"><\/div>\n<div class=\"descripcio\">\n<p>Adre\u00e7at als joves entre 12 i 18 anys.<\/p>\n<p>Consisteix en realitzar un v\u00eddeo sobre diferents tem\u00e0tiques proposades per l&#8217;organitzaci\u00f3. <strong>Fins al 26 d&#8217;abril de 2024<\/strong><\/p>\n<\/div>\n<\/div>\n<\/div>\n<div class=\"destacat_noticies_cont \">\n<p><a title=\"1r concurs de c\u00f2mic de Kabua 2024\" href=\"https:\/\/sites.google.com\/view\/plataformakabua\/inicio?authuser=0\" target=\"_blank\" rel=\"noopener\"><strong><span class=\"list-group-item-wrapper-content\">1r concurs de c\u00f2mic de Kabua 2024<\/span> <\/strong><\/a><\/p>\n<div class=\"bloc-mobil\">\n<div class=\"notc_img\"><\/div>\n<div class=\"descripcio\">\n<p>Adre\u00e7at a joves de 12 a 18 anys. Consisteix en realitzar un c\u00f2mic de les tem\u00e0tiques proposades per l&#8217;organitzaci\u00f3.\u00a0<strong>Fins al 26 d&#8217;abril de 2024<\/strong><\/p>\n<hr \/>\n<\/div>\n<\/div>\n<\/div>\n<p><a href=\"https:\/\/xtec.gencat.cat\/ca\/curriculum\/batxillerat\/treballrecerca\/premis\" target=\"_blank\" rel=\"noopener\"><img loading=\"lazy\" decoding=\"async\" class=\"alignleft wp-image-15525\" src=\"https:\/\/serveiseducatius.xtec.cat\/altcamp\/wp-content\/uploads\/usu1130\/2024\/03\/Premis-TdR.jpg\" alt=\"\" width=\"381\" height=\"477\" srcset=\"https:\/\/serveiseducatius.xtec.cat\/altcamp\/wp-content\/uploads\/usu1130\/2024\/03\/Premis-TdR.jpg 544w, https:\/\/serveiseducatius.xtec.cat\/altcamp\/wp-content\/uploads\/usu1130\/2024\/03\/Premis-TdR-240x300.jpg 240w\" sizes=\"auto, (max-width: 381px) 100vw, 381px\" \/><\/a><\/p>\n<p class=\"NG-menu__title\"><strong><a href=\"https:\/\/xtec.gencat.cat\/ca\/curriculum\/batxillerat\/treballrecerca\/premis\" target=\"_blank\" rel=\"noopener\">Premis per als treballs de recerca<\/a><br \/>\n<\/strong><\/p>\n<div class=\"css-175oi2r r-18kxxzh r-1kb76zh r-onrtq4 r-1awozwy\">\n<div class=\"css-175oi2r\" data-testid=\"Tweet-User-Avatar\">\n<div class=\"css-175oi2r r-18kxxzh r-1wbh5a2 r-13qz1uu\">\n<div class=\"css-175oi2r r-1wbh5a2 r-dnmrzs\">\n<div class=\"css-175oi2r r-bztko3 r-1adg3ll\" data-testid=\"UserAvatar-Container-xtec\">\n<div class=\"r-1adg3ll r-13qz1uu\"><\/div>\n<div class=\"r-1p0dtai r-1pi2tsx r-u8s1d r-1d2f490 r-ipm5af r-13qz1uu\">\n<div class=\"css-175oi2r r-1adg3ll r-1pi2tsx r-13qz1uu r-u8s1d r-1wyvozj r-1v2oles r-desppf r-bztko3\">\n<p class=\"r-1adg3ll r-13qz1uu\"><span class=\"css-1qaijid r-bcqeeo r-qvutc0 r-poiln3\">Consulteu en aquest <a href=\"https:\/\/xtec.gencat.cat\/ca\/curriculum\/batxillerat\/treballrecerca\/premis\" target=\"_blank\" rel=\"noopener\"><strong>enlla\u00e7<\/strong><\/a> els premis per als treballs de recerca de Batxillerat que recull la <\/span><span class=\"r-18u37iz\">XTEC<\/span><span class=\"css-1qaijid r-bcqeeo r-qvutc0 r-poiln3\">, potser que alguna de les modalitats s&#8217;adapti al projecte del vostre alumnat.<br \/>\n<\/span><\/p>\n<\/div>\n<\/div>\n<\/div>\n<\/div>\n<\/div>\n<p>&nbsp;<\/p>\n<\/div>\n<\/div>\n<p>&nbsp;<\/p>\n<p><a href=\"https:\/\/medol.cat\/wp-content\/uploads\/2024\/03\/Bases_Premis_TDR_Medol_2024.pdf\" target=\"_blank\" rel=\"noopener\"><strong>2a edici\u00f3 del Premi d\u2019investigaci\u00f3 Radar M\u00e8dol<\/strong><\/a><\/p>\n<p>Als millors treballs de recerca de batxillerat d\u2019<strong>Arts Contempor\u00e0nies<\/strong> de les comarques de Tarragona.<\/p>\n<p>&nbsp;<\/p>\n<p>&nbsp;<\/p>\n<hr \/>\n<p><a href=\"https:\/\/fundaciobofill.cat\/noticies\/els-premis-bibliotech-criden-a-tots-els-centres-educatius-de-catalunya-a-visibilitzar-les-millors-prctiques-de-les-seves-biblioteques-escolars?utm_source=&amp;utm_medium=email&amp;utm_content=&amp;utm_term=&amp;utm_campaign=coorp&amp;utm_source=Subscripcions+fundaciobofill.cat&amp;utm_campaign=510e4c9c31-EMAIL_CAMPAIGN_2024_03_13_04_30&amp;utm_medium=email&amp;utm_term=0_-510e4c9c31-%5BLIST_EMAIL_ID%5D\" target=\"_blank\" rel=\"noopener\"><img loading=\"lazy\" decoding=\"async\" class=\"alignleft wp-image-15527\" src=\"https:\/\/serveiseducatius.xtec.cat\/altcamp\/wp-content\/uploads\/usu1130\/2024\/03\/Bibliotech-1024x576.png\" alt=\"\" width=\"378\" height=\"213\" srcset=\"https:\/\/serveiseducatius.xtec.cat\/altcamp\/wp-content\/uploads\/usu1130\/2024\/03\/Bibliotech-1024x576.png 1024w, https:\/\/serveiseducatius.xtec.cat\/altcamp\/wp-content\/uploads\/usu1130\/2024\/03\/Bibliotech-300x169.png 300w, https:\/\/serveiseducatius.xtec.cat\/altcamp\/wp-content\/uploads\/usu1130\/2024\/03\/Bibliotech-768x432.png 768w, https:\/\/serveiseducatius.xtec.cat\/altcamp\/wp-content\/uploads\/usu1130\/2024\/03\/Bibliotech-1536x864.png 1536w, https:\/\/serveiseducatius.xtec.cat\/altcamp\/wp-content\/uploads\/usu1130\/2024\/03\/Bibliotech.png 1920w\" sizes=\"auto, (max-width: 378px) 100vw, 378px\" \/><\/a><\/p>\n<p>La Fundaci\u00f3 Bofill presenta els <strong>Premis Bibliotech<\/strong> pensats per visibilitzar les pr\u00e0ctiques que es fan a les biblioteques escolars dels centres educatius de Catalunya. Aquests premis volen reivindicar la import\u00e0ncia de la BE com a epicentre de transformaci\u00f3 social, cultural i educativa dels centres educatius.<\/p>\n<p>Adre\u00e7ats a tots els centres educatius de Catalunya sostinguts amb fons p\u00fablic.<\/p>\n<p><strong>Termini<\/strong><\/p>\n<p>Del 13 de mar\u00e7 de 2024 al 21 d\u2019abril de 2024 a les 23:59 hores.<\/p>\n<p><a href=\"https:\/\/fundaciobofill.cat\/noticies\/els-premis-bibliotech-criden-a-tots-els-centres-educatius-de-catalunya-a-visibilitzar-les-millors-prctiques-de-les-seves-biblioteques-escolars?utm_source=&amp;utm_medium=email&amp;utm_content=&amp;utm_term=&amp;utm_campaign=coorp&amp;utm_source=Subscripcions+fundaciobofill.cat&amp;utm_campaign=510e4c9c31-EMAIL_CAMPAIGN_2024_03_13_04_30&amp;utm_medium=email&amp;utm_term=0_-510e4c9c31-%5BLIST_EMAIL_ID%5D\" target=\"_blank\" rel=\"noopener\">Acc\u00e9s a tota la informaci\u00f3 del Premis Bibliotech<\/a>.<\/p>\n<hr \/>\n<p><a href=\"https:\/\/www.fundaciogrifols.org\/ca\/ethics-and-science-award\" target=\"_blank\" rel=\"noopener\"><img loading=\"lazy\" decoding=\"async\" class=\"alignleft wp-image-12892\" src=\"https:\/\/serveiseducatius.xtec.cat\/altcamp\/wp-content\/uploads\/usu1130\/2022\/10\/Premi-etica-i-ciencia-22.jpg\" alt=\"\" width=\"382\" height=\"191\" srcset=\"https:\/\/serveiseducatius.xtec.cat\/altcamp\/wp-content\/uploads\/usu1130\/2022\/10\/Premi-etica-i-ciencia-22.jpg 1024w, https:\/\/serveiseducatius.xtec.cat\/altcamp\/wp-content\/uploads\/usu1130\/2022\/10\/Premi-etica-i-ciencia-22-300x150.jpg 300w, https:\/\/serveiseducatius.xtec.cat\/altcamp\/wp-content\/uploads\/usu1130\/2022\/10\/Premi-etica-i-ciencia-22-768x384.jpg 768w\" sizes=\"auto, (max-width: 382px) 100vw, 382px\" \/><\/a><\/p>\n<p>Premis per a centres d&#8217;ensenyament que fomentin la sensibilitat i la reflexi\u00f3 dels alumnes al voltant de les implicacions \u00e8tiques de la ci\u00e8ncia, la recerca cient\u00edfica, la tecnologia i la societat. Hi poden optar tots els centres d&#8217;ensenyament d&#8217;Espanya que imparteixin Educaci\u00f3 <strong>Prim\u00e0ria<\/strong>, <strong>ESO<\/strong>, <strong>Batxillerat<\/strong>, <strong>Educaci\u00f3 Especial<\/strong>\u00a0o <strong>Formaci\u00f3 Professional<\/strong>.<\/p>\n<p>M\u00e9s informaci\u00f3 en aquest <a href=\"https:\/\/www.fundaciogrifols.org\/ca\/ethics-and-science-award\" target=\"_blank\" rel=\"noopener\"><strong>enlla\u00e7<\/strong><\/a>.<\/p>\n<hr \/>\n<p>M\u00e9s informaci\u00f3 sobre premis i concursos a<a href=\"https:\/\/xtec.gencat.cat\/ca\/centres\/premis-i-concursos\/\" target=\"_blank\" rel=\"noopener\"><strong> XTEC<\/strong><\/a><\/p>\n","protected":false},"excerpt":{"rendered":"<p>Premi Europa Jove El guard\u00f3 reconeix treballs de recerca de batxillerat que estudi\u00efn i analitzin temes relacionats amb la UE Fins al 8 d&#8217;abril de 2024 M\u00e9s informaci\u00f3 i inscripcions en aquest enlla\u00e7. 4\u00aa edici\u00f3 del premi &#8216;Qu\u00e8 \u00e9s per a tu Europa&#8217; \u00a0Adre\u00e7at a l&#8217;alumnat de segon cicle de secund\u00e0ria, batxillerat i cicles formatius [&hellip;]<\/p>\n","protected":false},"author":4,"featured_media":15529,"comment_status":"closed","ping_status":"closed","sticky":false,"template":"","format":"standard","meta":{"_bbp_topic_count":0,"_bbp_reply_count":0,"_bbp_total_topic_count":0,"_bbp_total_reply_count":0,"_bbp_voice_count":0,"_bbp_anonymous_reply_count":0,"_bbp_topic_count_hidden":0,"_bbp_reply_count_hidden":0,"_bbp_forum_subforum_count":0,"site-sidebar-layout":"default","site-content-layout":"","ast-site-content-layout":"","site-content-style":"default","site-sidebar-style":"default","ast-global-header-display":"","ast-banner-title-visibility":"","ast-main-header-display":"","ast-hfb-above-header-display":"","ast-hfb-below-header-display":"","ast-hfb-mobile-header-display":"","site-post-title":"","ast-breadcrumbs-content":"","ast-featured-img":"","footer-sml-layout":"","theme-transparent-header-meta":"","adv-header-id-meta":"","stick-header-meta":"","header-above-stick-meta":"","header-main-stick-meta":"","header-below-stick-meta":"","astra-migrate-meta-layouts":"default","ast-page-background-enabled":"default","ast-page-background-meta":{"desktop":{"background-color":"var(--ast-global-color-4)","background-image":"","background-repeat":"repeat","background-position":"center center","background-size":"auto","background-attachment":"scroll","background-type":"","background-media":"","overlay-type":"","overlay-color":"","overlay-opacity":"","overlay-gradient":""},"tablet":{"background-color":"","background-image":"","background-repeat":"repeat","background-position":"center center","background-size":"auto","background-attachment":"scroll","background-type":"","background-media":"","overlay-type":"","overlay-color":"","overlay-opacity":"","overlay-gradient":""},"mobile":{"background-color":"","background-image":"","background-repeat":"repeat","background-position":"center center","background-size":"auto","background-attachment":"scroll","background-type":"","background-media":"","overlay-type":"","overlay-color":"","overlay-opacity":"","overlay-gradient":""}},"ast-content-background-meta":{"desktop":{"background-color":"var(--ast-global-color-5)","background-image":"","background-repeat":"repeat","background-position":"center center","background-size":"auto","background-attachment":"scroll","background-type":"","background-media":"","overlay-type":"","overlay-color":"","overlay-opacity":"","overlay-gradient":""},"tablet":{"background-color":"var(--ast-global-color-5)","background-image":"","background-repeat":"repeat","background-position":"center center","background-size":"auto","background-attachment":"scroll","background-type":"","background-media":"","overlay-type":"","overlay-color":"","overlay-opacity":"","overlay-gradient":""},"mobile":{"background-color":"var(--ast-global-color-5)","background-image":"","background-repeat":"repeat","background-position":"center center","background-size":"auto","background-attachment":"scroll","background-type":"","background-media":"","overlay-type":"","overlay-color":"","overlay-opacity":"","overlay-gradient":""}},"footnotes":""},"categories":[282,1],"tags":[551,37,566,301,350,886,284,1184],"class_list":["post-15522","post","type-post","status-publish","format-standard","has-post-thumbnail","hentry","category-actualitat","category-general","tag-alumnat","tag-audiovisuals","tag-centres-educatius","tag-cinema","tag-concursos","tag-europa","tag-premis","tag-tdr"],"post_mailing_queue_ids":[],"_links":{"self":[{"href":"https:\/\/serveiseducatius.xtec.cat\/altcamp\/wp-json\/wp\/v2\/posts\/15522","targetHints":{"allow":["GET"]}}],"collection":[{"href":"https:\/\/serveiseducatius.xtec.cat\/altcamp\/wp-json\/wp\/v2\/posts"}],"about":[{"href":"https:\/\/serveiseducatius.xtec.cat\/altcamp\/wp-json\/wp\/v2\/types\/post"}],"author":[{"embeddable":true,"href":"https:\/\/serveiseducatius.xtec.cat\/altcamp\/wp-json\/wp\/v2\/users\/4"}],"replies":[{"embeddable":true,"href":"https:\/\/serveiseducatius.xtec.cat\/altcamp\/wp-json\/wp\/v2\/comments?post=15522"}],"version-history":[{"count":3,"href":"https:\/\/serveiseducatius.xtec.cat\/altcamp\/wp-json\/wp\/v2\/posts\/15522\/revisions"}],"predecessor-version":[{"id":15531,"href":"https:\/\/serveiseducatius.xtec.cat\/altcamp\/wp-json\/wp\/v2\/posts\/15522\/revisions\/15531"}],"wp:featuredmedia":[{"embeddable":true,"href":"https:\/\/serveiseducatius.xtec.cat\/altcamp\/wp-json\/wp\/v2\/media\/15529"}],"wp:attachment":[{"href":"https:\/\/serveiseducatius.xtec.cat\/altcamp\/wp-json\/wp\/v2\/media?parent=15522"}],"wp:term":[{"taxonomy":"category","embeddable":true,"href":"https:\/\/serveiseducatius.xtec.cat\/altcamp\/wp-json\/wp\/v2\/categories?post=15522"},{"taxonomy":"post_tag","embeddable":true,"href":"https:\/\/serveiseducatius.xtec.cat\/altcamp\/wp-json\/wp\/v2\/tags?post=15522"}],"curies":[{"name":"wp","href":"https:\/\/api.w.org\/{rel}","templated":true}]}}