{"id":15436,"date":"2024-03-07T12:38:56","date_gmt":"2024-03-07T11:38:56","guid":{"rendered":"https:\/\/serveiseducatius.xtec.cat\/altcamp\/?p=15436"},"modified":"2024-03-07T12:38:56","modified_gmt":"2024-03-07T11:38:56","slug":"serie-families-i-escola","status":"publish","type":"post","link":"https:\/\/serveiseducatius.xtec.cat\/altcamp\/recursos\/recomanem\/serie-families-i-escola\/","title":{"rendered":"S\u00e8rie &#8220;Fam\u00edlies i escola&#8221;"},"content":{"rendered":"<div id=\"collapse436762140\" class=\"panel-collapse collapse show\" role=\"tabpanel\" aria-labelledby=\"heading436762140\">\n<div class=\"panel-body\">\n<p><strong><a href=\"https:\/\/www.diba.cat\/web\/educacio\/cataleg\/suport-families\/serie\" target=\"_blank\" rel=\"noopener\"><em>Fam\u00edlies i escola<\/em><\/a>: el programa d&#8217;educaci\u00f3 a les televisions\u00a0locals<\/strong><\/p>\n<p><a href=\"https:\/\/www.diba.cat\/web\/educacio\/cataleg\/suport-families\/serie\" target=\"_blank\" rel=\"noopener\"><em>Fam\u00edlies i escola<\/em> <\/a>\u00e9s un recurs adre\u00e7at a la comunitat educativa, especialment als pares i mares, per a l&#8217;acompanyament educatiu dels infants i joves. El programa combina el testimoni de les fam\u00edlies amb les opinions i els consell de reconeguts professionals del camp de la psicologia i la pedagogia.<\/p>\n<p><strong>Als cap\u00edtols\u00a0es tracten una \u00e0mplia gama de temes com el dol, el ciberassetjament, l&#8217;educaci\u00f3 aliment\u00e0ria, l&#8217;\u00fas d&#8217;internet i les xarxes socials, la relaci\u00f3\u00a0entre les fam\u00edlies i l&#8217;escola o l&#8217;orientaci\u00f3 educativa, entre d&#8217;altres.<\/strong><\/p>\n<p><em>Fam\u00edlies i Escola<\/em> \u00e9s una producci\u00f3 fruit de la col\u00b7laboraci\u00f3 entre\u00a0l&#8217;<a title=\"http:\/\/laxarxa.us4.list-manage1.com\/track\/click?u=79b578b2de8f864e154e9cdde&amp;id=c8bce8ca13&amp;e=ef522f6322\" href=\"http:\/\/laxarxa.us4.list-manage1.com\/track\/click?u=79b578b2de8f864e154e9cdde&amp;id=c8bce8ca13&amp;e=ef522f6322\" target=\"_blank\" rel=\"noopener\">\u00c0rea de Cultura, Educaci\u00f3 i Esports de la Diputaci\u00f3 de Barcelona<\/a>, la <a title=\"http:\/\/laxarxa.us4.list-manage2.com\/track\/click?u=79b578b2de8f864e154e9cdde&amp;id=e1083077e3&amp;e=ef522f6322\" href=\"http:\/\/laxarxa.us4.list-manage2.com\/track\/click?u=79b578b2de8f864e154e9cdde&amp;id=e1083077e3&amp;e=ef522f6322\" target=\"_blank\" rel=\"noopener\">Federaci\u00f3 d&#8217;Associacions de Mares i Pares d&#8217;Alumnes d&#8217;estudis sufragats amb fons p\u00fablics no universitaris de Catalunya (FAPAES)<\/a> i <a title=\"http:\/\/laxarxa.us4.list-manage2.com\/track\/click?u=79b578b2de8f864e154e9cdde&amp;id=b75cab0ddf&amp;e=ef522f6322\" href=\"http:\/\/laxarxa.us4.list-manage2.com\/track\/click?u=79b578b2de8f864e154e9cdde&amp;id=b75cab0ddf&amp;e=ef522f6322\" target=\"_blank\" rel=\"noopener\">La Xarxa de Comunicaci\u00f3 Local,<\/a> realitzada per <a title=\"http:\/\/laxarxa.us4.list-manage.com\/track\/click?u=79b578b2de8f864e154e9cdde&amp;id=cdf8d0ec11&amp;e=ef522f6322\" href=\"http:\/\/laxarxa.us4.list-manage.com\/track\/click?u=79b578b2de8f864e154e9cdde&amp;id=cdf8d0ec11&amp;e=ef522f6322\" target=\"_blank\" rel=\"noopener\">Canal Terrassa<\/a>.<\/p>\n<p>M\u00e9s informaci\u00f3 en aquest <a href=\"https:\/\/www.diba.cat\/web\/educacio\/cataleg\/suport-families\/serie\" target=\"_blank\" rel=\"noopener\"><strong>enlla\u00e7<\/strong><\/a>.<\/p>\n<p><a href=\"https:\/\/www.youtube.com\/playlist?list=PLssRY1dwztd2qfS7rEhWIWR39rIqr6U8r\" target=\"_blank\" rel=\"noopener\"><img loading=\"lazy\" decoding=\"async\" class=\"alignnone wp-image-15438 size-full\" src=\"https:\/\/serveiseducatius.xtec.cat\/altcamp\/wp-content\/uploads\/usu1130\/2024\/03\/Serie-Families-i-escola.png\" alt=\"\" width=\"900\" height=\"643\" srcset=\"https:\/\/serveiseducatius.xtec.cat\/altcamp\/wp-content\/uploads\/usu1130\/2024\/03\/Serie-Families-i-escola.png 900w, https:\/\/serveiseducatius.xtec.cat\/altcamp\/wp-content\/uploads\/usu1130\/2024\/03\/Serie-Families-i-escola-300x214.png 300w, https:\/\/serveiseducatius.xtec.cat\/altcamp\/wp-content\/uploads\/usu1130\/2024\/03\/Serie-Families-i-escola-768x549.png 768w\" sizes=\"auto, (max-width: 900px) 100vw, 900px\" \/><\/a><\/p>\n<\/div>\n<\/div>\n","protected":false},"excerpt":{"rendered":"<p>Fam\u00edlies i escola: el programa d&#8217;educaci\u00f3 a les televisions\u00a0locals Fam\u00edlies i escola \u00e9s un recurs adre\u00e7at a la comunitat educativa, especialment als pares i mares, per a l&#8217;acompanyament educatiu dels infants i joves. El programa combina el testimoni de les fam\u00edlies amb les opinions i els consell de reconeguts professionals del camp de la psicologia [&hellip;]<\/p>\n","protected":false},"author":4,"featured_media":15439,"comment_status":"closed","ping_status":"closed","sticky":false,"template":"","format":"standard","meta":{"_bbp_topic_count":0,"_bbp_reply_count":0,"_bbp_total_topic_count":0,"_bbp_total_reply_count":0,"_bbp_voice_count":0,"_bbp_anonymous_reply_count":0,"_bbp_topic_count_hidden":0,"_bbp_reply_count_hidden":0,"_bbp_forum_subforum_count":0,"site-sidebar-layout":"default","site-content-layout":"","ast-site-content-layout":"","site-content-style":"default","site-sidebar-style":"default","ast-global-header-display":"","ast-banner-title-visibility":"","ast-main-header-display":"","ast-hfb-above-header-display":"","ast-hfb-below-header-display":"","ast-hfb-mobile-header-display":"","site-post-title":"","ast-breadcrumbs-content":"","ast-featured-img":"","footer-sml-layout":"","theme-transparent-header-meta":"","adv-header-id-meta":"","stick-header-meta":"","header-above-stick-meta":"","header-main-stick-meta":"","header-below-stick-meta":"","astra-migrate-meta-layouts":"default","ast-page-background-enabled":"default","ast-page-background-meta":{"desktop":{"background-color":"var(--ast-global-color-4)","background-image":"","background-repeat":"repeat","background-position":"center center","background-size":"auto","background-attachment":"scroll","background-type":"","background-media":"","overlay-type":"","overlay-color":"","overlay-opacity":"","overlay-gradient":""},"tablet":{"background-color":"","background-image":"","background-repeat":"repeat","background-position":"center center","background-size":"auto","background-attachment":"scroll","background-type":"","background-media":"","overlay-type":"","overlay-color":"","overlay-opacity":"","overlay-gradient":""},"mobile":{"background-color":"","background-image":"","background-repeat":"repeat","background-position":"center center","background-size":"auto","background-attachment":"scroll","background-type":"","background-media":"","overlay-type":"","overlay-color":"","overlay-opacity":"","overlay-gradient":""}},"ast-content-background-meta":{"desktop":{"background-color":"var(--ast-global-color-5)","background-image":"","background-repeat":"repeat","background-position":"center center","background-size":"auto","background-attachment":"scroll","background-type":"","background-media":"","overlay-type":"","overlay-color":"","overlay-opacity":"","overlay-gradient":""},"tablet":{"background-color":"var(--ast-global-color-5)","background-image":"","background-repeat":"repeat","background-position":"center center","background-size":"auto","background-attachment":"scroll","background-type":"","background-media":"","overlay-type":"","overlay-color":"","overlay-opacity":"","overlay-gradient":""},"mobile":{"background-color":"var(--ast-global-color-5)","background-image":"","background-repeat":"repeat","background-position":"center center","background-size":"auto","background-attachment":"scroll","background-type":"","background-media":"","overlay-type":"","overlay-color":"","overlay-opacity":"","overlay-gradient":""}},"footnotes":""},"categories":[287],"tags":[709,580,1525,1443,1526],"class_list":["post-15436","post","type-post","status-publish","format-standard","has-post-thumbnail","hentry","category-recomanem","tag-educacio","tag-familia-i-escola","tag-funcio-educativa-de-les-families","tag-orientacio-educativa","tag-socialitzacio"],"post_mailing_queue_ids":[],"_links":{"self":[{"href":"https:\/\/serveiseducatius.xtec.cat\/altcamp\/wp-json\/wp\/v2\/posts\/15436","targetHints":{"allow":["GET"]}}],"collection":[{"href":"https:\/\/serveiseducatius.xtec.cat\/altcamp\/wp-json\/wp\/v2\/posts"}],"about":[{"href":"https:\/\/serveiseducatius.xtec.cat\/altcamp\/wp-json\/wp\/v2\/types\/post"}],"author":[{"embeddable":true,"href":"https:\/\/serveiseducatius.xtec.cat\/altcamp\/wp-json\/wp\/v2\/users\/4"}],"replies":[{"embeddable":true,"href":"https:\/\/serveiseducatius.xtec.cat\/altcamp\/wp-json\/wp\/v2\/comments?post=15436"}],"version-history":[{"count":1,"href":"https:\/\/serveiseducatius.xtec.cat\/altcamp\/wp-json\/wp\/v2\/posts\/15436\/revisions"}],"predecessor-version":[{"id":15440,"href":"https:\/\/serveiseducatius.xtec.cat\/altcamp\/wp-json\/wp\/v2\/posts\/15436\/revisions\/15440"}],"wp:featuredmedia":[{"embeddable":true,"href":"https:\/\/serveiseducatius.xtec.cat\/altcamp\/wp-json\/wp\/v2\/media\/15439"}],"wp:attachment":[{"href":"https:\/\/serveiseducatius.xtec.cat\/altcamp\/wp-json\/wp\/v2\/media?parent=15436"}],"wp:term":[{"taxonomy":"category","embeddable":true,"href":"https:\/\/serveiseducatius.xtec.cat\/altcamp\/wp-json\/wp\/v2\/categories?post=15436"},{"taxonomy":"post_tag","embeddable":true,"href":"https:\/\/serveiseducatius.xtec.cat\/altcamp\/wp-json\/wp\/v2\/tags?post=15436"}],"curies":[{"name":"wp","href":"https:\/\/api.w.org\/{rel}","templated":true}]}}