{"id":15353,"date":"2024-02-29T13:03:47","date_gmt":"2024-02-29T12:03:47","guid":{"rendered":"https:\/\/serveiseducatius.xtec.cat\/altcamp\/?p=15353"},"modified":"2024-02-29T13:03:47","modified_gmt":"2024-02-29T12:03:47","slug":"dia-dels-autors-europeus-2024","status":"publish","type":"post","link":"https:\/\/serveiseducatius.xtec.cat\/altcamp\/general\/dia-dels-autors-europeus-2024\/","title":{"rendered":"Dia dels Autors Europeus 2024"},"content":{"rendered":"<p>El dia <strong>25 de mar\u00e7<\/strong> de 2024 tindr\u00e0 lloc la segona edici\u00f3 del \u201c<strong><a href=\"https:\/\/culture.ec.europa.eu\/cultural-and-creative-sectors\/books-and-publishing\/day-of-european-authors\" target=\"_blank\" rel=\"noopener\">Dia dels Autors Europeus<\/a>\u201d.<\/strong><\/p>\n<p>El \u201cDia dels Autors Europeus\u201d \u00e9s una iniciativa de la Comissi\u00f3 Europea que permet explorar la gran diversitat de la literatura europea i fomentar la lectura. Aquesta iniciativa permet participar en activitats com: con\u00e8ixer autors, compartir experi\u00e8ncies, etc.<\/p>\n<p><span class=\"HwtZe\" lang=\"ca\"><span class=\"jCAhz ChMk0b\"><span class=\"ryNqvb\">La lectura no nom\u00e9s millora les habilitats ling\u00fc\u00edstiques, sin\u00f3 que tamb\u00e9 enriqueix la capacitat de les persones per expressar-se i despertar curiositat pels aprenentatges i el m\u00f3n en general.<\/span><\/span> <span class=\"jCAhz ChMk0b\"><span class=\"ryNqvb\">A trav\u00e9s d&#8217;aquesta iniciativa, la Uni\u00f3 Europea cerca incentivar les generacions m\u00e9s joves a establir una relaci\u00f3 amb el m\u00f3n dels llibres.<\/span><\/span><\/span><\/p>\n<p>Si us interessa, podeu unir-vos a la campanya i organitzar activitats per celebrar aquest dia i con\u00e8ixer autors europeus.<\/p>\n<p><strong><span class=\"HwtZe\" lang=\"ca\"><span class=\"jCAhz ChMk0b\"><span class=\"ryNqvb\">L&#8217;esdeveniment consta de les activitats seg\u00fcents:<\/span><\/span> <\/span><\/strong><\/p>\n<p><strong><span class=\"HwtZe\" lang=\"ca\"><span class=\"jCAhz ChMk0b\"><span class=\"ryNqvb\">-Actes de lectura a escoles, biblioteques i llibreries<\/span><\/span> <\/span><\/strong><\/p>\n<p><strong><span class=\"HwtZe\" lang=\"ca\"><span class=\"jCAhz ChMk0b\"><span class=\"ryNqvb\">-Visites d&#8217;autors europeus<\/span><\/span> <\/span><\/strong><\/p>\n<p><strong><span class=\"HwtZe\" lang=\"ca\"><span class=\"jCAhz ChMk0b\"><span class=\"ryNqvb\">-Confer\u00e8ncia sobre la dimensi\u00f3 europea de la promoci\u00f3 de la lectura<\/span><\/span><\/span><\/strong><\/p>\n<p>En\u00a0<a href=\"https:\/\/culture.ec.europa.eu\/cultural-and-creative-sectors\/books-and-publishing\/day-of-european-authors\" target=\"_blank\" rel=\"noopener\" data-saferedirecturl=\"https:\/\/www.google.com\/url?q=https:\/\/culture.ec.europa.eu\/cultural-and-creative-sectors\/books-and-publishing\/day-of-european-authors&amp;source=gmail&amp;ust=1709028425236000&amp;usg=AOvVaw2RhqzCk90JRptj9dkgEjZ9\"><strong>aquest espai web<\/strong><\/a> hi trobareu m\u00e9s informaci\u00f3. Tamb\u00e9 podeu consultar aquest <strong><a href=\"https:\/\/ec.europa.eu\/assets\/eac\/culture\/day-of-european-authors\/factsheet-2023-day-of-eu-authors.pdf\" target=\"_blank\" rel=\"noopener\" data-saferedirecturl=\"https:\/\/www.google.com\/url?q=https:\/\/ec.europa.eu\/assets\/eac\/culture\/day-of-european-authors\/factsheet-2023-day-of-eu-authors.pdf&amp;source=gmail&amp;ust=1709028425236000&amp;usg=AOvVaw3zMQqapfIxxfpK-uafXQZ0\">full informatiu<\/a><\/strong>\u00a0amb algunes\u00a0<strong><a href=\"https:\/\/ec.europa.eu\/assets\/eac\/culture\/day-of-european-authors\/2024-day-of-european-authors-get-inspired.pdf\" target=\"_blank\" rel=\"noopener\" data-saferedirecturl=\"https:\/\/www.google.com\/url?q=https:\/\/ec.europa.eu\/assets\/eac\/culture\/day-of-european-authors\/2024-day-of-european-authors-get-inspired.pdf&amp;source=gmail&amp;ust=1709028425236000&amp;usg=AOvVaw30GkFmexZTpnLLE5zBrSgz\">hist\u00f2ries inspiradores<\/a><\/strong>\u00a0de la primera edici\u00f3.<\/p>\n<p>Teniu aquest\u00a0<strong><a href=\"https:\/\/ec.europa.eu\/eusurvey\/runner\/EuropeanAuthors2024\" target=\"_blank\" rel=\"noopener\" data-saferedirecturl=\"https:\/\/www.google.com\/url?q=https:\/\/ec.europa.eu\/eusurvey\/runner\/EuropeanAuthors2024&amp;source=gmail&amp;ust=1709028425236000&amp;usg=AOvVaw0oEGAS8iChYPuLhZ5yylc0\">formulari electr\u00f2nic<\/a> <\/strong>per registrar l\u2019activitat que dugueu a terme.<\/p>\n<p>Des del <strong>programa de biblioteques escolars<\/strong> fan una proposta adre\u00e7ada als centres educatius que podeu consultar en aquest <a href=\"https:\/\/view.genial.ly\/64cb8046ab4a9d001823977a\/interactive-image-discovering-the-european-authors\" target=\"_blank\" rel=\"noopener\"><strong>Genially<\/strong><\/a>.<\/p>\n<p>Si us uniu a la campanya, podeu etiquetar les publicacions amb els\u00a0<em>hashtags <\/em>#ReadWithEurope i #europeanauthorsbescat<\/p>\n<p><img loading=\"lazy\" decoding=\"async\" class=\"alignnone size-large wp-image-15354\" src=\"https:\/\/serveiseducatius.xtec.cat\/altcamp\/wp-content\/uploads\/usu1130\/2024\/02\/Dia-dels-autors-europeus-2024-1024x967.jpg\" alt=\"\" width=\"1024\" height=\"967\" srcset=\"https:\/\/serveiseducatius.xtec.cat\/altcamp\/wp-content\/uploads\/usu1130\/2024\/02\/Dia-dels-autors-europeus-2024-1024x967.jpg 1024w, https:\/\/serveiseducatius.xtec.cat\/altcamp\/wp-content\/uploads\/usu1130\/2024\/02\/Dia-dels-autors-europeus-2024-300x283.jpg 300w, https:\/\/serveiseducatius.xtec.cat\/altcamp\/wp-content\/uploads\/usu1130\/2024\/02\/Dia-dels-autors-europeus-2024-768x725.jpg 768w, https:\/\/serveiseducatius.xtec.cat\/altcamp\/wp-content\/uploads\/usu1130\/2024\/02\/Dia-dels-autors-europeus-2024.jpg 1245w\" sizes=\"auto, (max-width: 1024px) 100vw, 1024px\" \/><\/p>\n","protected":false},"excerpt":{"rendered":"<p>El dia 25 de mar\u00e7 de 2024 tindr\u00e0 lloc la segona edici\u00f3 del \u201cDia dels Autors Europeus\u201d. El \u201cDia dels Autors Europeus\u201d \u00e9s una iniciativa de la Comissi\u00f3 Europea que permet explorar la gran diversitat de la literatura europea i fomentar la lectura. Aquesta iniciativa permet participar en activitats com: con\u00e8ixer autors, compartir experi\u00e8ncies, etc. [&hellip;]<\/p>\n","protected":false},"author":4,"featured_media":15354,"comment_status":"closed","ping_status":"closed","sticky":false,"template":"","format":"standard","meta":{"_bbp_topic_count":0,"_bbp_reply_count":0,"_bbp_total_topic_count":0,"_bbp_total_reply_count":0,"_bbp_voice_count":0,"_bbp_anonymous_reply_count":0,"_bbp_topic_count_hidden":0,"_bbp_reply_count_hidden":0,"_bbp_forum_subforum_count":0,"site-sidebar-layout":"default","site-content-layout":"","ast-site-content-layout":"","site-content-style":"default","site-sidebar-style":"default","ast-global-header-display":"","ast-banner-title-visibility":"","ast-main-header-display":"","ast-hfb-above-header-display":"","ast-hfb-below-header-display":"","ast-hfb-mobile-header-display":"","site-post-title":"","ast-breadcrumbs-content":"","ast-featured-img":"","footer-sml-layout":"","theme-transparent-header-meta":"","adv-header-id-meta":"","stick-header-meta":"","header-above-stick-meta":"","header-main-stick-meta":"","header-below-stick-meta":"","astra-migrate-meta-layouts":"default","ast-page-background-enabled":"default","ast-page-background-meta":{"desktop":{"background-color":"var(--ast-global-color-4)","background-image":"","background-repeat":"repeat","background-position":"center center","background-size":"auto","background-attachment":"scroll","background-type":"","background-media":"","overlay-type":"","overlay-color":"","overlay-opacity":"","overlay-gradient":""},"tablet":{"background-color":"","background-image":"","background-repeat":"repeat","background-position":"center center","background-size":"auto","background-attachment":"scroll","background-type":"","background-media":"","overlay-type":"","overlay-color":"","overlay-opacity":"","overlay-gradient":""},"mobile":{"background-color":"","background-image":"","background-repeat":"repeat","background-position":"center center","background-size":"auto","background-attachment":"scroll","background-type":"","background-media":"","overlay-type":"","overlay-color":"","overlay-opacity":"","overlay-gradient":""}},"ast-content-background-meta":{"desktop":{"background-color":"var(--ast-global-color-5)","background-image":"","background-repeat":"repeat","background-position":"center center","background-size":"auto","background-attachment":"scroll","background-type":"","background-media":"","overlay-type":"","overlay-color":"","overlay-opacity":"","overlay-gradient":""},"tablet":{"background-color":"var(--ast-global-color-5)","background-image":"","background-repeat":"repeat","background-position":"center center","background-size":"auto","background-attachment":"scroll","background-type":"","background-media":"","overlay-type":"","overlay-color":"","overlay-opacity":"","overlay-gradient":""},"mobile":{"background-color":"var(--ast-global-color-5)","background-image":"","background-repeat":"repeat","background-position":"center center","background-size":"auto","background-attachment":"scroll","background-type":"","background-media":"","overlay-type":"","overlay-color":"","overlay-opacity":"","overlay-gradient":""}},"footnotes":""},"categories":[282,1],"tags":[780,147,159,886,1124,351,374],"class_list":["post-15353","post","type-post","status-publish","format-standard","has-post-thumbnail","hentry","category-actualitat","category-general","tag-autors","tag-el-gust-per-la-lectura","tag-escriptura","tag-europa","tag-foment-de-la-lectura","tag-lectura","tag-literatura"],"post_mailing_queue_ids":[],"_links":{"self":[{"href":"https:\/\/serveiseducatius.xtec.cat\/altcamp\/wp-json\/wp\/v2\/posts\/15353","targetHints":{"allow":["GET"]}}],"collection":[{"href":"https:\/\/serveiseducatius.xtec.cat\/altcamp\/wp-json\/wp\/v2\/posts"}],"about":[{"href":"https:\/\/serveiseducatius.xtec.cat\/altcamp\/wp-json\/wp\/v2\/types\/post"}],"author":[{"embeddable":true,"href":"https:\/\/serveiseducatius.xtec.cat\/altcamp\/wp-json\/wp\/v2\/users\/4"}],"replies":[{"embeddable":true,"href":"https:\/\/serveiseducatius.xtec.cat\/altcamp\/wp-json\/wp\/v2\/comments?post=15353"}],"version-history":[{"count":1,"href":"https:\/\/serveiseducatius.xtec.cat\/altcamp\/wp-json\/wp\/v2\/posts\/15353\/revisions"}],"predecessor-version":[{"id":15357,"href":"https:\/\/serveiseducatius.xtec.cat\/altcamp\/wp-json\/wp\/v2\/posts\/15353\/revisions\/15357"}],"wp:featuredmedia":[{"embeddable":true,"href":"https:\/\/serveiseducatius.xtec.cat\/altcamp\/wp-json\/wp\/v2\/media\/15354"}],"wp:attachment":[{"href":"https:\/\/serveiseducatius.xtec.cat\/altcamp\/wp-json\/wp\/v2\/media?parent=15353"}],"wp:term":[{"taxonomy":"category","embeddable":true,"href":"https:\/\/serveiseducatius.xtec.cat\/altcamp\/wp-json\/wp\/v2\/categories?post=15353"},{"taxonomy":"post_tag","embeddable":true,"href":"https:\/\/serveiseducatius.xtec.cat\/altcamp\/wp-json\/wp\/v2\/tags?post=15353"}],"curies":[{"name":"wp","href":"https:\/\/api.w.org\/{rel}","templated":true}]}}