{"id":15032,"date":"2024-01-15T13:08:37","date_gmt":"2024-01-15T12:08:37","guid":{"rendered":"https:\/\/serveiseducatius.xtec.cat\/altcamp\/?p=15032"},"modified":"2024-01-15T13:08:37","modified_gmt":"2024-01-15T12:08:37","slug":"formacio-les-aules-pel-futur-en-els-centres-educatius-disseny-i-implementacio-40h","status":"publish","type":"post","link":"https:\/\/serveiseducatius.xtec.cat\/altcamp\/general\/formacio-les-aules-pel-futur-en-els-centres-educatius-disseny-i-implementacio-40h\/","title":{"rendered":"Formaci\u00f3. Les aules pel futur en els centres educatius: Disseny i implementaci\u00f3 (40h)"},"content":{"rendered":"<p>Trobareu la informaci\u00f3 i l&#8217;enlla\u00e7 a la inscripci\u00f3 al nodes STEAMcat: <a href=\"https:\/\/projectes.xtec.cat\/steamcat\/general\/formacio-les-aules-pel-futur-en-els-centres-educatius-disseny-i-implementacio-40h\/\" target=\"_blank\" rel=\"noopener\" data-saferedirecturl=\"https:\/\/www.google.com\/url?q=https:\/\/projectes.xtec.cat\/steamcat\/general\/formacio-les-aules-pel-futur-en-els-centres-educatius-disseny-i-implementacio-40h\/&amp;source=gmail&amp;ust=1705395176096000&amp;usg=AOvVaw0gj-BmUaZdo1dtdCh0c4D1\">https:\/\/projectes.<wbr \/>xtec.cat\/steamcat\/general\/<wbr \/>formacio-les-aules-pel-futur-<wbr \/>en-els-centres-educatius-<wbr \/>disseny-i-implementacio-40h\/<\/a><\/p>\n<p><strong>Curs internivells:<\/strong>\u00a0Infantil-<wbr \/>Prim\u00e0ria-Secund\u00e0ria<\/p>\n<p><strong>Modalitat:\u00a0<\/strong>Semipresencial (presencial nom\u00e9s el 16\/3)<\/p>\n<p><strong>Descripci\u00f3<\/strong><\/p>\n<p>Aules pel Futur s\u2019alinea amb el projecte europeu Future Classroom Lab d\u2019European Schoolnet. Aquesta formaci\u00f3 est\u00e0 dirigida a aquells equips directius i responsables de coordinaci\u00f3 interessats a implantar el Projecte Aules pel Futur en els seus centres educatius.<\/p>\n<p>El curs proporcionar\u00e0 eines \u00fatils i pr\u00e0ctiques que facilitin als equips la innovaci\u00f3 fonamentada pedag\u00f2gicament i informada amb la recerca, usant les TIC, a partir de redissenyar espais educatius i incorporar metodologies actives per respondre a les necessitats educatives del segle XXI. <strong>Els participants han de disposar de l\u2019acreditaci\u00f3 de la compet\u00e8ncia digital docent o coneixements homologables.<\/strong><\/p>\n<p><strong>Objectius<\/strong><\/p>\n<ul>\n<li>Con\u00e8ixer el Projecte Aules pel Futur i la seva implementaci\u00f3 en centres educatius.<\/li>\n<li>Autoconeixement pedag\u00f2gic, instructiu i tecnol\u00f2gic.<\/li>\n<li>Establir pautes per adaptar els espais educatius seguint el model de les Aules pel Futur.<\/li>\n<li>Con\u00e8ixer i aplicar eines TIC per al disseny d\u2019activitats pedag\u00f2giques innovadores seguint el model de les Aules pel Futur.<\/li>\n<li>Con\u00e8ixer i aplicar pautes metodol\u00f2giques per integrar el model de les Aules pel Futur<br \/>\nals centres educatius.<\/li>\n<li>Dissenyar i implementar Aules pel Futur en els centres educatius.<\/li>\n<\/ul>\n<p><strong>Continguts<\/strong><\/p>\n<ul>\n<li>Les Aules pel Futur: Concepte.<\/li>\n<li>Kit d&#8217;eines de les Aules pel Futur:<br \/>\n. Identificaci\u00f3 d\u2019interessats i tend\u00e8ncies.<br \/>\n. Dissenyar l\u2019Aula pel Futur.<br \/>\n. Creaci\u00f3 d\u2019Escenaris d&#8217;aprenentatge.<br \/>\n. Disseny d\u2019Activitats Pedag\u00f2giques Innovadores.<br \/>\n. Avaluaci\u00f3.<\/li>\n<li>Les Aules pel Futur i el Projecte Educatiu de Centre.<\/li>\n<li>Pautes per adaptar espais educatius.<\/li>\n<li>Eines TIC per millorar el disseny d\u2019activitats pedag\u00f2giques.<\/li>\n<\/ul>\n<p><strong>Requisits de certificaci\u00f3<\/strong><\/p>\n<ul>\n<li>Assistir a la sessi\u00f3 presencial i fer l&#8217;exposici\u00f3 en equip de la maqueta.<\/li>\n<li>Completar individualment, amb avaluaci\u00f3 positiva, totes les activitats assenyalades<\/li>\n<li>com prescriptives per certificar.<\/li>\n<li>Avaluaci\u00f3 positiva de la mem\u00f2ria de la posada en pr\u00e0ctica del projecte en el centre.<\/li>\n<\/ul>\n","protected":false},"excerpt":{"rendered":"<p>Trobareu la informaci\u00f3 i l&#8217;enlla\u00e7 a la inscripci\u00f3 al nodes STEAMcat: https:\/\/projectes.xtec.cat\/steamcat\/general\/formacio-les-aules-pel-futur-en-els-centres-educatius-disseny-i-implementacio-40h\/ Curs internivells:\u00a0Infantil-Prim\u00e0ria-Secund\u00e0ria Modalitat:\u00a0Semipresencial (presencial nom\u00e9s el 16\/3) Descripci\u00f3 Aules pel Futur s\u2019alinea amb el projecte europeu Future Classroom Lab d\u2019European Schoolnet. Aquesta formaci\u00f3 est\u00e0 dirigida a aquells equips directius i responsables de coordinaci\u00f3 interessats a implantar el Projecte Aules pel Futur en els [&hellip;]<\/p>\n","protected":false},"author":4,"featured_media":15033,"comment_status":"closed","ping_status":"closed","sticky":false,"template":"","format":"standard","meta":{"_bbp_topic_count":0,"_bbp_reply_count":0,"_bbp_total_topic_count":0,"_bbp_total_reply_count":0,"_bbp_voice_count":0,"_bbp_anonymous_reply_count":0,"_bbp_topic_count_hidden":0,"_bbp_reply_count_hidden":0,"_bbp_forum_subforum_count":0,"site-sidebar-layout":"default","site-content-layout":"","ast-site-content-layout":"","site-content-style":"default","site-sidebar-style":"default","ast-global-header-display":"","ast-banner-title-visibility":"","ast-main-header-display":"","ast-hfb-above-header-display":"","ast-hfb-below-header-display":"","ast-hfb-mobile-header-display":"","site-post-title":"","ast-breadcrumbs-content":"","ast-featured-img":"","footer-sml-layout":"","theme-transparent-header-meta":"","adv-header-id-meta":"","stick-header-meta":"","header-above-stick-meta":"","header-main-stick-meta":"","header-below-stick-meta":"","astra-migrate-meta-layouts":"default","ast-page-background-enabled":"default","ast-page-background-meta":{"desktop":{"background-color":"var(--ast-global-color-4)","background-image":"","background-repeat":"repeat","background-position":"center center","background-size":"auto","background-attachment":"scroll","background-type":"","background-media":"","overlay-type":"","overlay-color":"","overlay-opacity":"","overlay-gradient":""},"tablet":{"background-color":"","background-image":"","background-repeat":"repeat","background-position":"center center","background-size":"auto","background-attachment":"scroll","background-type":"","background-media":"","overlay-type":"","overlay-color":"","overlay-opacity":"","overlay-gradient":""},"mobile":{"background-color":"","background-image":"","background-repeat":"repeat","background-position":"center center","background-size":"auto","background-attachment":"scroll","background-type":"","background-media":"","overlay-type":"","overlay-color":"","overlay-opacity":"","overlay-gradient":""}},"ast-content-background-meta":{"desktop":{"background-color":"var(--ast-global-color-5)","background-image":"","background-repeat":"repeat","background-position":"center center","background-size":"auto","background-attachment":"scroll","background-type":"","background-media":"","overlay-type":"","overlay-color":"","overlay-opacity":"","overlay-gradient":""},"tablet":{"background-color":"var(--ast-global-color-5)","background-image":"","background-repeat":"repeat","background-position":"center center","background-size":"auto","background-attachment":"scroll","background-type":"","background-media":"","overlay-type":"","overlay-color":"","overlay-opacity":"","overlay-gradient":""},"mobile":{"background-color":"var(--ast-global-color-5)","background-image":"","background-repeat":"repeat","background-position":"center center","background-size":"auto","background-attachment":"scroll","background-type":"","background-media":"","overlay-type":"","overlay-color":"","overlay-opacity":"","overlay-gradient":""}},"footnotes":""},"categories":[282,1],"tags":[1480,706,226,384],"class_list":["post-15032","post","type-post","status-publish","format-standard","has-post-thumbnail","hentry","category-actualitat","category-general","tag-aules-del-futur","tag-equips-directius","tag-formacio","tag-steam"],"post_mailing_queue_ids":[],"_links":{"self":[{"href":"https:\/\/serveiseducatius.xtec.cat\/altcamp\/wp-json\/wp\/v2\/posts\/15032","targetHints":{"allow":["GET"]}}],"collection":[{"href":"https:\/\/serveiseducatius.xtec.cat\/altcamp\/wp-json\/wp\/v2\/posts"}],"about":[{"href":"https:\/\/serveiseducatius.xtec.cat\/altcamp\/wp-json\/wp\/v2\/types\/post"}],"author":[{"embeddable":true,"href":"https:\/\/serveiseducatius.xtec.cat\/altcamp\/wp-json\/wp\/v2\/users\/4"}],"replies":[{"embeddable":true,"href":"https:\/\/serveiseducatius.xtec.cat\/altcamp\/wp-json\/wp\/v2\/comments?post=15032"}],"version-history":[{"count":1,"href":"https:\/\/serveiseducatius.xtec.cat\/altcamp\/wp-json\/wp\/v2\/posts\/15032\/revisions"}],"predecessor-version":[{"id":15034,"href":"https:\/\/serveiseducatius.xtec.cat\/altcamp\/wp-json\/wp\/v2\/posts\/15032\/revisions\/15034"}],"wp:featuredmedia":[{"embeddable":true,"href":"https:\/\/serveiseducatius.xtec.cat\/altcamp\/wp-json\/wp\/v2\/media\/15033"}],"wp:attachment":[{"href":"https:\/\/serveiseducatius.xtec.cat\/altcamp\/wp-json\/wp\/v2\/media?parent=15032"}],"wp:term":[{"taxonomy":"category","embeddable":true,"href":"https:\/\/serveiseducatius.xtec.cat\/altcamp\/wp-json\/wp\/v2\/categories?post=15032"},{"taxonomy":"post_tag","embeddable":true,"href":"https:\/\/serveiseducatius.xtec.cat\/altcamp\/wp-json\/wp\/v2\/tags?post=15032"}],"curies":[{"name":"wp","href":"https:\/\/api.w.org\/{rel}","templated":true}]}}