{"id":14567,"date":"2023-10-16T12:46:12","date_gmt":"2023-10-16T10:46:12","guid":{"rendered":"https:\/\/serveiseducatius.xtec.cat\/altcamp\/?p=14567"},"modified":"2023-12-01T10:25:29","modified_gmt":"2023-12-01T09:25:29","slug":"lighnet-projecte-de-captacio-de-co2-a-les-escoles","status":"publish","type":"post","link":"https:\/\/serveiseducatius.xtec.cat\/altcamp\/dinamitzacio\/escoles-verdes\/lighnet-projecte-de-captacio-de-co2-a-les-escoles\/","title":{"rendered":"Lighnet\u00a0(\u00a0projecte de captaci\u00f3 de CO2 a les escoles)"},"content":{"rendered":"<p><a href=\"https:\/\/icn2sc23.my.canva.site\/\" target=\"_blank\" rel=\"noopener\"><img loading=\"lazy\" decoding=\"async\" class=\"alignnone wp-image-14569 size-large\" src=\"https:\/\/serveiseducatius.xtec.cat\/altcamp\/wp-content\/uploads\/usu1130\/2023\/10\/Lighnet-1-1024x684.jpg\" alt=\"\" width=\"1024\" height=\"684\" srcset=\"https:\/\/serveiseducatius.xtec.cat\/altcamp\/wp-content\/uploads\/usu1130\/2023\/10\/Lighnet-1-1024x684.jpg 1024w, https:\/\/serveiseducatius.xtec.cat\/altcamp\/wp-content\/uploads\/usu1130\/2023\/10\/Lighnet-1-300x200.jpg 300w, https:\/\/serveiseducatius.xtec.cat\/altcamp\/wp-content\/uploads\/usu1130\/2023\/10\/Lighnet-1-768x513.jpg 768w, https:\/\/serveiseducatius.xtec.cat\/altcamp\/wp-content\/uploads\/usu1130\/2023\/10\/Lighnet-1.jpg 1241w\" sizes=\"auto, (max-width: 1024px) 100vw, 1024px\" \/><\/a><\/p>\n<p><strong><a href=\"https:\/\/icn2sc23.my.canva.site\/\" target=\"_blank\" rel=\"noopener\">El Projecte Lighnet<\/a>\u00a0(<\/strong>\u00a0<strong>projecte de captaci\u00f3 de CO2 a les escoles), <\/strong>activitat educativa emmarcada en la Setmana de la Ci\u00e8ncia 2023, s&#8217;adre\u00e7a als estudiants de<strong> 5\u00e8 i 6\u00e8 de Prim\u00e0ria i 1r i 2n d\u2019ESO.<\/strong><\/p>\n<div id=\"U06XHNu9FyebzAzQ\">\n<div id=\"kwjcUw1kkfugVzVD\">\n<div id=\"GtBPcU2zDGeQzkXe\">\n<p id=\"CDPa4FPUGqfOyuCe\"><span id=\"urIiF6zwYZdDdA0C\">Aquest projecte us permetr\u00e0 participar en una recerca cient\u00edfica real en el marc de la<strong> Setmana de la Ci\u00e8ncia 2023<\/strong><\/span><span id=\"akidp6aE6rMVSZ99\"> (10-19 de novembre).<\/span><\/p>\n<p id=\"J9s8QsUmuanoBcqH\"><span id=\"kk84Mnc8cG69goke\">S&#8217;explorar\u00e0 un nou material experimental amb el potencial de combatre el canvi clim\u00e0tic, i necessiten la vostra ajuda per mesurar com s&#8217;absorbeix CO\u2082 en diversos entorns. <\/span><\/p>\n<\/div>\n<\/div>\n<\/div>\n<p><em>Afrontem l\u2019emerg\u00e8ncia clim\u00e0tica, un dels reptes m\u00e9s colossals del nostre temps. Gr\u00e0cies a un<strong> material experimental de nova creaci\u00f3<\/strong>, els estudiants seran protagonistes d\u2019 una recerca conjunta amb l\u2019Institut Catal\u00e0 de Nanoci\u00e8ncia i Nanotecnologia (ICN2). L\u2019experiment comen\u00e7ar\u00e0 just abans de la Setmana de la Ci\u00e8ncia encap\u00e7alada per la FCRi i els resultats es recolliran online durant aquest per\u00edode tan especial (10-19 de novembre).<\/em><\/p>\n<p><strong>Objectius:<\/strong><\/p>\n<ul>\n<li>Identificar materials que absorbeixin CO .<\/li>\n<li>Seguir protocols experimentals i interpretar dades.<\/li>\n<li>Comprendre l\u2019impacte del CO en el canvi clim\u00e0tic.<\/li>\n<li>Promoure la consci\u00e8ncia sobre la necessitat de reduir les emissions.<\/li>\n<\/ul>\n<p><strong>M\u00e9s informaci\u00f3 i inscripci\u00f3 a: <a href=\"https:\/\/icn2sc23.my.canva.site\/\" target=\"_blank\" rel=\"noopener\" data-saferedirecturl=\"https:\/\/www.google.com\/url?q=https:\/\/icn2sc23.my.canva.site\/&amp;source=gmail&amp;ust=1697281702411000&amp;usg=AOvVaw2RPmXEgPE_MMqZV0_lNuTA\">https:\/\/icn2sc23.my.canva.site\/<\/a><\/strong><\/p>\n<p>Un cop inscrits, a partir del 2 de novembre s\u2019enviar\u00e0 el material (sense cost) als centres educatius. Cada paquet cont\u00e9 200 grams de producte i una carta de salutaci\u00f3 amb instruccions. (podreu demanar un o dos paquets, segons les vostres necessitats).<\/p>\n","protected":false},"excerpt":{"rendered":"<p>El Projecte Lighnet\u00a0(\u00a0projecte de captaci\u00f3 de CO2 a les escoles), activitat educativa emmarcada en la Setmana de la Ci\u00e8ncia 2023, s&#8217;adre\u00e7a als estudiants de 5\u00e8 i 6\u00e8 de Prim\u00e0ria i 1r i 2n d\u2019ESO. Aquest projecte us permetr\u00e0 participar en una recerca cient\u00edfica real en el marc de la Setmana de la Ci\u00e8ncia 2023 (10-19 [&hellip;]<\/p>\n","protected":false},"author":4,"featured_media":14569,"comment_status":"closed","ping_status":"closed","sticky":false,"template":"","format":"standard","meta":{"_bbp_topic_count":0,"_bbp_reply_count":0,"_bbp_total_topic_count":0,"_bbp_total_reply_count":0,"_bbp_voice_count":0,"_bbp_anonymous_reply_count":0,"_bbp_topic_count_hidden":0,"_bbp_reply_count_hidden":0,"_bbp_forum_subforum_count":0,"site-sidebar-layout":"default","site-content-layout":"","ast-site-content-layout":"","site-content-style":"default","site-sidebar-style":"default","ast-global-header-display":"","ast-banner-title-visibility":"","ast-main-header-display":"","ast-hfb-above-header-display":"","ast-hfb-below-header-display":"","ast-hfb-mobile-header-display":"","site-post-title":"","ast-breadcrumbs-content":"","ast-featured-img":"","footer-sml-layout":"","theme-transparent-header-meta":"","adv-header-id-meta":"","stick-header-meta":"","header-above-stick-meta":"","header-main-stick-meta":"","header-below-stick-meta":"","astra-migrate-meta-layouts":"default","ast-page-background-enabled":"default","ast-page-background-meta":{"desktop":{"background-color":"var(--ast-global-color-4)","background-image":"","background-repeat":"repeat","background-position":"center center","background-size":"auto","background-attachment":"scroll","background-type":"","background-media":"","overlay-type":"","overlay-color":"","overlay-opacity":"","overlay-gradient":""},"tablet":{"background-color":"","background-image":"","background-repeat":"repeat","background-position":"center center","background-size":"auto","background-attachment":"scroll","background-type":"","background-media":"","overlay-type":"","overlay-color":"","overlay-opacity":"","overlay-gradient":""},"mobile":{"background-color":"","background-image":"","background-repeat":"repeat","background-position":"center center","background-size":"auto","background-attachment":"scroll","background-type":"","background-media":"","overlay-type":"","overlay-color":"","overlay-opacity":"","overlay-gradient":""}},"ast-content-background-meta":{"desktop":{"background-color":"var(--ast-global-color-5)","background-image":"","background-repeat":"repeat","background-position":"center center","background-size":"auto","background-attachment":"scroll","background-type":"","background-media":"","overlay-type":"","overlay-color":"","overlay-opacity":"","overlay-gradient":""},"tablet":{"background-color":"var(--ast-global-color-5)","background-image":"","background-repeat":"repeat","background-position":"center center","background-size":"auto","background-attachment":"scroll","background-type":"","background-media":"","overlay-type":"","overlay-color":"","overlay-opacity":"","overlay-gradient":""},"mobile":{"background-color":"var(--ast-global-color-5)","background-image":"","background-repeat":"repeat","background-position":"center center","background-size":"auto","background-attachment":"scroll","background-type":"","background-media":"","overlay-type":"","overlay-color":"","overlay-opacity":"","overlay-gradient":""}},"footnotes":""},"categories":[282,262],"tags":[250,658,1419,217,385,384],"class_list":["post-14567","post","type-post","status-publish","format-standard","has-post-thumbnail","hentry","category-actualitat","category-escoles-verdes","tag-ciencia","tag-ciencia-ciutadana","tag-emergencia-climatica","tag-experimentacio","tag-recerca","tag-steam"],"post_mailing_queue_ids":[],"_links":{"self":[{"href":"https:\/\/serveiseducatius.xtec.cat\/altcamp\/wp-json\/wp\/v2\/posts\/14567","targetHints":{"allow":["GET"]}}],"collection":[{"href":"https:\/\/serveiseducatius.xtec.cat\/altcamp\/wp-json\/wp\/v2\/posts"}],"about":[{"href":"https:\/\/serveiseducatius.xtec.cat\/altcamp\/wp-json\/wp\/v2\/types\/post"}],"author":[{"embeddable":true,"href":"https:\/\/serveiseducatius.xtec.cat\/altcamp\/wp-json\/wp\/v2\/users\/4"}],"replies":[{"embeddable":true,"href":"https:\/\/serveiseducatius.xtec.cat\/altcamp\/wp-json\/wp\/v2\/comments?post=14567"}],"version-history":[{"count":2,"href":"https:\/\/serveiseducatius.xtec.cat\/altcamp\/wp-json\/wp\/v2\/posts\/14567\/revisions"}],"predecessor-version":[{"id":14571,"href":"https:\/\/serveiseducatius.xtec.cat\/altcamp\/wp-json\/wp\/v2\/posts\/14567\/revisions\/14571"}],"wp:featuredmedia":[{"embeddable":true,"href":"https:\/\/serveiseducatius.xtec.cat\/altcamp\/wp-json\/wp\/v2\/media\/14569"}],"wp:attachment":[{"href":"https:\/\/serveiseducatius.xtec.cat\/altcamp\/wp-json\/wp\/v2\/media?parent=14567"}],"wp:term":[{"taxonomy":"category","embeddable":true,"href":"https:\/\/serveiseducatius.xtec.cat\/altcamp\/wp-json\/wp\/v2\/categories?post=14567"},{"taxonomy":"post_tag","embeddable":true,"href":"https:\/\/serveiseducatius.xtec.cat\/altcamp\/wp-json\/wp\/v2\/tags?post=14567"}],"curies":[{"name":"wp","href":"https:\/\/api.w.org\/{rel}","templated":true}]}}