{"id":14516,"date":"2023-10-05T11:44:12","date_gmt":"2023-10-05T09:44:12","guid":{"rendered":"https:\/\/serveiseducatius.xtec.cat\/altcamp\/?p=14516"},"modified":"2023-10-05T11:44:12","modified_gmt":"2023-10-05T09:44:12","slug":"28a-edicio-de-la-setmana-de-la-ciencia","status":"publish","type":"post","link":"https:\/\/serveiseducatius.xtec.cat\/altcamp\/general\/28a-edicio-de-la-setmana-de-la-ciencia\/","title":{"rendered":"28a edici\u00f3 de la Setmana de la Ci\u00e8ncia"},"content":{"rendered":"<p class=\"gmail_attr\" dir=\"ltr\">La Fundaci\u00f3 Catalana per a la Recerca i la Innovaci\u00f3 (FCRI), amb el suport del Departament d&#8217;Educaci\u00f3, organitza la<strong> 28a edici\u00f3 de la Setmana de la Ci\u00e8ncia<\/strong>, que se celebrar\u00e0 <strong>del 10 al 19 de novembre<\/strong>, arreu de Catalunya.<\/p>\n<div dir=\"ltr\">\n<p dir=\"ltr\">L&#8217;activitat &#8220;<strong>La ci\u00e8ncia en primera persona<\/strong>&#8221; que es celebrar\u00e0 el dia <strong>15 de novembre<\/strong> al mat\u00ed s&#8217;emmarca en la Setmana de la Ci\u00e8ncia,\u00a0 amb la finalitat del foment de les vocacions cient\u00edfiques i tecnol\u00f2giques entre l&#8217;alumnat del nostre pa\u00eds, pretenent apropar els i les cient\u00edfiques als instituts.<\/p>\n<p dir=\"ltr\">Seguint la bona acollida de l\u2019edici\u00f3 passada, enguany es mant\u00e9 la<strong> modalitat virtual<\/strong> i hi poden participar tots els centres de secund\u00e0ria.<\/p>\n<p dir=\"ltr\">L\u2019activitat es fonamenta en tres parts:<\/p>\n<p dir=\"ltr\">1. Edici\u00f3 d\u2019un v\u00eddeo, d\u2019una durada d\u2019uns 5-10 minuts on es llen\u00e7a tamb\u00e9 una proposta o un repte.<\/p>\n<p dir=\"ltr\">2. Aquest v\u00eddeo el visualitzar\u00e0 l\u2019alumnat en hores lectives juntament amb els seus professors\/es. L\u2019alumnat ens faran arribar imatge del repte aconseguit (5 fotografies m\u00e0xim per grup) aix\u00ed com les preguntes que volen formular als\/a les cient\u00edfics\/ques (3 preguntes m\u00e0xim per grup).<\/p>\n<p dir=\"ltr\">3. El dia <b>15<\/b> de novembre al mat\u00ed, retransmissi\u00f3 en directe pel canal youtube de cadascun dels cient\u00edfics\/ques.<\/p>\n<p dir=\"ltr\">L\u2019activitat adre\u00e7ada a l\u2019alumnat de 3r i 4t d\u2019ESO va a c\u00e0rrec de cient\u00edfics\/ques que es dediquen a la investigaci\u00f3 i que expliquen la seva tasca, tant des del vessant cient\u00edfic com del vessant hum\u00e0.<\/p>\n<p dir=\"ltr\">Les 4 sessions es celebren en els seg\u00fcents horaris:<\/p>\n<p dir=\"ltr\"><span style=\"font-family: arial, sans-serif;\">9.30h: Microgravetat. Jos\u00e9 Ignacio Rojas, divisi\u00f3 d&#8217;Enginyeria Aeroespacial del Departament de F\u00edsica de la UPC, i investigador de l&#8217;Escola d&#8217;Enginyeria de Telecomunicaci\u00f3 i Aeroespacial de Castelldefels<br \/>\n10.30h: Nanotecnologia. Jordi D\u00edaz, professor de Qu\u00edmica al Departament de Materials, i t\u00e8cnic a la Unitat de T\u00e8cniques Nanom\u00e8triques dels Centres Cient\u00edfics i Tecnol\u00f2gics, de la Universitat de Barcelona.<br \/>\n11.30h. Espai. N\u00faria Jar, Hypatia periodista especialitzada en ci\u00e8ncia i salut i membre de la tripulaci\u00f3 Hypatia<br \/>\n12.30h. Meteorologia: Eloi Cordom\u00ed, f\u00edsic i meteor\u00f2leg a Televisi\u00f3 de Catalunya.<\/span><\/p>\n<p dir=\"ltr\"><strong>Inscripci\u00f3 fins el 16 d&#8217;octubre<\/strong><\/p>\n<p dir=\"ltr\">Els centres que ho desitgin podran participar en directe el mateix dia 1<span class=\"gmail_default\">5<\/span> de novembre, podran enviar els <b>reptes i les preguntes<\/b> als cient\u00edfics per a qu\u00e8 les comentin en directe abans del:\u00a05 de novembre<\/p>\n<p dir=\"ltr\"><a href=\"https:\/\/docs.google.com\/forms\/d\/e\/1FAIpQLScYfnM3iR5VPoo-YiIh5Wzp7feY3tU1fqd6ornj6RwZWm-URw\/viewform?usp=sf_link\" target=\"_blank\" rel=\"noopener\" data-saferedirecturl=\"https:\/\/www.google.com\/url?q=https:\/\/docs.google.com\/forms\/d\/e\/1FAIpQLScYfnM3iR5VPoo-YiIh5Wzp7feY3tU1fqd6ornj6RwZWm-URw\/viewform?usp%3Dsf_link&amp;source=gmail&amp;ust=1696575983072000&amp;usg=AOvVaw3xUAhsc1V6HGJ9rzkRfi5z\">Formulari d\u2019enviament dels reptes i preguntes als cient\u00edfics<\/a><\/p>\n<p dir=\"ltr\">M\u00e9s informaci\u00f3 detallada a<a href=\"http:\/\/www.setmanaciencia.cat\/\" target=\"_blank\" rel=\"noopener\" data-saferedirecturl=\"https:\/\/www.google.com\/url?q=http:\/\/www.setmanaciencia.cat\/&amp;source=gmail&amp;ust=1696575983072000&amp;usg=AOvVaw2_DaI2z3MuQ162dfL-Ypjs\"> www.setmanaciencia.cat<\/a><\/p>\n<\/div>\n","protected":false},"excerpt":{"rendered":"<p>La Fundaci\u00f3 Catalana per a la Recerca i la Innovaci\u00f3 (FCRI), amb el suport del Departament d&#8217;Educaci\u00f3, organitza la 28a edici\u00f3 de la Setmana de la Ci\u00e8ncia, que se celebrar\u00e0 del 10 al 19 de novembre, arreu de Catalunya. L&#8217;activitat &#8220;La ci\u00e8ncia en primera persona&#8221; que es celebrar\u00e0 el dia 15 de novembre al mat\u00ed [&hellip;]<\/p>\n","protected":false},"author":4,"featured_media":14517,"comment_status":"closed","ping_status":"closed","sticky":false,"template":"","format":"standard","meta":{"_bbp_topic_count":0,"_bbp_reply_count":0,"_bbp_total_topic_count":0,"_bbp_total_reply_count":0,"_bbp_voice_count":0,"_bbp_anonymous_reply_count":0,"_bbp_topic_count_hidden":0,"_bbp_reply_count_hidden":0,"_bbp_forum_subforum_count":0,"site-sidebar-layout":"default","site-content-layout":"","ast-site-content-layout":"","site-content-style":"default","site-sidebar-style":"default","ast-global-header-display":"","ast-banner-title-visibility":"","ast-main-header-display":"","ast-hfb-above-header-display":"","ast-hfb-below-header-display":"","ast-hfb-mobile-header-display":"","site-post-title":"","ast-breadcrumbs-content":"","ast-featured-img":"","footer-sml-layout":"","theme-transparent-header-meta":"","adv-header-id-meta":"","stick-header-meta":"","header-above-stick-meta":"","header-main-stick-meta":"","header-below-stick-meta":"","astra-migrate-meta-layouts":"default","ast-page-background-enabled":"default","ast-page-background-meta":{"desktop":{"background-color":"var(--ast-global-color-4)","background-image":"","background-repeat":"repeat","background-position":"center center","background-size":"auto","background-attachment":"scroll","background-type":"","background-media":"","overlay-type":"","overlay-color":"","overlay-opacity":"","overlay-gradient":""},"tablet":{"background-color":"","background-image":"","background-repeat":"repeat","background-position":"center center","background-size":"auto","background-attachment":"scroll","background-type":"","background-media":"","overlay-type":"","overlay-color":"","overlay-opacity":"","overlay-gradient":""},"mobile":{"background-color":"","background-image":"","background-repeat":"repeat","background-position":"center center","background-size":"auto","background-attachment":"scroll","background-type":"","background-media":"","overlay-type":"","overlay-color":"","overlay-opacity":"","overlay-gradient":""}},"ast-content-background-meta":{"desktop":{"background-color":"var(--ast-global-color-5)","background-image":"","background-repeat":"repeat","background-position":"center center","background-size":"auto","background-attachment":"scroll","background-type":"","background-media":"","overlay-type":"","overlay-color":"","overlay-opacity":"","overlay-gradient":""},"tablet":{"background-color":"var(--ast-global-color-5)","background-image":"","background-repeat":"repeat","background-position":"center center","background-size":"auto","background-attachment":"scroll","background-type":"","background-media":"","overlay-type":"","overlay-color":"","overlay-opacity":"","overlay-gradient":""},"mobile":{"background-color":"var(--ast-global-color-5)","background-image":"","background-repeat":"repeat","background-position":"center center","background-size":"auto","background-attachment":"scroll","background-type":"","background-media":"","overlay-type":"","overlay-color":"","overlay-opacity":"","overlay-gradient":""}},"footnotes":""},"categories":[282,1],"tags":[250,352,386,571],"class_list":["post-14516","post","type-post","status-publish","format-standard","has-post-thumbnail","hentry","category-actualitat","category-general","tag-ciencia","tag-dia-de-la-ciencia","tag-divulgacio-cientifica","tag-setmana-de-la-ciencia"],"post_mailing_queue_ids":[],"_links":{"self":[{"href":"https:\/\/serveiseducatius.xtec.cat\/altcamp\/wp-json\/wp\/v2\/posts\/14516","targetHints":{"allow":["GET"]}}],"collection":[{"href":"https:\/\/serveiseducatius.xtec.cat\/altcamp\/wp-json\/wp\/v2\/posts"}],"about":[{"href":"https:\/\/serveiseducatius.xtec.cat\/altcamp\/wp-json\/wp\/v2\/types\/post"}],"author":[{"embeddable":true,"href":"https:\/\/serveiseducatius.xtec.cat\/altcamp\/wp-json\/wp\/v2\/users\/4"}],"replies":[{"embeddable":true,"href":"https:\/\/serveiseducatius.xtec.cat\/altcamp\/wp-json\/wp\/v2\/comments?post=14516"}],"version-history":[{"count":1,"href":"https:\/\/serveiseducatius.xtec.cat\/altcamp\/wp-json\/wp\/v2\/posts\/14516\/revisions"}],"predecessor-version":[{"id":14518,"href":"https:\/\/serveiseducatius.xtec.cat\/altcamp\/wp-json\/wp\/v2\/posts\/14516\/revisions\/14518"}],"wp:featuredmedia":[{"embeddable":true,"href":"https:\/\/serveiseducatius.xtec.cat\/altcamp\/wp-json\/wp\/v2\/media\/14517"}],"wp:attachment":[{"href":"https:\/\/serveiseducatius.xtec.cat\/altcamp\/wp-json\/wp\/v2\/media?parent=14516"}],"wp:term":[{"taxonomy":"category","embeddable":true,"href":"https:\/\/serveiseducatius.xtec.cat\/altcamp\/wp-json\/wp\/v2\/categories?post=14516"},{"taxonomy":"post_tag","embeddable":true,"href":"https:\/\/serveiseducatius.xtec.cat\/altcamp\/wp-json\/wp\/v2\/tags?post=14516"}],"curies":[{"name":"wp","href":"https:\/\/api.w.org\/{rel}","templated":true}]}}