{"id":14472,"date":"2023-09-27T13:55:30","date_gmt":"2023-09-27T11:55:30","guid":{"rendered":"https:\/\/serveiseducatius.xtec.cat\/altcamp\/?p=14472"},"modified":"2023-09-27T13:55:30","modified_gmt":"2023-09-27T11:55:30","slug":"propostes-i-recursos-per-promoure-leducacio-per-la-pau","status":"publish","type":"post","link":"https:\/\/serveiseducatius.xtec.cat\/altcamp\/actualitat\/propostes-i-recursos-per-promoure-leducacio-per-la-pau\/","title":{"rendered":"Propostes i recursos per promoure l&#8217;educaci\u00f3 per la pau"},"content":{"rendered":"<p>L\u2019<a href=\"https:\/\/escolapau.uab.cat\/\" target=\"_blank\" rel=\"noopener\">Escola de Cultura de Pau<\/a> ha realitzat la infografia \u201c<a href=\"https:\/\/escolapau.uab.cat\/img\/programas\/educacion\/In_CentreEducatiu.pdf\" target=\"_blank\" rel=\"noopener\"><strong>Un centre educatiu comprom\u00e8s amb educar per la pau<\/strong><\/a>\u201d. La infografia incorpora<strong> 25 propostes i 46 recursos per promoure l\u2019educaci\u00f3 per la pau, des de nivell personal, d\u2019aula, de centre i de comunitat, pa\u00eds i el m\u00f3n<\/strong><\/p>\n<p>&nbsp;<\/p>\n<p>Podeu accedir als recursos a trav\u00e9s del document en pdf que trobareu\u00a0<a href=\"https:\/\/escolapau.uab.cat\/img\/programas\/educacion\/In_CentreEducatiu.pdf\" target=\"_blank\" rel=\"noopener\">aqu\u00ed.<\/a><\/p>\n<p><a href=\"https:\/\/escolapau.uab.cat\/img\/programas\/educacion\/In_CentreEducatiu.pdf\" target=\"_blank\" rel=\"noopener\"><img loading=\"lazy\" decoding=\"async\" class=\"aligncenter wp-image-14474 size-full\" src=\"https:\/\/serveiseducatius.xtec.cat\/altcamp\/wp-content\/uploads\/usu1130\/2023\/09\/escola-de-cultura-de-pau2.png\" alt=\"\" width=\"559\" height=\"676\" srcset=\"https:\/\/serveiseducatius.xtec.cat\/altcamp\/wp-content\/uploads\/usu1130\/2023\/09\/escola-de-cultura-de-pau2.png 559w, https:\/\/serveiseducatius.xtec.cat\/altcamp\/wp-content\/uploads\/usu1130\/2023\/09\/escola-de-cultura-de-pau2-248x300.png 248w\" sizes=\"auto, (max-width: 559px) 100vw, 559px\" \/><\/a><\/p>\n","protected":false},"excerpt":{"rendered":"<p>L\u2019Escola de Cultura de Pau ha realitzat la infografia \u201cUn centre educatiu comprom\u00e8s amb educar per la pau\u201d. La infografia incorpora 25 propostes i 46 recursos per promoure l\u2019educaci\u00f3 per la pau, des de nivell personal, d\u2019aula, de centre i de comunitat, pa\u00eds i el m\u00f3n &nbsp; Podeu accedir als recursos a trav\u00e9s del document [&hellip;]<\/p>\n","protected":false},"author":4,"featured_media":14473,"comment_status":"closed","ping_status":"closed","sticky":false,"template":"","format":"standard","meta":{"_bbp_topic_count":0,"_bbp_reply_count":0,"_bbp_total_topic_count":0,"_bbp_total_reply_count":0,"_bbp_voice_count":0,"_bbp_anonymous_reply_count":0,"_bbp_topic_count_hidden":0,"_bbp_reply_count_hidden":0,"_bbp_forum_subforum_count":0,"site-sidebar-layout":"default","site-content-layout":"","ast-site-content-layout":"","site-content-style":"default","site-sidebar-style":"default","ast-global-header-display":"","ast-banner-title-visibility":"","ast-main-header-display":"","ast-hfb-above-header-display":"","ast-hfb-below-header-display":"","ast-hfb-mobile-header-display":"","site-post-title":"","ast-breadcrumbs-content":"","ast-featured-img":"","footer-sml-layout":"","theme-transparent-header-meta":"","adv-header-id-meta":"","stick-header-meta":"","header-above-stick-meta":"","header-main-stick-meta":"","header-below-stick-meta":"","astra-migrate-meta-layouts":"default","ast-page-background-enabled":"default","ast-page-background-meta":{"desktop":{"background-color":"var(--ast-global-color-4)","background-image":"","background-repeat":"repeat","background-position":"center center","background-size":"auto","background-attachment":"scroll","background-type":"","background-media":"","overlay-type":"","overlay-color":"","overlay-opacity":"","overlay-gradient":""},"tablet":{"background-color":"","background-image":"","background-repeat":"repeat","background-position":"center center","background-size":"auto","background-attachment":"scroll","background-type":"","background-media":"","overlay-type":"","overlay-color":"","overlay-opacity":"","overlay-gradient":""},"mobile":{"background-color":"","background-image":"","background-repeat":"repeat","background-position":"center center","background-size":"auto","background-attachment":"scroll","background-type":"","background-media":"","overlay-type":"","overlay-color":"","overlay-opacity":"","overlay-gradient":""}},"ast-content-background-meta":{"desktop":{"background-color":"var(--ast-global-color-5)","background-image":"","background-repeat":"repeat","background-position":"center center","background-size":"auto","background-attachment":"scroll","background-type":"","background-media":"","overlay-type":"","overlay-color":"","overlay-opacity":"","overlay-gradient":""},"tablet":{"background-color":"var(--ast-global-color-5)","background-image":"","background-repeat":"repeat","background-position":"center center","background-size":"auto","background-attachment":"scroll","background-type":"","background-media":"","overlay-type":"","overlay-color":"","overlay-opacity":"","overlay-gradient":""},"mobile":{"background-color":"var(--ast-global-color-5)","background-image":"","background-repeat":"repeat","background-position":"center center","background-size":"auto","background-attachment":"scroll","background-type":"","background-media":"","overlay-type":"","overlay-color":"","overlay-opacity":"","overlay-gradient":""}},"footnotes":""},"categories":[282,287],"tags":[566,1394,883,568,333],"class_list":["post-14472","post","type-post","status-publish","format-standard","has-post-thumbnail","hentry","category-actualitat","category-recomanem","tag-centres-educatius","tag-educacio-per-la-pau","tag-guerres","tag-pau","tag-valors"],"post_mailing_queue_ids":[],"_links":{"self":[{"href":"https:\/\/serveiseducatius.xtec.cat\/altcamp\/wp-json\/wp\/v2\/posts\/14472","targetHints":{"allow":["GET"]}}],"collection":[{"href":"https:\/\/serveiseducatius.xtec.cat\/altcamp\/wp-json\/wp\/v2\/posts"}],"about":[{"href":"https:\/\/serveiseducatius.xtec.cat\/altcamp\/wp-json\/wp\/v2\/types\/post"}],"author":[{"embeddable":true,"href":"https:\/\/serveiseducatius.xtec.cat\/altcamp\/wp-json\/wp\/v2\/users\/4"}],"replies":[{"embeddable":true,"href":"https:\/\/serveiseducatius.xtec.cat\/altcamp\/wp-json\/wp\/v2\/comments?post=14472"}],"version-history":[{"count":1,"href":"https:\/\/serveiseducatius.xtec.cat\/altcamp\/wp-json\/wp\/v2\/posts\/14472\/revisions"}],"predecessor-version":[{"id":14475,"href":"https:\/\/serveiseducatius.xtec.cat\/altcamp\/wp-json\/wp\/v2\/posts\/14472\/revisions\/14475"}],"wp:featuredmedia":[{"embeddable":true,"href":"https:\/\/serveiseducatius.xtec.cat\/altcamp\/wp-json\/wp\/v2\/media\/14473"}],"wp:attachment":[{"href":"https:\/\/serveiseducatius.xtec.cat\/altcamp\/wp-json\/wp\/v2\/media?parent=14472"}],"wp:term":[{"taxonomy":"category","embeddable":true,"href":"https:\/\/serveiseducatius.xtec.cat\/altcamp\/wp-json\/wp\/v2\/categories?post=14472"},{"taxonomy":"post_tag","embeddable":true,"href":"https:\/\/serveiseducatius.xtec.cat\/altcamp\/wp-json\/wp\/v2\/tags?post=14472"}],"curies":[{"name":"wp","href":"https:\/\/api.w.org\/{rel}","templated":true}]}}