{"id":14351,"date":"2023-09-05T12:45:59","date_gmt":"2023-09-05T10:45:59","guid":{"rendered":"https:\/\/serveiseducatius.xtec.cat\/altcamp\/?p=14351"},"modified":"2023-09-05T12:49:04","modified_gmt":"2023-09-05T10:49:04","slug":"recursos-i-actualitat-del-crp-alt-camp","status":"publish","type":"post","link":"https:\/\/serveiseducatius.xtec.cat\/altcamp\/actualitat\/recursos-i-actualitat-del-crp-alt-camp\/","title":{"rendered":"Recursos i actualitat del CRP Alt Camp"},"content":{"rendered":"<p>Reprenem l\u2019activitat al nodes del Servei Educatiu<\/p>\n<p><strong>A l&#8217;apartat <\/strong><strong><a href=\"https:\/\/serveiseducatius.xtec.cat\/altcamp\/categoria\/recursos\/recomanem\/\">Recomanem<\/a> de<\/strong>l <a href=\"https:\/\/www.google.com\/url?q=https%3A%2F%2Fserveiseducatius.xtec.cat%2Faltcamp%2Fcategoria%2Fdinamitzacio%2Fescoles-verdes%2F&amp;sa=D&amp;sntz=1&amp;usg=AFQjCNE4Lrfzeu1ssa5OJm5Vx0Ybuf05Vg\"><strong>NODES<\/strong><\/a> del Servei Educatiu trobareu <strong>recursos en l\u00ednia actuals<\/strong> de diferents mat\u00e8ries i tem\u00e0tiques educatives.<\/p>\n<p>(<a href=\"https:\/\/serveiseducatius.xtec.cat\/altcamp\/?s=coeducaci%C3%B3\">Coeducaci\u00f3<\/a>, <a href=\"https:\/\/serveiseducatius.xtec.cat\/altcamp\/?s=feminisme\">feminisme<\/a>, <a href=\"https:\/\/serveiseducatius.xtec.cat\/altcamp\/?s=sostenibilitat\">sostenibilitat<\/a>, <a href=\"https:\/\/serveiseducatius.xtec.cat\/altcamp\/tag\/neuromites\/\">neuromites<\/a>, <a href=\"https:\/\/serveiseducatius.xtec.cat\/altcamp\/?s=pseudoci%C3%A8ncies\">pseudoci\u00e8ncies<\/a>, <a href=\"https:\/\/serveiseducatius.xtec.cat\/altcamp\/tag\/pseudopedagogies\/\">pseudopedagogies<\/a>, <a href=\"https:\/\/serveiseducatius.xtec.cat\/altcamp\/tag\/coaching\/\">coaching<\/a>, <a href=\"https:\/\/serveiseducatius.xtec.cat\/altcamp\/tag\/mindfulness\/\">mindfulness<\/a>, <a href=\"https:\/\/serveiseducatius.xtec.cat\/altcamp\/?s=fam%C3%ADlies\">fam\u00edlies<\/a>, <a href=\"https:\/\/serveiseducatius.xtec.cat\/altcamp\/?s=salut\">salut<\/a>, <a href=\"https:\/\/serveiseducatius.xtec.cat\/altcamp\/?s=adolesc%C3%A8ncia\">adolesc\u00e8ncia<\/a>, <a href=\"https:\/\/serveiseducatius.xtec.cat\/altcamp\/?s=inf%C3%A0ncia\">inf\u00e0ncia<\/a>, <a href=\"https:\/\/serveiseducatius.xtec.cat\/altcamp\/?s=assetjament\">assetjament<\/a>, <a href=\"https:\/\/serveiseducatius.xtec.cat\/altcamp\/?s=racisme\">racisme<\/a>, <a href=\"https:\/\/serveiseducatius.xtec.cat\/altcamp\/tag\/inclusio\/\">inclusi\u00f3<\/a>, <a href=\"https:\/\/serveiseducatius.xtec.cat\/altcamp\/?s=protecci%C3%B3+de+dades\">protecci\u00f3 de dades<\/a>, <a href=\"https:\/\/serveiseducatius.xtec.cat\/altcamp\/?s=sexualitat\">sexualitat<\/a>, <a href=\"https:\/\/serveiseducatius.xtec.cat\/altcamp\/?s=grassof%C3%B2bia\">grassof\u00f2bia<\/a>, <a href=\"https:\/\/serveiseducatius.xtec.cat\/altcamp\/tag\/pensament-critic\/\">pensament cr\u00edtic<\/a>, <a href=\"https:\/\/serveiseducatius.xtec.cat\/altcamp\/?s=digital\">cultura digital<\/a>, <a href=\"https:\/\/serveiseducatius.xtec.cat\/altcamp\/?s=patis\">patis<\/a>, <a href=\"https:\/\/serveiseducatius.xtec.cat\/altcamp\/tag\/educacio-emocional\/\">educaci\u00f3 emocional<\/a>, etc.)<\/p>\n<p><a href=\"https:\/\/serveiseducatius.xtec.cat\/altcamp\/categoria\/recursos\/recomanem\/\" target=\"_blank\" rel=\"noopener\"><img loading=\"lazy\" decoding=\"async\" class=\"alignnone wp-image-14352 size-full\" src=\"https:\/\/serveiseducatius.xtec.cat\/altcamp\/wp-content\/uploads\/usu1130\/2023\/09\/recursos.jpg\" alt=\"\" width=\"800\" height=\"100\" srcset=\"https:\/\/serveiseducatius.xtec.cat\/altcamp\/wp-content\/uploads\/usu1130\/2023\/09\/recursos.jpg 800w, https:\/\/serveiseducatius.xtec.cat\/altcamp\/wp-content\/uploads\/usu1130\/2023\/09\/recursos-300x38.jpg 300w, https:\/\/serveiseducatius.xtec.cat\/altcamp\/wp-content\/uploads\/usu1130\/2023\/09\/recursos-768x96.jpg 768w\" sizes=\"auto, (max-width: 800px) 100vw, 800px\" \/><\/a><\/p>\n<p>Cada setmana anirem incorporant nous recursos i en farem difusi\u00f3 a trav\u00e9s de les nostres xarxes.<\/p>\n<p><a href=\"https:\/\/twitter.com\/CRP_AltCamp\" target=\"_blank\" rel=\"noopener\"><strong>Twitter<\/strong><\/a>\/<a href=\"https:\/\/www.instagram.com\/crpaltcamp\/\" target=\"_blank\" rel=\"noopener\"><strong>Instagram<\/strong><\/a>\/<a href=\"https:\/\/www.facebook.com\/AltCamp.CRP\/\" target=\"_blank\" rel=\"noopener\"><strong>Facebook<\/strong><\/a><\/p>\n<p><a href=\"https:\/\/sites.google.com\/a\/xtec.cat\/maletes\/\" target=\"_blank\" rel=\"noopener\"><img loading=\"lazy\" decoding=\"async\" class=\"alignnone wp-image-14353 size-full\" src=\"https:\/\/serveiseducatius.xtec.cat\/altcamp\/wp-content\/uploads\/usu1130\/2023\/09\/maletes.jpg\" alt=\"\" width=\"800\" height=\"100\" srcset=\"https:\/\/serveiseducatius.xtec.cat\/altcamp\/wp-content\/uploads\/usu1130\/2023\/09\/maletes.jpg 800w, https:\/\/serveiseducatius.xtec.cat\/altcamp\/wp-content\/uploads\/usu1130\/2023\/09\/maletes-300x38.jpg 300w, https:\/\/serveiseducatius.xtec.cat\/altcamp\/wp-content\/uploads\/usu1130\/2023\/09\/maletes-768x96.jpg 768w\" sizes=\"auto, (max-width: 800px) 100vw, 800px\" \/><\/a><\/p>\n<p>Al CRP teniu a la vostra disposici\u00f3, en servei de pr\u00e9stec,<a href=\"https:\/\/sites.google.com\/a\/xtec.cat\/maletes\/\"> maletes de recursos<\/a> per treballar diferents tem\u00e0tiques: addiccions, aigua, angl\u00e8s, beebots, cinema, coeducaci\u00f3, educaci\u00f3 afectiva i sexual, educaci\u00f3 emocional, expressart, f\u00f2ssils, hort, lectura (\u00e0lbums il\u00b7lustrats), ocells, prehist\u00f2ria, sobirania aliment\u00e0ria, tauletes i teatre. A la p\u00e0gina <a href=\"https:\/\/sites.google.com\/a\/xtec.cat\/maletes\/\">web de les maletes<\/a> trobareu la relaci\u00f3 de materials que cont\u00e9 cada maleta i un recull de recursos en l\u00ednia de cada \u00e0mbit tem\u00e0tic.\u00a0 Podeu fer les reserves enviant un correu o trucant al CRP.<\/p>\n<p><a href=\"https:\/\/serveiseducatius.xtec.cat\/altcamp\/categoria\/actualitat\/\" target=\"_blank\" rel=\"noopener\"><img loading=\"lazy\" decoding=\"async\" class=\"alignnone wp-image-14355 size-full\" src=\"https:\/\/serveiseducatius.xtec.cat\/altcamp\/wp-content\/uploads\/usu1130\/2023\/09\/actualitat.jpg\" alt=\"\" width=\"800\" height=\"100\" srcset=\"https:\/\/serveiseducatius.xtec.cat\/altcamp\/wp-content\/uploads\/usu1130\/2023\/09\/actualitat.jpg 800w, https:\/\/serveiseducatius.xtec.cat\/altcamp\/wp-content\/uploads\/usu1130\/2023\/09\/actualitat-300x38.jpg 300w, https:\/\/serveiseducatius.xtec.cat\/altcamp\/wp-content\/uploads\/usu1130\/2023\/09\/actualitat-768x96.jpg 768w\" sizes=\"auto, (max-width: 800px) 100vw, 800px\" \/><\/a><\/p>\n<p><strong>A trav\u00e9s de les nostres xarxes socials (<a href=\"https:\/\/twitter.com\/CRP_AltCamp\" target=\"_blank\" rel=\"noopener\">Twitter<\/a>\/<a href=\"https:\/\/www.instagram.com\/crpaltcamp\/\" target=\"_blank\" rel=\"noopener\">Instagram<\/a>\/<a href=\"https:\/\/www.facebook.com\/AltCamp.CRP\/\" target=\"_blank\" rel=\"noopener\">Facebook<\/a>) i de la nostra p\u00e0gina de<\/strong><strong>\u00a0<\/strong><a href=\"https:\/\/serveiseducatius.xtec.cat\/altcamp\/categoria\/actualitat\/\"><strong>Nodes<\/strong><\/a><strong> us anirem informant de les novetats, convocat\u00f2ries, concursos, formacions, etc. i tamb\u00e9\u00a0de les darreres not\u00edcies i dels debats educatius d&#8217;actualitat.<\/strong><\/p>\n<p>Podeu contactar-nos per a qualsevol informaci\u00f3 o aclariment.<\/p>\n<p>Aprofitem per desitjar-vos un bon curs!<\/p>\n","protected":false},"excerpt":{"rendered":"<p>Reprenem l\u2019activitat al nodes del Servei Educatiu A l&#8217;apartat Recomanem del NODES del Servei Educatiu trobareu recursos en l\u00ednia actuals de diferents mat\u00e8ries i tem\u00e0tiques educatives. (Coeducaci\u00f3, feminisme, sostenibilitat, neuromites, pseudoci\u00e8ncies, pseudopedagogies, coaching, mindfulness, fam\u00edlies, salut, adolesc\u00e8ncia, inf\u00e0ncia, assetjament, racisme, inclusi\u00f3, protecci\u00f3 de dades, sexualitat, grassof\u00f2bia, pensament cr\u00edtic, cultura digital, patis, educaci\u00f3 emocional, etc.) Cada [&hellip;]<\/p>\n","protected":false},"author":4,"featured_media":14356,"comment_status":"closed","ping_status":"closed","sticky":false,"template":"","format":"standard","meta":{"_bbp_topic_count":0,"_bbp_reply_count":0,"_bbp_total_topic_count":0,"_bbp_total_reply_count":0,"_bbp_voice_count":0,"_bbp_anonymous_reply_count":0,"_bbp_topic_count_hidden":0,"_bbp_reply_count_hidden":0,"_bbp_forum_subforum_count":0,"site-sidebar-layout":"default","site-content-layout":"","ast-site-content-layout":"","site-content-style":"default","site-sidebar-style":"default","ast-global-header-display":"","ast-banner-title-visibility":"","ast-main-header-display":"","ast-hfb-above-header-display":"","ast-hfb-below-header-display":"","ast-hfb-mobile-header-display":"","site-post-title":"","ast-breadcrumbs-content":"","ast-featured-img":"","footer-sml-layout":"","theme-transparent-header-meta":"","adv-header-id-meta":"","stick-header-meta":"","header-above-stick-meta":"","header-main-stick-meta":"","header-below-stick-meta":"","astra-migrate-meta-layouts":"default","ast-page-background-enabled":"default","ast-page-background-meta":{"desktop":{"background-color":"var(--ast-global-color-4)","background-image":"","background-repeat":"repeat","background-position":"center center","background-size":"auto","background-attachment":"scroll","background-type":"","background-media":"","overlay-type":"","overlay-color":"","overlay-opacity":"","overlay-gradient":""},"tablet":{"background-color":"","background-image":"","background-repeat":"repeat","background-position":"center center","background-size":"auto","background-attachment":"scroll","background-type":"","background-media":"","overlay-type":"","overlay-color":"","overlay-opacity":"","overlay-gradient":""},"mobile":{"background-color":"","background-image":"","background-repeat":"repeat","background-position":"center center","background-size":"auto","background-attachment":"scroll","background-type":"","background-media":"","overlay-type":"","overlay-color":"","overlay-opacity":"","overlay-gradient":""}},"ast-content-background-meta":{"desktop":{"background-color":"var(--ast-global-color-5)","background-image":"","background-repeat":"repeat","background-position":"center center","background-size":"auto","background-attachment":"scroll","background-type":"","background-media":"","overlay-type":"","overlay-color":"","overlay-opacity":"","overlay-gradient":""},"tablet":{"background-color":"var(--ast-global-color-5)","background-image":"","background-repeat":"repeat","background-position":"center center","background-size":"auto","background-attachment":"scroll","background-type":"","background-media":"","overlay-type":"","overlay-color":"","overlay-opacity":"","overlay-gradient":""},"mobile":{"background-color":"var(--ast-global-color-5)","background-image":"","background-repeat":"repeat","background-position":"center center","background-size":"auto","background-attachment":"scroll","background-type":"","background-media":"","overlay-type":"","overlay-color":"","overlay-opacity":"","overlay-gradient":""}},"footnotes":""},"categories":[282,287],"tags":[430,283,681,431,507,629,285,1387],"class_list":["post-14351","post","type-post","status-publish","format-standard","has-post-thumbnail","hentry","category-actualitat","category-recomanem","tag-actualitat","tag-crp","tag-debats-educatius","tag-noticies","tag-recomanem","tag-recursos","tag-recursos-educatius","tag-servei-educatiu"],"post_mailing_queue_ids":[],"_links":{"self":[{"href":"https:\/\/serveiseducatius.xtec.cat\/altcamp\/wp-json\/wp\/v2\/posts\/14351","targetHints":{"allow":["GET"]}}],"collection":[{"href":"https:\/\/serveiseducatius.xtec.cat\/altcamp\/wp-json\/wp\/v2\/posts"}],"about":[{"href":"https:\/\/serveiseducatius.xtec.cat\/altcamp\/wp-json\/wp\/v2\/types\/post"}],"author":[{"embeddable":true,"href":"https:\/\/serveiseducatius.xtec.cat\/altcamp\/wp-json\/wp\/v2\/users\/4"}],"replies":[{"embeddable":true,"href":"https:\/\/serveiseducatius.xtec.cat\/altcamp\/wp-json\/wp\/v2\/comments?post=14351"}],"version-history":[{"count":3,"href":"https:\/\/serveiseducatius.xtec.cat\/altcamp\/wp-json\/wp\/v2\/posts\/14351\/revisions"}],"predecessor-version":[{"id":14359,"href":"https:\/\/serveiseducatius.xtec.cat\/altcamp\/wp-json\/wp\/v2\/posts\/14351\/revisions\/14359"}],"wp:featuredmedia":[{"embeddable":true,"href":"https:\/\/serveiseducatius.xtec.cat\/altcamp\/wp-json\/wp\/v2\/media\/14356"}],"wp:attachment":[{"href":"https:\/\/serveiseducatius.xtec.cat\/altcamp\/wp-json\/wp\/v2\/media?parent=14351"}],"wp:term":[{"taxonomy":"category","embeddable":true,"href":"https:\/\/serveiseducatius.xtec.cat\/altcamp\/wp-json\/wp\/v2\/categories?post=14351"},{"taxonomy":"post_tag","embeddable":true,"href":"https:\/\/serveiseducatius.xtec.cat\/altcamp\/wp-json\/wp\/v2\/tags?post=14351"}],"curies":[{"name":"wp","href":"https:\/\/api.w.org\/{rel}","templated":true}]}}