{"id":14145,"date":"2023-06-15T08:36:27","date_gmt":"2023-06-15T06:36:27","guid":{"rendered":"https:\/\/serveiseducatius.xtec.cat\/altcamp\/?p=14145"},"modified":"2023-06-15T08:37:18","modified_gmt":"2023-06-15T06:37:18","slug":"convocatoria-premi-escoles-verdes-2023","status":"publish","type":"post","link":"https:\/\/serveiseducatius.xtec.cat\/altcamp\/general\/convocatoria-premi-escoles-verdes-2023\/","title":{"rendered":"Convocat\u00f2ria Premi Escoles Verdes 2023"},"content":{"rendered":"<div class=\"basic_text_peq pd-15 link-dotted\">\n<p><a href=\"https:\/\/mediambient.gencat.cat\/ca\/detalls\/Noticies\/20230602-convoca-premi-ev-23\" target=\"_blank\" rel=\"noopener\"><img loading=\"lazy\" decoding=\"async\" class=\"wp-image-14146 size-full alignleft\" src=\"https:\/\/serveiseducatius.xtec.cat\/altcamp\/wp-content\/uploads\/usu1130\/2023\/06\/Prremi-escoles-verdes-23.jpg\" alt=\"\" width=\"450\" height=\"328\" srcset=\"https:\/\/serveiseducatius.xtec.cat\/altcamp\/wp-content\/uploads\/usu1130\/2023\/06\/Prremi-escoles-verdes-23.jpg 450w, https:\/\/serveiseducatius.xtec.cat\/altcamp\/wp-content\/uploads\/usu1130\/2023\/06\/Prremi-escoles-verdes-23-300x219.jpg 300w\" sizes=\"auto, (max-width: 450px) 100vw, 450px\" \/><\/a>La Generalitat ha publicat la convocat\u00f2ria del<a href=\"https:\/\/mediambient.gencat.cat\/ca\/detalls\/Noticies\/20230602-convoca-premi-ev-23\" target=\"_blank\" rel=\"noopener\"><strong> Premi Escoles Verdes<\/strong><\/a> per al 2023, que reconeix p\u00fablicament traject\u00f2ries i iniciatives exemplars d&#8217;educaci\u00f3 per a la sostenibilitat dutes a terme per centres educatius que disposen del distintiu d&#8217;escola verda atorgat per la Generalitat.<\/p>\n<p>El premi inclou tres categories diferents:<\/p>\n<ul>\n<li>En reconeixement a una<strong> traject\u00f2ria de millora continuada<\/strong> en el proc\u00e9s d&#8217;ambientalitzaci\u00f3 integral del centre i en la implicaci\u00f3 en la millora del seu entorn (3.000 euros de dotaci\u00f3).<\/li>\n<li>En reconeixement a una <strong>actuaci\u00f3 singular<\/strong>, dins o fora del centre educatiu, i que reculli el m\u00e0xim de contextos d&#8217;acci\u00f3 que promou el Programa escoles verdes: la participaci\u00f3 de tota la comunitat educativa, la gesti\u00f3 ambiental del centre, el curr\u00edculum i la difusi\u00f3 i la implicaci\u00f3 vers l&#8217;entorn (1.500 euros de dotaci\u00f3).<\/li>\n<li>En reconeixement a un <strong>treball en xarxa<\/strong>, realitzat conjuntament amb altres agents del territori (altres centres educatius o institucions o entitats), per a la millora ambiental dels diferents centres que participen en el projecte i del seu entorn (1.500 euros de dotaci\u00f3).El guard\u00f3, amb 6.000 euros de dotaci\u00f3 total, reconeix una traject\u00f2ria de millora continuada, una actuaci\u00f3 singular i un treball en xarxa, amb l\u2019objectiu de distingir iniciatives exemplars d&#8217;educaci\u00f3 per a la sostenibilitat dutes a terme per centres educatius que disposen del distintiu d&#8217;escola verda atorgat per la Generalitat<\/li>\n<\/ul>\n<p><strong>Termini presentaci\u00f3 de candidatures:<\/strong> 24 de juliol<\/p>\n<p><a href=\"https:\/\/mediambient.gencat.cat\/ca\/detalls\/Noticies\/20230602-convoca-premi-ev-23\" target=\"_blank\" rel=\"noopener\">Enlla\u00e7 a la convocat\u00f2ria<\/a><\/p>\n<\/div>\n","protected":false},"excerpt":{"rendered":"<p>La Generalitat ha publicat la convocat\u00f2ria del Premi Escoles Verdes per al 2023, que reconeix p\u00fablicament traject\u00f2ries i iniciatives exemplars d&#8217;educaci\u00f3 per a la sostenibilitat dutes a terme per centres educatius que disposen del distintiu d&#8217;escola verda atorgat per la Generalitat. El premi inclou tres categories diferents: En reconeixement a una traject\u00f2ria de millora continuada [&hellip;]<\/p>\n","protected":false},"author":4,"featured_media":14146,"comment_status":"closed","ping_status":"closed","sticky":false,"template":"","format":"standard","meta":{"_bbp_topic_count":0,"_bbp_reply_count":0,"_bbp_total_topic_count":0,"_bbp_total_reply_count":0,"_bbp_voice_count":0,"_bbp_anonymous_reply_count":0,"_bbp_topic_count_hidden":0,"_bbp_reply_count_hidden":0,"_bbp_forum_subforum_count":0,"site-sidebar-layout":"default","site-content-layout":"","ast-site-content-layout":"","site-content-style":"default","site-sidebar-style":"default","ast-global-header-display":"","ast-banner-title-visibility":"","ast-main-header-display":"","ast-hfb-above-header-display":"","ast-hfb-below-header-display":"","ast-hfb-mobile-header-display":"","site-post-title":"","ast-breadcrumbs-content":"","ast-featured-img":"","footer-sml-layout":"","theme-transparent-header-meta":"","adv-header-id-meta":"","stick-header-meta":"","header-above-stick-meta":"","header-main-stick-meta":"","header-below-stick-meta":"","astra-migrate-meta-layouts":"default","ast-page-background-enabled":"default","ast-page-background-meta":{"desktop":{"background-color":"var(--ast-global-color-4)","background-image":"","background-repeat":"repeat","background-position":"center center","background-size":"auto","background-attachment":"scroll","background-type":"","background-media":"","overlay-type":"","overlay-color":"","overlay-opacity":"","overlay-gradient":""},"tablet":{"background-color":"","background-image":"","background-repeat":"repeat","background-position":"center center","background-size":"auto","background-attachment":"scroll","background-type":"","background-media":"","overlay-type":"","overlay-color":"","overlay-opacity":"","overlay-gradient":""},"mobile":{"background-color":"","background-image":"","background-repeat":"repeat","background-position":"center center","background-size":"auto","background-attachment":"scroll","background-type":"","background-media":"","overlay-type":"","overlay-color":"","overlay-opacity":"","overlay-gradient":""}},"ast-content-background-meta":{"desktop":{"background-color":"var(--ast-global-color-5)","background-image":"","background-repeat":"repeat","background-position":"center center","background-size":"auto","background-attachment":"scroll","background-type":"","background-media":"","overlay-type":"","overlay-color":"","overlay-opacity":"","overlay-gradient":""},"tablet":{"background-color":"var(--ast-global-color-5)","background-image":"","background-repeat":"repeat","background-position":"center center","background-size":"auto","background-attachment":"scroll","background-type":"","background-media":"","overlay-type":"","overlay-color":"","overlay-opacity":"","overlay-gradient":""},"mobile":{"background-color":"var(--ast-global-color-5)","background-image":"","background-repeat":"repeat","background-position":"center center","background-size":"auto","background-attachment":"scroll","background-type":"","background-media":"","overlay-type":"","overlay-color":"","overlay-opacity":"","overlay-gradient":""}},"footnotes":""},"categories":[282,1],"tags":[486,403,284,341],"class_list":["post-14145","post","type-post","status-publish","format-standard","has-post-thumbnail","hentry","category-actualitat","category-general","tag-educacio-ambiental","tag-escoles-verdes","tag-premis","tag-sostenibilitat"],"post_mailing_queue_ids":[],"_links":{"self":[{"href":"https:\/\/serveiseducatius.xtec.cat\/altcamp\/wp-json\/wp\/v2\/posts\/14145","targetHints":{"allow":["GET"]}}],"collection":[{"href":"https:\/\/serveiseducatius.xtec.cat\/altcamp\/wp-json\/wp\/v2\/posts"}],"about":[{"href":"https:\/\/serveiseducatius.xtec.cat\/altcamp\/wp-json\/wp\/v2\/types\/post"}],"author":[{"embeddable":true,"href":"https:\/\/serveiseducatius.xtec.cat\/altcamp\/wp-json\/wp\/v2\/users\/4"}],"replies":[{"embeddable":true,"href":"https:\/\/serveiseducatius.xtec.cat\/altcamp\/wp-json\/wp\/v2\/comments?post=14145"}],"version-history":[{"count":2,"href":"https:\/\/serveiseducatius.xtec.cat\/altcamp\/wp-json\/wp\/v2\/posts\/14145\/revisions"}],"predecessor-version":[{"id":14148,"href":"https:\/\/serveiseducatius.xtec.cat\/altcamp\/wp-json\/wp\/v2\/posts\/14145\/revisions\/14148"}],"wp:featuredmedia":[{"embeddable":true,"href":"https:\/\/serveiseducatius.xtec.cat\/altcamp\/wp-json\/wp\/v2\/media\/14146"}],"wp:attachment":[{"href":"https:\/\/serveiseducatius.xtec.cat\/altcamp\/wp-json\/wp\/v2\/media?parent=14145"}],"wp:term":[{"taxonomy":"category","embeddable":true,"href":"https:\/\/serveiseducatius.xtec.cat\/altcamp\/wp-json\/wp\/v2\/categories?post=14145"},{"taxonomy":"post_tag","embeddable":true,"href":"https:\/\/serveiseducatius.xtec.cat\/altcamp\/wp-json\/wp\/v2\/tags?post=14145"}],"curies":[{"name":"wp","href":"https:\/\/api.w.org\/{rel}","templated":true}]}}