{"id":14100,"date":"2023-06-06T09:50:20","date_gmt":"2023-06-06T07:50:20","guid":{"rendered":"https:\/\/serveiseducatius.xtec.cat\/altcamp\/?p=14100"},"modified":"2023-06-06T09:50:20","modified_gmt":"2023-06-06T07:50:20","slug":"salvador-segui-el-noi-de-sucre","status":"publish","type":"post","link":"https:\/\/serveiseducatius.xtec.cat\/altcamp\/actualitat\/salvador-segui-el-noi-de-sucre\/","title":{"rendered":"Salvador Segu\u00ed, El Noi de Sucre"},"content":{"rendered":"<p style=\"text-align: center;\"><a href=\"https:\/\/junior-report.media\/ca\/salvador-segui\/\" target=\"_blank\" rel=\"noopener\"><img loading=\"lazy\" decoding=\"async\" class=\"alignnone wp-image-14101 size-full\" src=\"https:\/\/serveiseducatius.xtec.cat\/altcamp\/wp-content\/uploads\/usu1130\/2023\/06\/Salvador-Segui.jpg\" alt=\"\" width=\"664\" height=\"503\" srcset=\"https:\/\/serveiseducatius.xtec.cat\/altcamp\/wp-content\/uploads\/usu1130\/2023\/06\/Salvador-Segui.jpg 664w, https:\/\/serveiseducatius.xtec.cat\/altcamp\/wp-content\/uploads\/usu1130\/2023\/06\/Salvador-Segui-300x227.jpg 300w\" sizes=\"auto, (max-width: 664px) 100vw, 664px\" \/><\/a><\/p>\n<p>Enguany es commemora el <strong>centenari de la mort de Salvador Segu\u00ed<\/strong> (1886-1923), un dels principals l\u00edders sindicalistes de principis del s.XX a Catalunya. El <strong>moviment obrer<\/strong> defensava el dret a tenir unes <strong>condicions laborals justes, per\u00f2 tamb\u00e9 a poder accedir a la cultura, l\u2019educaci\u00f3 i a crear una xarxa de solidaritat entre treballadors i treballadores<\/strong>. Com va reaccionar la classe dirigent davant d\u2019aquestes reivindicacions? La figura del sindicalista catal\u00e0 ens permet con\u00e8ixer la realitat catalana de principis del segle XX i <strong>com la lluita obrera va influir en el panorama social, pol\u00edtic i econ\u00f2mic fins avui<\/strong>: des del creixement de la burgesia fins a la creaci\u00f3 dels primers sindicats i la transformaci\u00f3 impulsada per la industrialitzaci\u00f3.<\/p>\n<p>Aquesta<strong><a href=\"https:\/\/junior-report.media\/ca\/salvador-segui\/\" target=\"_blank\" rel=\"noopener\"> Unitat Did\u00e0ctica<\/a>, d\u2019acc\u00e9s gratu\u00eft<\/strong> i disponible en catal\u00e0, ha estat desenvolupada per <strong><a href=\"https:\/\/junior-report.media\/ca\/qui-era-salvador-segui\/\" target=\"_blank\" rel=\"noopener\">Junior Report<\/a><\/strong> amb la col\u00b7laboraci\u00f3 del Palau Robert amb ocasi\u00f3 de l\u2019exposici\u00f3 <em>Salvador Segu\u00ed, el Noi del Sucre<\/em>, que es podr\u00e0 visitar fins al 3 de setembre de 2023. La visita a l\u2019exposici\u00f3 \u00e9s gratu\u00efta i est\u00e0 disponible en catal\u00e0, castell\u00e0 i angl\u00e8s.<\/p>\n<p>Es planteja un recorregut per la vida i el llegat de Salvador Segu\u00ed, figura destacada a la hist\u00f2ria del moviment obrer a Catalunya durant el segle XX, amb un paper molt important en la lluita pels drets laborals.<\/p>\n<div>\n<p id=\"id__6nldxg1p8ej\" dir=\"auto\" lang=\"ca\" data-testid=\"tweetText\">La unitat did\u00e0ctica consta de 5 articles que expliquen quines s\u00f3n les principals caracter\u00edstiques del <strong>moviment obrer<\/strong>, com era Barcelona durant l\u2019\u00e8poca de la Gran Guerra o quins van ser els efectes de la industrialitzaci\u00f3 en la societatcatalana.<\/p>\n<p><a href=\"https:\/\/junior-report.media\/ca\/qui-era-salvador-segui\/\" target=\"_blank\" rel=\"noopener\">P\u00e0gina web de Junior Report<\/a><\/p>\n<\/div>\n<p><a href=\"https:\/\/junior-report.media\/ca\/qui-era-salvador-segui\/\" target=\"_blank\" rel=\"noopener\"><strong>Qui era Salvador Segu\u00ed?<\/strong><\/a><\/p>\n<p class=\"wp-block-heading\">El Palau Robert i Junior Report han elaborat una Unitat Did\u00e0ctica dedicada a la figura del sindicalista catal\u00e0, mort ara fa 100 anys.<\/p>\n<p>A finals del segle XIX i principis del segle XX, <strong>Catalunya<\/strong> viure un per\u00edode de<strong> transformaci\u00f3 social, pol\u00edtica i econ\u00f2mica<\/strong>. D\u2019una banda, la <strong>industrialitzaci\u00f3<\/strong> va impulsar l\u2019economia i va transformar una societat eminentment agr\u00edcola en una societat industrial. Milers de persones van abandonar el camp per comen\u00e7ar a treballar en<strong> f\u00e0briques a les ciutats<\/strong>.<\/p>\n<p>En un context tan convuls, la <strong>societat catalana<\/strong> tamb\u00e9 va viure canvis molt profunds. La <strong>burgesia<\/strong> es va enriquir amb el nou model industrial, mentre que els <strong>treballadors<\/strong> lluitaven per sobreviure en unes condicions molt prec\u00e0ries. Aquesta <strong>desigualtat<\/strong> va ser l\u2019origen del <strong>moviment obrer <\/strong>i del <strong>sindicalisme<\/strong>, que agrupava els treballadors per defensar els seus drets col\u00b7lectivament.<\/p>\n<p><strong>Salvador Segu\u00ed<\/strong> (1886-1923) va ser un dels principals l\u00edders intel\u00b7lectuals d\u2019aquest nou moviment, que defensava el dret a tenir unes<strong> condicions laborals justes <\/strong>(salari, jornada, condicions d\u2019higiene i seguretat), per\u00f2 tamb\u00e9 a poder <strong>accedir a la cultura, l\u2019educaci\u00f3<\/strong> i a crear una <strong>xarxa de solidaritat<\/strong> que els permet\u00e9s organitzar-se i donar-se suport. Aquestes reivindicacions van despertar el recel i la desconfian\u00e7a de les classes dirigents.<\/p>\n","protected":false},"excerpt":{"rendered":"<p>Enguany es commemora el centenari de la mort de Salvador Segu\u00ed (1886-1923), un dels principals l\u00edders sindicalistes de principis del s.XX a Catalunya. El moviment obrer defensava el dret a tenir unes condicions laborals justes, per\u00f2 tamb\u00e9 a poder accedir a la cultura, l\u2019educaci\u00f3 i a crear una xarxa de solidaritat entre treballadors i treballadores. [&hellip;]<\/p>\n","protected":false},"author":4,"featured_media":14101,"comment_status":"closed","ping_status":"closed","sticky":false,"template":"","format":"standard","meta":{"_bbp_topic_count":0,"_bbp_reply_count":0,"_bbp_total_topic_count":0,"_bbp_total_reply_count":0,"_bbp_voice_count":0,"_bbp_anonymous_reply_count":0,"_bbp_topic_count_hidden":0,"_bbp_reply_count_hidden":0,"_bbp_forum_subforum_count":0,"site-sidebar-layout":"default","site-content-layout":"","ast-site-content-layout":"","site-content-style":"default","site-sidebar-style":"default","ast-global-header-display":"","ast-banner-title-visibility":"","ast-main-header-display":"","ast-hfb-above-header-display":"","ast-hfb-below-header-display":"","ast-hfb-mobile-header-display":"","site-post-title":"","ast-breadcrumbs-content":"","ast-featured-img":"","footer-sml-layout":"","theme-transparent-header-meta":"","adv-header-id-meta":"","stick-header-meta":"","header-above-stick-meta":"","header-main-stick-meta":"","header-below-stick-meta":"","astra-migrate-meta-layouts":"default","ast-page-background-enabled":"default","ast-page-background-meta":{"desktop":{"background-color":"var(--ast-global-color-4)","background-image":"","background-repeat":"repeat","background-position":"center center","background-size":"auto","background-attachment":"scroll","background-type":"","background-media":"","overlay-type":"","overlay-color":"","overlay-opacity":"","overlay-gradient":""},"tablet":{"background-color":"","background-image":"","background-repeat":"repeat","background-position":"center center","background-size":"auto","background-attachment":"scroll","background-type":"","background-media":"","overlay-type":"","overlay-color":"","overlay-opacity":"","overlay-gradient":""},"mobile":{"background-color":"","background-image":"","background-repeat":"repeat","background-position":"center center","background-size":"auto","background-attachment":"scroll","background-type":"","background-media":"","overlay-type":"","overlay-color":"","overlay-opacity":"","overlay-gradient":""}},"ast-content-background-meta":{"desktop":{"background-color":"var(--ast-global-color-5)","background-image":"","background-repeat":"repeat","background-position":"center center","background-size":"auto","background-attachment":"scroll","background-type":"","background-media":"","overlay-type":"","overlay-color":"","overlay-opacity":"","overlay-gradient":""},"tablet":{"background-color":"var(--ast-global-color-5)","background-image":"","background-repeat":"repeat","background-position":"center center","background-size":"auto","background-attachment":"scroll","background-type":"","background-media":"","overlay-type":"","overlay-color":"","overlay-opacity":"","overlay-gradient":""},"mobile":{"background-color":"var(--ast-global-color-5)","background-image":"","background-repeat":"repeat","background-position":"center center","background-size":"auto","background-attachment":"scroll","background-type":"","background-media":"","overlay-type":"","overlay-color":"","overlay-opacity":"","overlay-gradient":""}},"footnotes":""},"categories":[282,287],"tags":[1337,459,707,1334,891,901,247,513,1332,1336,1335,1331,1333,333],"class_list":["post-14100","post","type-post","status-publish","format-standard","has-post-thumbnail","hentry","category-actualitat","category-recomanem","tag-burgesia","tag-ciencies-socials","tag-drets","tag-drets-dels-treballadors","tag-drets-laborals","tag-drets-socials","tag-historia","tag-llibertat","tag-lluita-obrera","tag-moviment-obrer","tag-revolucio-industrial","tag-salvador-segui","tag-sindicalisme","tag-valors"],"post_mailing_queue_ids":[],"_links":{"self":[{"href":"https:\/\/serveiseducatius.xtec.cat\/altcamp\/wp-json\/wp\/v2\/posts\/14100","targetHints":{"allow":["GET"]}}],"collection":[{"href":"https:\/\/serveiseducatius.xtec.cat\/altcamp\/wp-json\/wp\/v2\/posts"}],"about":[{"href":"https:\/\/serveiseducatius.xtec.cat\/altcamp\/wp-json\/wp\/v2\/types\/post"}],"author":[{"embeddable":true,"href":"https:\/\/serveiseducatius.xtec.cat\/altcamp\/wp-json\/wp\/v2\/users\/4"}],"replies":[{"embeddable":true,"href":"https:\/\/serveiseducatius.xtec.cat\/altcamp\/wp-json\/wp\/v2\/comments?post=14100"}],"version-history":[{"count":1,"href":"https:\/\/serveiseducatius.xtec.cat\/altcamp\/wp-json\/wp\/v2\/posts\/14100\/revisions"}],"predecessor-version":[{"id":14102,"href":"https:\/\/serveiseducatius.xtec.cat\/altcamp\/wp-json\/wp\/v2\/posts\/14100\/revisions\/14102"}],"wp:featuredmedia":[{"embeddable":true,"href":"https:\/\/serveiseducatius.xtec.cat\/altcamp\/wp-json\/wp\/v2\/media\/14101"}],"wp:attachment":[{"href":"https:\/\/serveiseducatius.xtec.cat\/altcamp\/wp-json\/wp\/v2\/media?parent=14100"}],"wp:term":[{"taxonomy":"category","embeddable":true,"href":"https:\/\/serveiseducatius.xtec.cat\/altcamp\/wp-json\/wp\/v2\/categories?post=14100"},{"taxonomy":"post_tag","embeddable":true,"href":"https:\/\/serveiseducatius.xtec.cat\/altcamp\/wp-json\/wp\/v2\/tags?post=14100"}],"curies":[{"name":"wp","href":"https:\/\/api.w.org\/{rel}","templated":true}]}}