{"id":14070,"date":"2023-05-29T12:22:44","date_gmt":"2023-05-29T10:22:44","guid":{"rendered":"https:\/\/serveiseducatius.xtec.cat\/altcamp\/?p=14070"},"modified":"2023-12-01T10:30:56","modified_gmt":"2023-12-01T09:30:56","slug":"guia-deducacio-en-drets-humans","status":"publish","type":"post","link":"https:\/\/serveiseducatius.xtec.cat\/altcamp\/dinamitzacio\/escoles-verdes\/guia-deducacio-en-drets-humans\/","title":{"rendered":"Guia d\u2019educaci\u00f3 en drets humans"},"content":{"rendered":"<p><a href=\"https:\/\/www.amnistiacatalunya.org\/edu\/pdf\/guia\/guia.edu-2009web.pdf\" target=\"_blank\" rel=\"noopener\"><img loading=\"lazy\" decoding=\"async\" class=\"alignleft wp-image-14071\" src=\"https:\/\/serveiseducatius.xtec.cat\/altcamp\/wp-content\/uploads\/usu1130\/2023\/05\/Educacio-Drets-Humans.jpg\" alt=\"\" width=\"437\" height=\"580\" srcset=\"https:\/\/serveiseducatius.xtec.cat\/altcamp\/wp-content\/uploads\/usu1130\/2023\/05\/Educacio-Drets-Humans.jpg 710w, https:\/\/serveiseducatius.xtec.cat\/altcamp\/wp-content\/uploads\/usu1130\/2023\/05\/Educacio-Drets-Humans-226x300.jpg 226w\" sizes=\"auto, (max-width: 437px) 100vw, 437px\" \/><\/a>Aquesta guia recull propostes monogr\u00e0fiques per temes, unitats did\u00e0ctiques per mat\u00e8ries, suggeriments per facilitar el treball dels continguts de la Declaraci\u00f3 Universal.<\/p>\n<p>El principal objectiu de la <a href=\"https:\/\/www.amnistiacatalunya.org\/edu\/pdf\/guia\/guia.edu-2009web.pdf\"><strong>Guia<\/strong><\/a> \u00e9s que el professorat de <strong>Secund\u00e0ria o Batxillerat<\/strong> que en un moment donat vulgui treballar els drets humans a l\u2019aula pugui trobar f\u00e0cilment un recurs adequat. No s\u2019ha elaborat pensant nom\u00e9s en les noves mat\u00e8ries de \u201c<strong>Drets humans i ciutadania<\/strong>\u201d, sin\u00f3 que inclou propostes aplicables a d\u2019altres mat\u00e8ries, en la mesura que l\u2019educaci\u00f3 en drets humans ha de ser tamb\u00e9 contemplada de forma<strong> transversal<\/strong>.<\/p>\n<p>Un altre dels objectius de la Guia \u00e9s donar a con\u00e8ixer l\u2019extens conjunt de <strong>materials educatius sobre drets humans<\/strong> recollits al web <a href=\"http:\/\/www.amnistiacatalunya.org\/edu\/cat\">www.amnistiacatalunya.org\/edu\/cat<\/a>. Aquest web avui dia \u00e9s tot un referent dins dels recursos disponibles a Internet pel que fa a l\u2019educaci\u00f3 en drets humans, amb una important recopilaci\u00f3 de <strong>propostes did\u00e0ctiques<\/strong> pr\u00f2pies i alienes i amb apartats monogr\u00e0fics dedicats al cinema, l\u2019humor gr\u00e0fic, la m\u00fasica, les arts pl\u00e0stiques, la literatura\u2026<\/p>\n<p>L\u2019<strong>educaci\u00f3 en drets humans<\/strong> no nom\u00e9s \u00e9s un element fonamental de cultura, com ho pot ser la Hist\u00f2ria o la<br \/>\nBiologia, sin\u00f3 que a m\u00e9s t\u00e9 un objectiu sociabilitzador i \u00e8tic clau. L\u2019Article 26 de la <strong>Declaraci\u00f3 Universal dels Drets<\/strong><br \/>\n<strong>Humans<\/strong> ja mostra aquesta necessitat:<\/p>\n<p>\u00abL\u2019educaci\u00f3 ha de tendir al ple desenvolupament de la personalitat humana i a l\u2019enfortiment del respecte als drets<br \/>\nhumans i a les llibertats fonamentals; ha de promoure la comprensi\u00f3, la toler\u00e0ncia i l\u2019amistat entre totes les nacions i<br \/>\ngrups \u00e8tnics o religiosos, i ha de fomentar les activitats de les Nacions Unides per al manteniment de la pau.\u00bb<\/p>\n<p><a href=\"https:\/\/www.amnistiacatalunya.org\/edu\/pdf\/guia\/guia.edu-2009web.pdf\"><strong>Guia en PDF<\/strong><\/a><\/p>\n<p><a href=\"https:\/\/www.amnistiacatalunya.org\/edu\/guia\/cat\/\"><strong>Guia en versi\u00f3 digital<\/strong><\/a> (revisada i ampliada)<\/p>\n","protected":false},"excerpt":{"rendered":"<p>Aquesta guia recull propostes monogr\u00e0fiques per temes, unitats did\u00e0ctiques per mat\u00e8ries, suggeriments per facilitar el treball dels continguts de la Declaraci\u00f3 Universal. El principal objectiu de la Guia \u00e9s que el professorat de Secund\u00e0ria o Batxillerat que en un moment donat vulgui treballar els drets humans a l\u2019aula pugui trobar f\u00e0cilment un recurs adequat. No [&hellip;]<\/p>\n","protected":false},"author":4,"featured_media":14071,"comment_status":"closed","ping_status":"closed","sticky":false,"template":"","format":"standard","meta":{"_bbp_topic_count":0,"_bbp_reply_count":0,"_bbp_total_topic_count":0,"_bbp_total_reply_count":0,"_bbp_voice_count":0,"_bbp_anonymous_reply_count":0,"_bbp_topic_count_hidden":0,"_bbp_reply_count_hidden":0,"_bbp_forum_subforum_count":0,"site-sidebar-layout":"default","site-content-layout":"","ast-site-content-layout":"","site-content-style":"default","site-sidebar-style":"default","ast-global-header-display":"","ast-banner-title-visibility":"","ast-main-header-display":"","ast-hfb-above-header-display":"","ast-hfb-below-header-display":"","ast-hfb-mobile-header-display":"","site-post-title":"","ast-breadcrumbs-content":"","ast-featured-img":"","footer-sml-layout":"","theme-transparent-header-meta":"","adv-header-id-meta":"","stick-header-meta":"","header-above-stick-meta":"","header-main-stick-meta":"","header-below-stick-meta":"","astra-migrate-meta-layouts":"default","ast-page-background-enabled":"default","ast-page-background-meta":{"desktop":{"background-color":"var(--ast-global-color-4)","background-image":"","background-repeat":"repeat","background-position":"center center","background-size":"auto","background-attachment":"scroll","background-type":"","background-media":"","overlay-type":"","overlay-color":"","overlay-opacity":"","overlay-gradient":""},"tablet":{"background-color":"","background-image":"","background-repeat":"repeat","background-position":"center center","background-size":"auto","background-attachment":"scroll","background-type":"","background-media":"","overlay-type":"","overlay-color":"","overlay-opacity":"","overlay-gradient":""},"mobile":{"background-color":"","background-image":"","background-repeat":"repeat","background-position":"center center","background-size":"auto","background-attachment":"scroll","background-type":"","background-media":"","overlay-type":"","overlay-color":"","overlay-opacity":"","overlay-gradient":""}},"ast-content-background-meta":{"desktop":{"background-color":"var(--ast-global-color-5)","background-image":"","background-repeat":"repeat","background-position":"center center","background-size":"auto","background-attachment":"scroll","background-type":"","background-media":"","overlay-type":"","overlay-color":"","overlay-opacity":"","overlay-gradient":""},"tablet":{"background-color":"var(--ast-global-color-5)","background-image":"","background-repeat":"repeat","background-position":"center center","background-size":"auto","background-attachment":"scroll","background-type":"","background-media":"","overlay-type":"","overlay-color":"","overlay-opacity":"","overlay-gradient":""},"mobile":{"background-color":"var(--ast-global-color-5)","background-image":"","background-repeat":"repeat","background-position":"center center","background-size":"auto","background-attachment":"scroll","background-type":"","background-media":"","overlay-type":"","overlay-color":"","overlay-opacity":"","overlay-gradient":""}},"footnotes":""},"categories":[262,287],"tags":[1256,1038,578,355,1323,1322,543,1008,970,1321,1320,333,601],"class_list":["post-14070","post","type-post","status-publish","format-standard","has-post-thumbnail","hentry","category-escoles-verdes","category-recomanem","tag-controversies","tag-democracia","tag-discriminacio","tag-drets-humans","tag-globalitzacio","tag-llibertat-dexpressio","tag-racisme","tag-refugiats","tag-resolucio-de-conflictes","tag-treball-digne","tag-treball-infantil","tag-valors","tag-violencia-de-genere"],"post_mailing_queue_ids":[],"_links":{"self":[{"href":"https:\/\/serveiseducatius.xtec.cat\/altcamp\/wp-json\/wp\/v2\/posts\/14070","targetHints":{"allow":["GET"]}}],"collection":[{"href":"https:\/\/serveiseducatius.xtec.cat\/altcamp\/wp-json\/wp\/v2\/posts"}],"about":[{"href":"https:\/\/serveiseducatius.xtec.cat\/altcamp\/wp-json\/wp\/v2\/types\/post"}],"author":[{"embeddable":true,"href":"https:\/\/serveiseducatius.xtec.cat\/altcamp\/wp-json\/wp\/v2\/users\/4"}],"replies":[{"embeddable":true,"href":"https:\/\/serveiseducatius.xtec.cat\/altcamp\/wp-json\/wp\/v2\/comments?post=14070"}],"version-history":[{"count":2,"href":"https:\/\/serveiseducatius.xtec.cat\/altcamp\/wp-json\/wp\/v2\/posts\/14070\/revisions"}],"predecessor-version":[{"id":14073,"href":"https:\/\/serveiseducatius.xtec.cat\/altcamp\/wp-json\/wp\/v2\/posts\/14070\/revisions\/14073"}],"wp:featuredmedia":[{"embeddable":true,"href":"https:\/\/serveiseducatius.xtec.cat\/altcamp\/wp-json\/wp\/v2\/media\/14071"}],"wp:attachment":[{"href":"https:\/\/serveiseducatius.xtec.cat\/altcamp\/wp-json\/wp\/v2\/media?parent=14070"}],"wp:term":[{"taxonomy":"category","embeddable":true,"href":"https:\/\/serveiseducatius.xtec.cat\/altcamp\/wp-json\/wp\/v2\/categories?post=14070"},{"taxonomy":"post_tag","embeddable":true,"href":"https:\/\/serveiseducatius.xtec.cat\/altcamp\/wp-json\/wp\/v2\/tags?post=14070"}],"curies":[{"name":"wp","href":"https:\/\/api.w.org\/{rel}","templated":true}]}}