{"id":14050,"date":"2023-05-26T11:33:19","date_gmt":"2023-05-26T09:33:19","guid":{"rendered":"https:\/\/serveiseducatius.xtec.cat\/altcamp\/?p=14050"},"modified":"2023-05-26T11:34:14","modified_gmt":"2023-05-26T09:34:14","slug":"cinema-i-diversitat-linguistica","status":"publish","type":"post","link":"https:\/\/serveiseducatius.xtec.cat\/altcamp\/recursos\/recomanem\/cinema-i-diversitat-linguistica\/","title":{"rendered":"Cinema i diversitat ling\u00fc\u00edstica"},"content":{"rendered":"<p><a href=\"https:\/\/projectes.xtec.cat\/origen\/wp-content\/uploads\/usu2451\/2023\/05\/CA-DEFINITIU_compressed.pdf\" target=\"_blank\" rel=\"noopener\"><strong><i>Cinema i diversitat ling\u00fc\u00edstica<\/i><\/strong><\/a> \u00e9s una publicaci\u00f3 de <strong>Linguapax<\/strong> pensada per promoure el <strong>debat entre el jovent sobre la diversitat ling\u00fc\u00edstica a trav\u00e9s del cinema<\/strong>. El llibre convida a veure deu pel\u00b7l\u00edcules que tracten deu temes relacionats amb les lleng\u00fces i vol estimular la reflexi\u00f3 i el di\u00e0leg a les aules. Trobareu la versi\u00f3 en <a href=\"https:\/\/www.linguapax.org\/wp-content\/uploads\/2023\/04\/Cinema-i-diversitat-linguistica.pdf\" target=\"_blank\" rel=\"noopener\">catal\u00e0<\/a>\u00a0i la versi\u00f3 en<a href=\"https:\/\/www.linguapax.org\/wp-content\/uploads\/2023\/04\/Cinema-y-diversidad-linguistica.pdf\" target=\"_blank\" rel=\"noopener\">\u00a0castell\u00e0<\/a>.<\/p>\n<p><span dir=\"ltr\" role=\"presentation\">Els deu cap\u00edtols estan organitzats de la mateixa manera: introduc<\/span><span dir=\"ltr\" role=\"presentation\">ci\u00f3 breu al tema en q\u00fcesti\u00f3, fitxa t\u00e8cnica de la pel\u00b7l\u00edcula triada, an\u00e0lisi succinta <\/span><span dir=\"ltr\" role=\"presentation\">dels aspectes cinematogr\u00e0fics m\u00e9s destacats del film i apartat d\u2019activitats perqu\u00e8 <\/span><span dir=\"ltr\" role=\"presentation\">l\u2019alumnat pugui aprofundir el tema sobre el qual se\u2019l convida a reflexionar. I \u00e9s <\/span><span dir=\"ltr\" role=\"presentation\">que ens proposem que el cinema sigui, alhora, mitj\u00e0 i fi. Mitj\u00e0, perqu\u00e8 no deixa <\/span><span dir=\"ltr\" role=\"presentation\">de ser una excusa per poder <strong>discutir, confrontar, acordar i, en resum, deliberar <\/strong><\/span><strong><span dir=\"ltr\" role=\"presentation\">sobre q\u00fcestions com la relaci\u00f3 entre la llengua i la (in)comunicaci\u00f3, el patrimoni <\/span><\/strong><span dir=\"ltr\" role=\"presentation\"><strong>cultural, el poder, la identitat o la percepci\u00f3 de la realitat<\/strong>, entre altres coses. I fi, <\/span><span dir=\"ltr\" role=\"presentation\">perqu\u00e8 ens proposem aportar el nostre granet de sorra a l\u2019\u00abalfabetitzaci\u00f3\u00bb del <\/span><span dir=\"ltr\" role=\"presentation\">lector en aquest altre llenguatge, el<strong> llenguatge cinematogr\u00e0fic<\/strong>, posant a la seva <\/span><span dir=\"ltr\" role=\"presentation\">disposici\u00f3 una desena d\u2019an\u00e0lisis mitjan\u00e7ant les quals pugui adquirir tota una s\u00e8rie <\/span><span dir=\"ltr\" role=\"presentation\">de compet\u00e8ncies susceptibles de ser utilitzades en altres textos audiovisuals amb <\/span><span dir=\"ltr\" role=\"presentation\">qu\u00e8 decideixi enfrontar-se a partir de la lectura d\u2019aquest text.<\/span><\/p>\n<p><a href=\"https:\/\/projectes.xtec.cat\/origen\/wp-content\/uploads\/usu2451\/2023\/05\/CA-DEFINITIU_compressed.pdf\" target=\"_blank\" rel=\"noopener\"><img loading=\"lazy\" decoding=\"async\" class=\"alignnone wp-image-14051 size-full\" src=\"https:\/\/serveiseducatius.xtec.cat\/altcamp\/wp-content\/uploads\/usu1130\/2023\/05\/Cinema-i-diversitat-linguistica.jpg\" alt=\"\" width=\"991\" height=\"981\" srcset=\"https:\/\/serveiseducatius.xtec.cat\/altcamp\/wp-content\/uploads\/usu1130\/2023\/05\/Cinema-i-diversitat-linguistica.jpg 991w, https:\/\/serveiseducatius.xtec.cat\/altcamp\/wp-content\/uploads\/usu1130\/2023\/05\/Cinema-i-diversitat-linguistica-300x297.jpg 300w, https:\/\/serveiseducatius.xtec.cat\/altcamp\/wp-content\/uploads\/usu1130\/2023\/05\/Cinema-i-diversitat-linguistica-768x760.jpg 768w\" sizes=\"auto, (max-width: 991px) 100vw, 991px\" \/><\/a><\/p>\n","protected":false},"excerpt":{"rendered":"<p>Cinema i diversitat ling\u00fc\u00edstica \u00e9s una publicaci\u00f3 de Linguapax pensada per promoure el debat entre el jovent sobre la diversitat ling\u00fc\u00edstica a trav\u00e9s del cinema. El llibre convida a veure deu pel\u00b7l\u00edcules que tracten deu temes relacionats amb les lleng\u00fces i vol estimular la reflexi\u00f3 i el di\u00e0leg a les aules. Trobareu la versi\u00f3 en [&hellip;]<\/p>\n","protected":false},"author":4,"featured_media":14051,"comment_status":"closed","ping_status":"closed","sticky":false,"template":"","format":"standard","meta":{"_bbp_topic_count":0,"_bbp_reply_count":0,"_bbp_total_topic_count":0,"_bbp_total_reply_count":0,"_bbp_voice_count":0,"_bbp_anonymous_reply_count":0,"_bbp_topic_count_hidden":0,"_bbp_reply_count_hidden":0,"_bbp_forum_subforum_count":0,"site-sidebar-layout":"default","site-content-layout":"","ast-site-content-layout":"","site-content-style":"default","site-sidebar-style":"default","ast-global-header-display":"","ast-banner-title-visibility":"","ast-main-header-display":"","ast-hfb-above-header-display":"","ast-hfb-below-header-display":"","ast-hfb-mobile-header-display":"","site-post-title":"","ast-breadcrumbs-content":"","ast-featured-img":"","footer-sml-layout":"","theme-transparent-header-meta":"","adv-header-id-meta":"","stick-header-meta":"","header-above-stick-meta":"","header-main-stick-meta":"","header-below-stick-meta":"","astra-migrate-meta-layouts":"default","ast-page-background-enabled":"default","ast-page-background-meta":{"desktop":{"background-color":"var(--ast-global-color-4)","background-image":"","background-repeat":"repeat","background-position":"center center","background-size":"auto","background-attachment":"scroll","background-type":"","background-media":"","overlay-type":"","overlay-color":"","overlay-opacity":"","overlay-gradient":""},"tablet":{"background-color":"","background-image":"","background-repeat":"repeat","background-position":"center center","background-size":"auto","background-attachment":"scroll","background-type":"","background-media":"","overlay-type":"","overlay-color":"","overlay-opacity":"","overlay-gradient":""},"mobile":{"background-color":"","background-image":"","background-repeat":"repeat","background-position":"center center","background-size":"auto","background-attachment":"scroll","background-type":"","background-media":"","overlay-type":"","overlay-color":"","overlay-opacity":"","overlay-gradient":""}},"ast-content-background-meta":{"desktop":{"background-color":"var(--ast-global-color-5)","background-image":"","background-repeat":"repeat","background-position":"center center","background-size":"auto","background-attachment":"scroll","background-type":"","background-media":"","overlay-type":"","overlay-color":"","overlay-opacity":"","overlay-gradient":""},"tablet":{"background-color":"var(--ast-global-color-5)","background-image":"","background-repeat":"repeat","background-position":"center center","background-size":"auto","background-attachment":"scroll","background-type":"","background-media":"","overlay-type":"","overlay-color":"","overlay-opacity":"","overlay-gradient":""},"mobile":{"background-color":"var(--ast-global-color-5)","background-image":"","background-repeat":"repeat","background-position":"center center","background-size":"auto","background-attachment":"scroll","background-type":"","background-media":"","overlay-type":"","overlay-color":"","overlay-opacity":"","overlay-gradient":""}},"footnotes":""},"categories":[287],"tags":[301,460,781,1069,517,169,670],"class_list":["post-14050","post","type-post","status-publish","format-standard","has-post-thumbnail","hentry","category-recomanem","tag-cinema","tag-comunicacio","tag-debat","tag-discrepancia","tag-identitat","tag-llengua","tag-llenguatge-audiovisual"],"post_mailing_queue_ids":[],"_links":{"self":[{"href":"https:\/\/serveiseducatius.xtec.cat\/altcamp\/wp-json\/wp\/v2\/posts\/14050","targetHints":{"allow":["GET"]}}],"collection":[{"href":"https:\/\/serveiseducatius.xtec.cat\/altcamp\/wp-json\/wp\/v2\/posts"}],"about":[{"href":"https:\/\/serveiseducatius.xtec.cat\/altcamp\/wp-json\/wp\/v2\/types\/post"}],"author":[{"embeddable":true,"href":"https:\/\/serveiseducatius.xtec.cat\/altcamp\/wp-json\/wp\/v2\/users\/4"}],"replies":[{"embeddable":true,"href":"https:\/\/serveiseducatius.xtec.cat\/altcamp\/wp-json\/wp\/v2\/comments?post=14050"}],"version-history":[{"count":2,"href":"https:\/\/serveiseducatius.xtec.cat\/altcamp\/wp-json\/wp\/v2\/posts\/14050\/revisions"}],"predecessor-version":[{"id":14053,"href":"https:\/\/serveiseducatius.xtec.cat\/altcamp\/wp-json\/wp\/v2\/posts\/14050\/revisions\/14053"}],"wp:featuredmedia":[{"embeddable":true,"href":"https:\/\/serveiseducatius.xtec.cat\/altcamp\/wp-json\/wp\/v2\/media\/14051"}],"wp:attachment":[{"href":"https:\/\/serveiseducatius.xtec.cat\/altcamp\/wp-json\/wp\/v2\/media?parent=14050"}],"wp:term":[{"taxonomy":"category","embeddable":true,"href":"https:\/\/serveiseducatius.xtec.cat\/altcamp\/wp-json\/wp\/v2\/categories?post=14050"},{"taxonomy":"post_tag","embeddable":true,"href":"https:\/\/serveiseducatius.xtec.cat\/altcamp\/wp-json\/wp\/v2\/tags?post=14050"}],"curies":[{"name":"wp","href":"https:\/\/api.w.org\/{rel}","templated":true}]}}