{"id":14046,"date":"2023-05-25T10:17:13","date_gmt":"2023-05-25T08:17:13","guid":{"rendered":"https:\/\/serveiseducatius.xtec.cat\/altcamp\/?p=14046"},"modified":"2024-03-21T11:47:41","modified_gmt":"2024-03-21T10:47:41","slug":"any-rector-de-vallfogona","status":"publish","type":"post","link":"https:\/\/serveiseducatius.xtec.cat\/altcamp\/actualitat\/any-rector-de-vallfogona\/","title":{"rendered":"Any Rector de Vallfogona"},"content":{"rendered":"<p><a href=\"https:\/\/cultura.gencat.cat\/ca\/temes\/commemoracions\/2023\/anyrectordevallfogona\/inici\/\" target=\"_blank\" rel=\"noopener\"><img loading=\"lazy\" decoding=\"async\" class=\"alignleft wp-image-14047\" src=\"https:\/\/serveiseducatius.xtec.cat\/altcamp\/wp-content\/uploads\/usu1130\/2023\/05\/Any-Rector.jpg\" alt=\"\" width=\"474\" height=\"499\" srcset=\"https:\/\/serveiseducatius.xtec.cat\/altcamp\/wp-content\/uploads\/usu1130\/2023\/05\/Any-Rector.jpg 903w, https:\/\/serveiseducatius.xtec.cat\/altcamp\/wp-content\/uploads\/usu1130\/2023\/05\/Any-Rector-285x300.jpg 285w, https:\/\/serveiseducatius.xtec.cat\/altcamp\/wp-content\/uploads\/usu1130\/2023\/05\/Any-Rector-768x808.jpg 768w\" sizes=\"auto, (max-width: 474px) 100vw, 474px\" \/><\/a><\/p>\n<p><strong><span dir=\"ltr\" role=\"presentation\">TANT SI BAIXES LA VISTA VERS LA IMMUNDA<\/span><\/strong><\/p>\n<p><span dir=\"ltr\" role=\"presentation\">Tant si baixes la vista vers la immunda<\/span><br role=\"presentation\" \/><span dir=\"ltr\" role=\"presentation\">gruta de l\u2019Univers, alberg de pena,<\/span><br role=\"presentation\" \/><span dir=\"ltr\" role=\"presentation\">on mai no s\u2019ha avingut la llum serena<\/span><br role=\"presentation\" \/><span dir=\"ltr\" role=\"presentation\">amb les tenebres de la nit profunda,<\/span><br role=\"presentation\" \/><span dir=\"ltr\" role=\"presentation\">com si mires el cel, on claror abunda,<\/span><br role=\"presentation\" \/><span dir=\"ltr\" role=\"presentation\">seguint dels signes la daurada vena,<\/span><br role=\"presentation\" \/><span dir=\"ltr\" role=\"presentation\">o en la gran bola de fogueres plena,<\/span><br role=\"presentation\" \/><span dir=\"ltr\" role=\"presentation\">busques els fonaments on tot es funda;<\/span><br role=\"presentation\" \/><span dir=\"ltr\" role=\"presentation\">tant si te\u2019n vas cap a la terra freda,<\/span><br role=\"presentation\" \/><span dir=\"ltr\" role=\"presentation\">que un p\u00e0l\u00b7lid sol amb raigs escassos mira,<\/span><br role=\"presentation\" \/><span dir=\"ltr\" role=\"presentation\">o cap al camp que l\u2019equinocci abrasa,<\/span><br role=\"presentation\" \/><span dir=\"ltr\" role=\"presentation\">si entres en mar tempestuosa o queda,<\/span><br role=\"presentation\" \/><span dir=\"ltr\" role=\"presentation\">o est\u00e0s en terra, assossegat o amb ira&#8230;<\/span><br role=\"presentation\" \/><span dir=\"ltr\" role=\"presentation\">Sempre, fidel lector, ser\u00e0s un ase.<\/span><\/p>\n<p><span dir=\"ltr\" role=\"presentation\">Francesc Vicent Garcia<\/span> <span dir=\"ltr\" role=\"presentation\">(Rector de Vallfogona)<\/span><br role=\"presentation\" \/><span dir=\"ltr\" role=\"presentation\">Obra completa<\/span> <span dir=\"ltr\" role=\"presentation\">[\u201cSonets\u201d], 1984<\/span><br role=\"presentation\" \/><span dir=\"ltr\" role=\"presentation\">Adaptaci\u00f3 de Josep Pedrals<\/span><\/p>\n<p><strong>Francesc Vicent Garcia<\/strong> \u00e9s una figura cabdal del nostre patrimoni cultural. Amb motiu del quatricentenari de la seva mort, el Govern de la Generalitat de Catalunya ha decretat el <a href=\"https:\/\/cultura.gencat.cat\/ca\/temes\/commemoracions\/2023\/anyrectordevallfogona\/inici\/\" target=\"_blank\" rel=\"noopener\"><strong>2023 Any Rector de Vallfogona<\/strong><\/a> per retre-li l\u2019homenatge que mereix. La commemoraci\u00f3, organitzada per la Instituci\u00f3 de les Lletres Catalanes per enc\u00e0rrec de la Conselleria de Cultura, ens brinda una magn\u00edfica oportunitat per acostar-nos a l\u2019autor i comprendre\u2019n la magnitud.<\/p>\n<p>A la <a href=\"https:\/\/cultura.gencat.cat\/ca\/temes\/commemoracions\/2023\/anyrectordevallfogona\/inici\/index.html\" target=\"_blank\" rel=\"noopener\"><strong>p\u00e0gina web<\/strong><\/a> que el Departament de Cultura ha dedicat a l&#8217;<a href=\"https:\/\/cultura.gencat.cat\/ca\/temes\/commemoracions\/2023\/anyrectordevallfogona\/inici\/index.html\" target=\"_blank\" rel=\"noopener\"><strong>Any Rector<\/strong><\/a>, hi trobareu informaci\u00f3, recursos educatius i l&#8217;agenda amb els actes que es facin al llarg de l&#8217;any.<\/p>\n<p>Tamb\u00e9 podeu seguir el <a href=\"https:\/\/twitter.com\/AnyRector\" target=\"_blank\" rel=\"noopener\"><strong>compte de Twitter de l&#8217;Any Rector<\/strong><\/a> amb tota l&#8217;actualitat.<\/p>\n<hr \/>\n<p><a href=\"https:\/\/www.auques.cat\/auca.php?auca=garcia\" target=\"_blank\" rel=\"noopener\"><strong>Auca de Francesc Vicen\u00e7 Garcia (1579-1623)<\/strong><\/a><\/p>\n","protected":false},"excerpt":{"rendered":"<p>TANT SI BAIXES LA VISTA VERS LA IMMUNDA Tant si baixes la vista vers la immundagruta de l\u2019Univers, alberg de pena,on mai no s\u2019ha avingut la llum serenaamb les tenebres de la nit profunda,com si mires el cel, on claror abunda,seguint dels signes la daurada vena,o en la gran bola de fogueres plena,busques els fonaments [&hellip;]<\/p>\n","protected":false},"author":4,"featured_media":14047,"comment_status":"closed","ping_status":"closed","sticky":false,"template":"","format":"standard","meta":{"_bbp_topic_count":0,"_bbp_reply_count":0,"_bbp_total_topic_count":0,"_bbp_total_reply_count":0,"_bbp_voice_count":0,"_bbp_anonymous_reply_count":0,"_bbp_topic_count_hidden":0,"_bbp_reply_count_hidden":0,"_bbp_forum_subforum_count":0,"site-sidebar-layout":"default","site-content-layout":"","ast-site-content-layout":"","site-content-style":"default","site-sidebar-style":"default","ast-global-header-display":"","ast-banner-title-visibility":"","ast-main-header-display":"","ast-hfb-above-header-display":"","ast-hfb-below-header-display":"","ast-hfb-mobile-header-display":"","site-post-title":"","ast-breadcrumbs-content":"","ast-featured-img":"","footer-sml-layout":"","theme-transparent-header-meta":"","adv-header-id-meta":"","stick-header-meta":"","header-above-stick-meta":"","header-main-stick-meta":"","header-below-stick-meta":"","astra-migrate-meta-layouts":"default","ast-page-background-enabled":"default","ast-page-background-meta":{"desktop":{"background-color":"var(--ast-global-color-4)","background-image":"","background-repeat":"repeat","background-position":"center center","background-size":"auto","background-attachment":"scroll","background-type":"","background-media":"","overlay-type":"","overlay-color":"","overlay-opacity":"","overlay-gradient":""},"tablet":{"background-color":"","background-image":"","background-repeat":"repeat","background-position":"center center","background-size":"auto","background-attachment":"scroll","background-type":"","background-media":"","overlay-type":"","overlay-color":"","overlay-opacity":"","overlay-gradient":""},"mobile":{"background-color":"","background-image":"","background-repeat":"repeat","background-position":"center center","background-size":"auto","background-attachment":"scroll","background-type":"","background-media":"","overlay-type":"","overlay-color":"","overlay-opacity":"","overlay-gradient":""}},"ast-content-background-meta":{"desktop":{"background-color":"var(--ast-global-color-5)","background-image":"","background-repeat":"repeat","background-position":"center center","background-size":"auto","background-attachment":"scroll","background-type":"","background-media":"","overlay-type":"","overlay-color":"","overlay-opacity":"","overlay-gradient":""},"tablet":{"background-color":"var(--ast-global-color-5)","background-image":"","background-repeat":"repeat","background-position":"center center","background-size":"auto","background-attachment":"scroll","background-type":"","background-media":"","overlay-type":"","overlay-color":"","overlay-opacity":"","overlay-gradient":""},"mobile":{"background-color":"var(--ast-global-color-5)","background-image":"","background-repeat":"repeat","background-position":"center center","background-size":"auto","background-attachment":"scroll","background-type":"","background-media":"","overlay-type":"","overlay-color":"","overlay-opacity":"","overlay-gradient":""}},"footnotes":""},"categories":[282,1542,287],"tags":[1316,651,347,366],"class_list":["post-14046","post","type-post","status-publish","format-standard","has-post-thumbnail","hentry","category-actualitat","category-poesia","category-recomanem","tag-any-rector-de-vallfogona","tag-cultura","tag-literatura-catalana","tag-poesia"],"post_mailing_queue_ids":[],"_links":{"self":[{"href":"https:\/\/serveiseducatius.xtec.cat\/altcamp\/wp-json\/wp\/v2\/posts\/14046","targetHints":{"allow":["GET"]}}],"collection":[{"href":"https:\/\/serveiseducatius.xtec.cat\/altcamp\/wp-json\/wp\/v2\/posts"}],"about":[{"href":"https:\/\/serveiseducatius.xtec.cat\/altcamp\/wp-json\/wp\/v2\/types\/post"}],"author":[{"embeddable":true,"href":"https:\/\/serveiseducatius.xtec.cat\/altcamp\/wp-json\/wp\/v2\/users\/4"}],"replies":[{"embeddable":true,"href":"https:\/\/serveiseducatius.xtec.cat\/altcamp\/wp-json\/wp\/v2\/comments?post=14046"}],"version-history":[{"count":2,"href":"https:\/\/serveiseducatius.xtec.cat\/altcamp\/wp-json\/wp\/v2\/posts\/14046\/revisions"}],"predecessor-version":[{"id":14065,"href":"https:\/\/serveiseducatius.xtec.cat\/altcamp\/wp-json\/wp\/v2\/posts\/14046\/revisions\/14065"}],"wp:featuredmedia":[{"embeddable":true,"href":"https:\/\/serveiseducatius.xtec.cat\/altcamp\/wp-json\/wp\/v2\/media\/14047"}],"wp:attachment":[{"href":"https:\/\/serveiseducatius.xtec.cat\/altcamp\/wp-json\/wp\/v2\/media?parent=14046"}],"wp:term":[{"taxonomy":"category","embeddable":true,"href":"https:\/\/serveiseducatius.xtec.cat\/altcamp\/wp-json\/wp\/v2\/categories?post=14046"},{"taxonomy":"post_tag","embeddable":true,"href":"https:\/\/serveiseducatius.xtec.cat\/altcamp\/wp-json\/wp\/v2\/tags?post=14046"}],"curies":[{"name":"wp","href":"https:\/\/api.w.org\/{rel}","templated":true}]}}