{"id":14004,"date":"2023-05-22T13:12:19","date_gmt":"2023-05-22T11:12:19","guid":{"rendered":"https:\/\/serveiseducatius.xtec.cat\/altcamp\/?p=14004"},"modified":"2024-02-27T08:20:58","modified_gmt":"2024-02-27T07:20:58","slug":"la-positivitat-toxica-i-la-industria-de-la-felicitat","status":"publish","type":"post","link":"https:\/\/serveiseducatius.xtec.cat\/altcamp\/recursos\/recomanem\/la-positivitat-toxica-i-la-industria-de-la-felicitat\/","title":{"rendered":"La positivitat t\u00f2xica i la ind\u00fastria de la felicitat"},"content":{"rendered":"<p>En els darrers anys, la<em><strong> positivitat t\u00f2xica<\/strong><\/em> ha emergit com un tema cr\u00edtic en el camp de la salut mental i el benestar personal. Sovint percebuda com una &#8220;filosofia&#8221; que promou un constant estat d&#8217;optimisme i felicitat, la positivitat t\u00f2xica pot tenir <strong>efectes perjudicials en la salut mental<\/strong> d&#8217;una persona.<\/p>\n<p><em> &#8220;La pregunta que deber\u00edamos hacernos, como individuos inscritos en una sociedad y en una cultura determinadas, es si este <strong>r\u00e9gimen emocional totalitario de lo positivo<\/strong> no esconde la imposibilidad de subvertir el statu quo que permite que ciertas injusticias, malestares y desigualdades se mantengan e incluso adquieran mayor hondura y protagonismo&#8221;. (<a href=\"https:\/\/ethic.es\/2023\/05\/el-totalitarismo-positivo-emocional\/\" target=\"_blank\" rel=\"noopener\"><strong>El totalitarismo positivo<\/strong><\/a>, <strong><a class=\"css-4rbku5 css-18t94o4 css-1dbjc4n r-1loqt21 r-1wbh5a2 r-dnmrzs r-1ny4l3l\" role=\"link\" href=\"https:\/\/twitter.com\/Aspirar_al_uno\" target=\"_blank\" rel=\"noopener\"><span class=\"css-901oao css-16my406 css-1hf3ou5 r-poiln3 r-bcqeeo r-qvutc0\"><span class=\"css-901oao css-16my406 r-poiln3 r-bcqeeo r-qvutc0\">Carlos Javier Gonz\u00e1lez Serrano<\/span><\/span><\/a><\/strong>).<\/em><\/p>\n<table style=\"height: 211px; width: 100.115%; border-collapse: collapse; border-color: #ddeff0; background-color: #ddeff0;\">\n<tbody>\n<tr style=\"height: 191px;\">\n<td style=\"width: 100%; height: 191px;\"><em><span class=\"HwtZe\" lang=\"ca\"><span class=\"jCAhz ChMk0b\"><span class=\"ryNqvb\">S&#8217;estima que la <strong>ind\u00fastria<\/strong> creada al voltant de l&#8217;anomenat pensament positiu mou uns 10.000 milions d&#8217;euros l&#8217;any.<\/span><\/span> <span class=\"jCAhz ChMk0b\"><span class=\"ryNqvb\">Les xarxes socials es poblen de somriures, l&#8217;entusiasme envaeix les oficines i els conferenciants de TED es freguen les mans, alegres.<\/span><\/span> <span class=\"jCAhz ChMk0b\"><span class=\"ryNqvb\">Tot i que el vaixell s&#8217;enfonsa, toquem el viol\u00ed i compartim l&#8217;escena a Instagram.<\/span><\/span> <span class=\"jCAhz ChMk0b\"><span class=\"ryNqvb\">A les llistes de llibres m\u00e9s venuts abunden <strong>manuals d&#8217;autoajuda, guies espirituals, consells per a la transformaci\u00f3 personal i professional.<\/strong><\/span><\/span> <span class=\"jCAhz ChMk0b\"><span class=\"ryNqvb\">Twitter s&#8217;omple de fotografies amb <strong>frases motivadores i sent\u00e8ncies de savis orientals<\/strong> que v\u00e9s a saber si han existit alguna vegada\u2026 A les empreses m\u00e9s innovadores es popularitza la figura del Director de la Felicitat que, al seu despatx, es beu un caf\u00e8 en una<\/span><\/span> <span class=\"jCAhz ChMk0b\"><span class=\"ryNqvb\">tassa de Mr. Wonderful. (<\/span><\/span><\/span><a href=\"https:\/\/www.nobbot.com\/pensamiento-positivo-tristeza\/\" target=\"_blank\" rel=\"noopener\">La mentira del pensamiento positivo: no eres feliz ni falta que hace <\/a><span class=\"HwtZe\" lang=\"ca\"><span class=\"jCAhz ChMk0b\"><span class=\"ryNqvb\">Llegiu el text sencer en versi\u00f3 original en aquest <a href=\"https:\/\/www.nobbot.com\/pensamiento-positivo-tristeza\/\" target=\"_blank\" rel=\"noopener\">enlla\u00e7<\/a>).<\/span><\/span><\/span><\/em><\/td>\n<\/tr>\n<\/tbody>\n<\/table>\n<p>A l&#8217;empar d&#8217;aquesta <a href=\"https:\/\/www.publico.es\/psicologia-y-mente\/en-contra-de-la-industria-de-la-felicidad\/\" target=\"_blank\" rel=\"noopener\"><em><strong>ind\u00fastria de la felicitat<\/strong><\/em><\/a> milion\u00e0ria han proliferat, a tort i dret,<strong> gur\u00fas<\/strong> (P. Coelho, Osho, Barbara Fredrickson, Jason Comely, A. Jodorowski, Bucay, i un llarg etc.), que difonen aquests missatges i venen s<em>ense cap escr\u00fapol, les &#8220;receptes m\u00e0giques&#8221; de la felicitat<\/em><span class=\"HwtZe\" lang=\"ca\"><em><span class=\"jCAhz ChMk0b\"><span class=\"ryNqvb\">.<\/span><\/span> <span class=\"jCAhz ChMk0b\"><span class=\"ryNqvb\">El problema \u00e9s que ni les autoritats, ni els Col\u00b7legis de Psic\u00f2legs no hi posen ordre.<\/span><\/span> <\/em><\/span><\/p>\n<table style=\"width: 100%; border-collapse: collapse; border-color: #e8e2a9; background-color: #e8e2a9;\">\n<tbody>\n<tr>\n<td style=\"width: 100%;\"><strong>\u2192 Terminologia de la posivitat t\u00f2xica<\/strong>:<\/td>\n<\/tr>\n<\/tbody>\n<\/table>\n<p><span class=\"HwtZe\" lang=\"ca\"><span class=\"jCAhz ChMk0b\"><span class=\"ryNqvb\">Substantius com &#8220;<strong>emprenedoria, reinvenci\u00f3, lideratge, emoci\u00f3, passi\u00f3<\/strong>&#8220;, i verbs o expressions <strong>&#8220;fluir, sortir de la zona de comfort, no \u00e9s un frac\u00e0s, \u00e9s una oportunitat<\/strong>&#8220;, etc. s\u00f3n paraules freq\u00fcents en el discurs dels gur\u00fas d<em><a href=\"https:\/\/www.elsaltodiario.com\/culturas\/negocio-felicidad-fraude-psicologia-positiva-libros-autoayuda-coaching-mindfulness\" target=\"_blank\" rel=\"noopener\"><strong>el negoci de la felicitat, el frau del segle XXI<\/strong><\/a><\/em>. (Llegiu sencer l&#8217;article: <a href=\"https:\/\/www.elsaltodiario.com\/culturas\/negocio-felicidad-fraude-psicologia-positiva-libros-autoayuda-coaching-mindfulness\" target=\"_blank\" rel=\"noopener\"><em>El negocio de la felicidad, el fraude del siglo XXI<\/em><\/a>).<\/span><\/span><\/span><\/p>\n<table style=\"width: 100%; border-collapse: collapse; border-color: #7ae060; background-color: #7ae060;\">\n<tbody>\n<tr>\n<td style=\"width: 100%;\"><span class=\"HwtZe\" lang=\"ca\"><span class=\"jCAhz ChMk0b\"><span class=\"ryNqvb\"><strong>\u2192 Autors, cient\u00edfics i professionals de la salut<\/strong> que fan divulgaci\u00f3 sobre aquesta problem\u00e0tica:<\/span><\/span><\/span><\/td>\n<\/tr>\n<\/tbody>\n<\/table>\n<p><span class=\"HwtZe\" lang=\"ca\"><span class=\"jCAhz ChMk0b\"><span class=\"ryNqvb\">A continuaci\u00f3 trobareu un llistat de psic\u00f2legs, fil\u00f2sofs i investigadors que treballen divulgant i alertant dels <strong>perills del pensament positiu i de la &#8220;posivitat t\u00f2xica&#8221;,<\/strong> que tan nocives acaben resultant per al pensament cr\u00edtic:<br \/>\n<\/span><\/span><\/span><\/p>\n<table style=\"border-collapse: collapse; width: 100%;\">\n<tbody>\n<tr>\n<td style=\"width: 50%;\"><a href=\"https:\/\/twitter.com\/ecabanasd\" target=\"_blank\" rel=\"noopener\"><strong>Edgar Cabanas<\/strong><\/a><\/td>\n<td style=\"width: 50%;\"><span class=\"css-901oao css-16my406 r-poiln3 r-bcqeeo r-qvutc0\">Doctor en <\/span><span class=\"r-18u37iz\">Psicolog\u00eda. <\/span><span class=\"css-901oao css-16my406 r-poiln3 r-bcqeeo r-qvutc0\">Professor i investigador en <\/span><span class=\"r-18u37iz\">Felicidad<\/span> <span class=\"r-18u37iz\">Emocions,<\/span> <span class=\"r-18u37iz\">Salut Mental<\/span>,<span class=\"r-18u37iz\">Treball. <\/span><span class=\"css-901oao css-16my406 r-poiln3 r-bcqeeo r-qvutc0\">Autor de <\/span><em><strong><span class=\"r-18u37iz\">Happycracia<\/span><\/strong><\/em><\/td>\n<\/tr>\n<tr>\n<td style=\"width: 50%;\"><strong><a href=\"https:\/\/twitter.com\/eparquiodelgado\" target=\"_blank\" rel=\"noopener\">Eparquio Delgado<\/a><\/strong><\/td>\n<td style=\"width: 50%;\">Psic\u00f2leg. Autor de <em><strong>Los libros de autoayuda, \u00a1Vaya timo!<\/strong><\/em><\/p>\n<p class=\"article-main__title\"><em><a href=\"https:\/\/www.lasexta.com\/tecnologia-tecnoxplora\/ciencia\/divulgacion\/destripando-autoayuda-dicen-que-funciona-pero-hay-pruebas-probable-que-trate-fraude_2014122957fcb37c0cf2a2e945ba35ef.html\" target=\"_blank\" rel=\"noopener\"><strong>Destripando la autoayuda: &#8220;Si dicen que funciona pero no hay pruebas, es probable que se trate de un fraude&#8221;<\/strong><\/a><\/em><\/p>\n<\/td>\n<\/tr>\n<tr>\n<td style=\"width: 50%;\"><strong><a class=\"css-4rbku5 css-18t94o4 css-1dbjc4n r-1loqt21 r-1wbh5a2 r-dnmrzs r-1ny4l3l\" role=\"link\" href=\"https:\/\/twitter.com\/Aspirar_al_uno\" target=\"_blank\" rel=\"noopener\"><span class=\"css-901oao css-16my406 css-1hf3ou5 r-poiln3 r-bcqeeo r-qvutc0\"><span class=\"css-901oao css-16my406 r-poiln3 r-bcqeeo r-qvutc0\">Carlos Javier Gonz\u00e1lez Serrano<\/span><\/span><\/a><\/strong><\/td>\n<td style=\"width: 50%;\">Fil\u00f2sof i professor.<strong> <a href=\"https:\/\/ethic.es\/2022\/09\/dejenme-vivir-en-mi-zona-de-confort\/\" target=\"_blank\" rel=\"noopener\"><em>D\u00e9jenme vivir en mi zona de confort<\/em><\/a><\/strong><\/td>\n<\/tr>\n<tr>\n<td style=\"width: 50%;\"><\/td>\n<td style=\"width: 50%;\"><\/td>\n<\/tr>\n<tr>\n<td style=\"width: 50%;\"><a href=\"https:\/\/www.anagrama-ed.es\/libro\/argumentos\/el-entusiasmo\/9788433964175\/A_514\"><strong>Remedios Zafra<\/strong><\/a><\/td>\n<td style=\"width: 50%;\">Escriptora, investigadora i assagista. <strong><a href=\"https:\/\/www.revistadelibros.com\/el-entusiasmo-como-trampa\/\" target=\"_blank\" rel=\"noopener\"><em>El entusiasmo como trampa<\/em><\/a><\/strong><\/td>\n<\/tr>\n<tr>\n<td style=\"width: 50%;\"><a href=\"https:\/\/theconversation.com\/usted-no-esta-disenado-para-ser-feliz-asi-que-ni-lo-intente-121542\" target=\"_blank\" rel=\"noopener\"><strong>Rafael Euba<\/strong><\/a><\/td>\n<td style=\"width: 50%;\">Psiquiatra. <a href=\"https:\/\/theconversation.com\/usted-no-esta-disenado-para-ser-feliz-asi-que-ni-lo-intente-121542\" target=\"_blank\" rel=\"noopener\"><em><strong>Usted no est\u00e1 dise\u00f1ado para ser feliz, as\u00ed que ni lo\u00a0intente<\/strong><\/em><\/a><\/td>\n<\/tr>\n<tr>\n<td style=\"width: 50%;\"><strong><a href=\"https:\/\/www.papelesdelpsicologo.es\/pdf\/2137.pdf\" target=\"_blank\" rel=\"noopener\">Marino P\u00e9rez<\/a><br \/>\n<\/strong><\/td>\n<td style=\"width: 50%;\">Psic\u00f2leg. <a href=\"https:\/\/www.papelesdelpsicologo.es\/pdf\/2137.pdf\" target=\"_blank\" rel=\"noopener\"><em><strong>La psicologia positiva: magia simp\u00e0tica<\/strong><\/em><\/a><\/td>\n<\/tr>\n<tr>\n<td style=\"width: 50%;\"><strong><a href=\"https:\/\/www.luismiguelreal.es\/\" target=\"_blank\" rel=\"noopener\">Luis Miguel Real<\/a><br \/>\n<\/strong><\/td>\n<td style=\"width: 50%;\">Psic\u00f2leg. <em><a href=\"https:\/\/luismiguelreal.blog\/2021\/03\/01\/los-peligros-de-la-autoayuda-y-los-gurus-del-desarrollo-personal\/\" target=\"_blank\" rel=\"noopener\"><strong>Gur\u00fas del crecimiento personal que confunden m\u00e1s que hablan<\/strong><\/a><\/em><\/td>\n<\/tr>\n<\/tbody>\n<\/table>\n<p>&nbsp;<\/p>\n<hr \/>\n<table style=\"width: 100%; border-collapse: collapse; border-color: #c6abcf; background-color: #c6abcf;\">\n<tbody>\n<tr>\n<td style=\"width: 100%;\"><strong>\u2192 Alguns articles sobre el tema:<\/strong><\/td>\n<\/tr>\n<\/tbody>\n<\/table>\n<p id=\"m25-24-26\" class=\"article-title \"><a href=\"https:\/\/www.20minutos.es\/noticia\/4299976\/0\/psicologos-alertan-pensamiento-positivo-pandemia-gente-culpable-por-no-ser-feliz\/\" target=\"_blank\" rel=\"noopener\"><strong>Los psic\u00f3logos alertan sobre la moda del Pensamiento Positivo: &#8220;Hay una pandemia de gente que se siente culpable por no ser feliz&#8221;<\/strong><\/a><\/p>\n<p>&#8220;Llevamos a\u00f1os siendo bombardeados con <strong>esl\u00f3ganes simp\u00e1ticos <\/strong>que leemos en tazas bonitas, agendas cuquis y libros de autoayuda. Es la moda de la <strong>Psicolog\u00eda del Pensamiento Positivo (PsP),<\/strong>\u00a0un movimiento ideol\u00f3gico sobre el que numerosos psic\u00f3logos alertan por los <strong>riesgos <\/strong>que puede comportar en nuestra <strong>salud f\u00edsica y mental. <\/strong><\/p>\n<p id=\"m184-183-185\" class=\"paragraph \">(&#8230;) las generaciones venideras, criadas en un mundo donde el Pensamiento Positivo es lo que se estila y <strong>&#8220;los ni\u00f1os se educan para un mundo feliz que no existe&#8221;.<\/strong><\/p>\n<p id=\"m189-188-190\" class=\"paragraph \">De hecho, psic\u00f3logos y psiquiatras alertan que la PsP est\u00e1 creando una<strong> plaga de narcisismo<\/strong>, de ni\u00f1os que son criados como los reyes de sus casas; pero que fuera que de ella van a ver que no son los reyes del mundo. <strong>\u201cVan a vivir en una frustraci\u00f3n permanente, porque no se les ha educado para encajar que en la vida tambi\u00e9n ocurren cosas malas\u201d,<\/strong> asevera Pardo&#8221;.<\/p>\n<p><a href=\"https:\/\/www.20minutos.es\/noticia\/4299976\/0\/psicologos-alertan-pensamiento-positivo-pandemia-gente-culpable-por-no-ser-feliz\/\" target=\"_blank\" rel=\"noopener\">Llegiu tot l&#8217;article<\/a><\/p>\n<hr \/>\n<p id=\"m25-24-26\" class=\"article-title \"><a href=\"https:\/\/www.20minutos.es\/salud\/la-trampa-de-la-positividad-toxica-salud-mental-nos-hacen-creer-que-podemos-con-todo-4953046\/\" target=\"_blank\" rel=\"noopener\"><strong>La trampa de la positividad t\u00f3xica para nuestra salud mental: &#8220;Nos hacen creer que podemos con todo&#8221;<\/strong><\/a><\/p>\n<p>&#8220;\u00a1T\u00fa puedes con todo!&#8221;. &#8220;Si piensas en positivo, atraer\u00e1s lo positivo&#8221;. &#8220;Querer es poder&#8221;. &#8220;Con actitud todo es posible&#8221;. &#8220;Hoy puede ser un gran d\u00eda. Sonr\u00ede&#8221;. Estos son algunos de los mensajes que inundan las redes sociales, pero que <strong>pueden <a class=\"relacionada-intext\" title=\"Qu\u00e9 es la positividad t\u00f3xica y por qu\u00e9 es peligrosa\" href=\"https:\/\/www.20minutos.es\/noticia\/4509411\/0\/que-es-positividad-toxica-por-que-peligrosa\/\" target=\"_blank\" rel=\"noopener\">convertirse en una trampa y afectar al bienestar psicol\u00f3gico<\/a>.<\/strong><\/p>\n<p>(&#8230;) \u00bfc\u00f3mo podemos identificar este discurso de la felicidad t\u00f3xico y cu\u00e1l es su impacto en la sociedad?<\/p>\n<hr \/>\n<p class=\"post-title post-item-title\"><a href=\"https:\/\/www.publico.es\/psicologia-y-mente\/en-contra-de-la-industria-de-la-felicidad\/\" target=\"_blank\" rel=\"noopener\"><strong>En contra de la \u201cindustria de la felicidad\u201d<\/strong><\/a><\/p>\n<p>Buscas el libro de moda que promete mostrar el camino a la felicidad, acudes a la conferencia de un <em>coach<\/em> supervitaminado que garantiza bienestar a sus seguidores, participas en el curso de mindfulness que propone tu empresa para alcanzar la paz \u2014y de paso ser m\u00e1s productivo\u2014\u00a0y <strong>te compras una taza de caf\u00e9 con una carita sonriente<\/strong> junto al lema \u201c<em>good vibes only<\/em>\u201d.<\/p>\n<p>Est\u00e1s hasta arriba de \u201cindustria de la felicidad\u201d, esa <strong>siniestra alianza vestida de corazoncitos y supuesto buen rollo<\/strong> que est\u00e1 empe\u00f1ada en que busquemos la felicidad\u2026 a toda costa.<\/p>\n<p><a href=\"https:\/\/www.publico.es\/psicologia-y-mente\/en-contra-de-la-industria-de-la-felicidad\/\" target=\"_blank\" rel=\"noopener\">Llegeix tot l&#8217;article<\/a>&#8230;<\/p>\n<hr \/>\n<p><a href=\"https:\/\/serveiseducatius.xtec.cat\/altcamp\/wp-content\/uploads\/usu1130\/2023\/05\/Totalitarismo-positivismo.jpg\"><img loading=\"lazy\" decoding=\"async\" class=\"wp-image-14024 alignleft\" src=\"https:\/\/serveiseducatius.xtec.cat\/altcamp\/wp-content\/uploads\/usu1130\/2023\/05\/Totalitarismo-positivismo-582x1024.jpg\" alt=\"\" width=\"395\" height=\"695\" srcset=\"https:\/\/serveiseducatius.xtec.cat\/altcamp\/wp-content\/uploads\/usu1130\/2023\/05\/Totalitarismo-positivismo-582x1024.jpg 582w, https:\/\/serveiseducatius.xtec.cat\/altcamp\/wp-content\/uploads\/usu1130\/2023\/05\/Totalitarismo-positivismo-171x300.jpg 171w, https:\/\/serveiseducatius.xtec.cat\/altcamp\/wp-content\/uploads\/usu1130\/2023\/05\/Totalitarismo-positivismo.jpg 682w\" sizes=\"auto, (max-width: 395px) 100vw, 395px\" \/><\/a><\/p>\n<div class=\"title-holder\">\n<div class=\"text\">\n<p class=\"uppercase\"><a href=\"https:\/\/ethic.es\/2023\/05\/el-totalitarismo-positivo-emocional\/\" target=\"_blank\" rel=\"noopener\"><strong>El totalitarismo positivo<\/strong><\/a><\/p>\n<p><strong>Los gur\u00fas de la autoayuda nos ense\u00f1an a aceptar tan solo la felicidad, dejando de lado cualquier tipo de molestia. No obstante, \u00bfno esconde este totalitario r\u00e9gimen emocional la imposibilidad de cambiar las injusticias creadas por el sistema?<\/strong><\/p>\n<\/div>\n<\/div>\n<p><span class=\"css-901oao css-16my406 r-poiln3 r-bcqeeo r-qvutc0\">El tir\u00e1nico pensamiento positivo impone c\u00f3mo debemos sentirnos y condena ciertas emociones.<strong> Sin la tristeza, el enfado o la indignaci\u00f3n estaremos preparando un escenario perfecto para impedir una sana y necesaria disidencia frente a nuestros malestares<\/strong><\/span><strong>.<\/strong><\/p>\n<p><a href=\"https:\/\/ethic.es\/2023\/05\/el-totalitarismo-positivo-emocional\/\" target=\"_blank\" rel=\"noopener\">Llegiu l&#8217;article sencer<\/a>&#8230;<\/p>\n<p>&nbsp;<\/p>\n<hr \/>\n<table style=\"width: 100%; border-collapse: collapse; border-color: #eba77a; background-color: #eba77a;\">\n<tbody>\n<tr>\n<td style=\"width: 100%;\"><strong>\u2192 HUMOR: <\/strong><\/td>\n<\/tr>\n<\/tbody>\n<\/table>\n<p><a href=\"https:\/\/twitter.com\/molgh\/status\/635091698046095360\" target=\"_blank\" rel=\"noopener\"><strong>Il\u00b7lustraci\u00f3<\/strong><\/a> del dibuixant Molg H.<\/p>\n<p><a href=\"https:\/\/twitter.com\/molgh\/status\/635091698046095360\" target=\"_blank\" rel=\"noopener\"><img loading=\"lazy\" decoding=\"async\" class=\"alignnone wp-image-14011 size-large\" src=\"https:\/\/serveiseducatius.xtec.cat\/altcamp\/wp-content\/uploads\/usu1130\/2023\/05\/Personas-toxicas-1024x771.jpg\" alt=\"\" width=\"1024\" height=\"771\" srcset=\"https:\/\/serveiseducatius.xtec.cat\/altcamp\/wp-content\/uploads\/usu1130\/2023\/05\/Personas-toxicas-1024x771.jpg 1024w, https:\/\/serveiseducatius.xtec.cat\/altcamp\/wp-content\/uploads\/usu1130\/2023\/05\/Personas-toxicas-300x226.jpg 300w, https:\/\/serveiseducatius.xtec.cat\/altcamp\/wp-content\/uploads\/usu1130\/2023\/05\/Personas-toxicas-768x579.jpg 768w, https:\/\/serveiseducatius.xtec.cat\/altcamp\/wp-content\/uploads\/usu1130\/2023\/05\/Personas-toxicas-1536x1157.jpg 1536w, https:\/\/serveiseducatius.xtec.cat\/altcamp\/wp-content\/uploads\/usu1130\/2023\/05\/Personas-toxicas-200x150.jpg 200w, https:\/\/serveiseducatius.xtec.cat\/altcamp\/wp-content\/uploads\/usu1130\/2023\/05\/Personas-toxicas.jpg 1650w\" sizes=\"auto, (max-width: 1024px) 100vw, 1024px\" \/><\/a><\/p>\n<hr \/>\n<p><strong>El Mundo Today<\/strong><\/p>\n<p class=\"tdb-title-text\"><a href=\"https:\/\/www.elmundotoday.com\/2016\/11\/mr-wonderful-te-hace-pensar-a-saco\/\" target=\"_blank\" rel=\"noopener\"><strong>\u00abMr. Wonderful te hace pensar a saco\u00bb<\/strong><\/a><\/p>\n<p class=\"tdb-title-text\"><a href=\"https:\/\/www.elmundotoday.com\/2016\/05\/paulo-coelho-se-rinde-y-dedicara-sus-proximos-libros-a-ensenar-como-fingir-ser-feliz\/\" target=\"_blank\" rel=\"noopener\"><strong>Paulo Coelho se rinde y dedicar\u00e1 sus pr\u00f3ximos libros a ense\u00f1ar c\u00f3mo fingir ser feliz<\/strong><\/a><\/p>\n<p class=\"entry-title fn\"><a href=\"https:\/\/www.jotdown.es\/2014\/05\/deje-de-ayudarme-cono-como-acabar-de-una-vez-por-todas-con-esa-plaga-llamada-autoayuda\/\" target=\"_blank\" rel=\"noopener\"><strong>C\u00f3mo acabar de una vez por todas con esa plaga llamada autoayuda, <\/strong><\/a>Article en clau d&#8217;humor de Toni Garc\u00eda Ram\u00f3n en Jot Down<\/p>\n<hr \/>\n<p>Par\u00f2dia &#8220;POSITIVO&#8221;: <span class=\"yt-core-attributed-string yt-core-attributed-string--white-space-pre-wrap\" role=\"text\">Gui\u00f3: Pantomima Full i Luc\u00eda Taboada<\/span><\/p>\n<div class=\"ast-oembed-container \" style=\"height: 100%;\"><iframe loading=\"lazy\" title=\"POSITIVO\" width=\"500\" height=\"281\" src=\"https:\/\/www.youtube.com\/embed\/oqbl7kheBsA?feature=oembed\" frameborder=\"0\" allow=\"accelerometer; autoplay; clipboard-write; encrypted-media; gyroscope; picture-in-picture; web-share\" referrerpolicy=\"strict-origin-when-cross-origin\" allowfullscreen><\/iframe><\/div>\n<hr \/>\n<table style=\"width: 100%; border-collapse: collapse; border-color: #b9bdf0; background-color: #b9bdf0;\">\n<tbody>\n<tr>\n<td style=\"width: 100%;\"><strong>M\u00c9S BIBLIOGRAFIA:<\/strong><\/td>\n<\/tr>\n<\/tbody>\n<\/table>\n<p><strong>\u00a0<\/strong><\/p>\n<p><a href=\"https:\/\/serveiseducatius.xtec.cat\/altcamp\/actualitat\/felicitat-i-educacio\/\" target=\"_blank\" rel=\"noopener\"><img loading=\"lazy\" decoding=\"async\" class=\"alignleft wp-image-11249\" src=\"https:\/\/serveiseducatius.xtec.cat\/altcamp\/wp-content\/uploads\/usu1130\/2021\/05\/EducacioPositiva-1024x682.jpg\" sizes=\"auto, (max-width: 1024px) 100vw, 1024px\" srcset=\"https:\/\/serveiseducatius.xtec.cat\/altcamp\/wp-content\/uploads\/usu1130\/2021\/05\/EducacioPositiva-1024x682.jpg 1024w, https:\/\/serveiseducatius.xtec.cat\/altcamp\/wp-content\/uploads\/usu1130\/2021\/05\/EducacioPositiva-300x200.jpg 300w, https:\/\/serveiseducatius.xtec.cat\/altcamp\/wp-content\/uploads\/usu1130\/2021\/05\/EducacioPositiva-768x512.jpg 768w, https:\/\/serveiseducatius.xtec.cat\/altcamp\/wp-content\/uploads\/usu1130\/2021\/05\/EducacioPositiva.jpg 1880w\" alt=\"\" width=\"366\" height=\"244\" \/><\/a><strong><a title=\"El parany de l\u2019educaci\u00f3 positiva\" href=\"https:\/\/serveiseducatius.xtec.cat\/altcamp\/actualitat\/felicitat-i-educacio\/\" rel=\"bookmark\">El parany de l\u2019educaci\u00f3 positiva<\/a><\/strong><\/p>\n<p>L\u2019inter\u00e8s generat per l\u2019 \u201ceducaci\u00f3 positiva\u201d ha crescut de forma exponencial en les \u00faltimes dues d\u00e8cades. Presentat com un nou moviment cient\u00edfic cridat a substituir enfocaments tradicionals o com a remei en mat\u00e8ria d\u2019intervenci\u00f3 educativa, l\u2019argument principal del moviment \u00e9s que la felicitat i l\u2019ensenyament d\u2019habilitats positives s\u00f3n factors fonamentals per prevenir problemes de salut mental, millorar l\u2019aprenentatge o promoure el rendiment escolar. (<a href=\"https:\/\/serveiseducatius.xtec.cat\/altcamp\/actualitat\/felicitat-i-educacio\/\" target=\"_blank\" rel=\"noopener\">Llegeix m\u00e9s<\/a>&#8230;)<\/p>\n<p>&nbsp;<\/p>\n<hr \/>\n<p><img loading=\"lazy\" decoding=\"async\" class=\"wp-image-11342 alignleft\" src=\"https:\/\/serveiseducatius.xtec.cat\/altcamp\/wp-content\/uploads\/usu1130\/2021\/06\/happy-819x1024.jpeg\" sizes=\"auto, (max-width: 619px) 100vw, 619px\" srcset=\"https:\/\/serveiseducatius.xtec.cat\/altcamp\/wp-content\/uploads\/usu1130\/2021\/06\/happy-819x1024.jpeg 819w, https:\/\/serveiseducatius.xtec.cat\/altcamp\/wp-content\/uploads\/usu1130\/2021\/06\/happy-240x300.jpeg 240w, https:\/\/serveiseducatius.xtec.cat\/altcamp\/wp-content\/uploads\/usu1130\/2021\/06\/happy-768x960.jpeg 768w, https:\/\/serveiseducatius.xtec.cat\/altcamp\/wp-content\/uploads\/usu1130\/2021\/06\/happy.jpeg 1200w\" alt=\"\" width=\"365\" height=\"457\" \/><\/p>\n<p><a href=\"https:\/\/serveiseducatius.xtec.cat\/altcamp\/actualitat\/educar-per-a-la-felicitat\/\" target=\"_blank\" rel=\"noopener\"><strong>Educar per a la felicitat?<\/strong><\/a><\/p>\n<p>Multitud de xerrades, tallers de pensament positiu i intel\u00b7lig\u00e8ncia emocional, determinats llibres d\u2019autoajuda i\u00a0mindfulness, han divulgat que per ser feli\u00e7 n\u2019hi ha prou amb desitjar-ho, mirant al teu interior i, sense haver-te de relacionar amb ning\u00fa, canviant la nostra ment. Per\u00f2 per aprendre a desitjar-ho i sentir-ho cal pagar-ho als professionals que viuen del mercat de la felicitat, siguin anomenats cient\u00edfics, psic\u00f2legs,\u00a0coachers\u00a0o escriptors d\u2019autoajuda, i ser\u00e0s feli\u00e7.\u00a0Ser feli\u00e7 \u00e9s, aix\u00ed, una responsabilitat individual, de manera que la infelicitat tamb\u00e9 ho \u00e9s.<\/p>\n<p><strong>Quina relaci\u00f3 se sol establir entre felicitat i educaci\u00f3?<\/strong><\/p>\n<p>(<a href=\"https:\/\/serveiseducatius.xtec.cat\/altcamp\/actualitat\/educar-per-a-la-felicitat\/\" target=\"_blank\" rel=\"noopener\">Llegiu m\u00e9s<\/a>&#8230;)<\/p>\n","protected":false},"excerpt":{"rendered":"<p>En els darrers anys, la positivitat t\u00f2xica ha emergit com un tema cr\u00edtic en el camp de la salut mental i el benestar personal. Sovint percebuda com una &#8220;filosofia&#8221; que promou un constant estat d&#8217;optimisme i felicitat, la positivitat t\u00f2xica pot tenir efectes perjudicials en la salut mental d&#8217;una persona. &#8220;La pregunta que deber\u00edamos hacernos, [&hellip;]<\/p>\n","protected":false},"author":4,"featured_media":14012,"comment_status":"closed","ping_status":"closed","sticky":false,"template":"","format":"standard","meta":{"_bbp_topic_count":0,"_bbp_reply_count":0,"_bbp_total_topic_count":0,"_bbp_total_reply_count":0,"_bbp_voice_count":0,"_bbp_anonymous_reply_count":0,"_bbp_topic_count_hidden":0,"_bbp_reply_count_hidden":0,"_bbp_forum_subforum_count":0,"site-sidebar-layout":"default","site-content-layout":"","ast-site-content-layout":"","site-content-style":"default","site-sidebar-style":"default","ast-global-header-display":"","ast-banner-title-visibility":"","ast-main-header-display":"","ast-hfb-above-header-display":"","ast-hfb-below-header-display":"","ast-hfb-mobile-header-display":"","site-post-title":"","ast-breadcrumbs-content":"","ast-featured-img":"","footer-sml-layout":"","theme-transparent-header-meta":"","adv-header-id-meta":"","stick-header-meta":"","header-above-stick-meta":"","header-main-stick-meta":"","header-below-stick-meta":"","astra-migrate-meta-layouts":"default","ast-page-background-enabled":"default","ast-page-background-meta":{"desktop":{"background-color":"var(--ast-global-color-4)","background-image":"","background-repeat":"repeat","background-position":"center center","background-size":"auto","background-attachment":"scroll","background-type":"","background-media":"","overlay-type":"","overlay-color":"","overlay-opacity":"","overlay-gradient":""},"tablet":{"background-color":"","background-image":"","background-repeat":"repeat","background-position":"center center","background-size":"auto","background-attachment":"scroll","background-type":"","background-media":"","overlay-type":"","overlay-color":"","overlay-opacity":"","overlay-gradient":""},"mobile":{"background-color":"","background-image":"","background-repeat":"repeat","background-position":"center center","background-size":"auto","background-attachment":"scroll","background-type":"","background-media":"","overlay-type":"","overlay-color":"","overlay-opacity":"","overlay-gradient":""}},"ast-content-background-meta":{"desktop":{"background-color":"var(--ast-global-color-5)","background-image":"","background-repeat":"repeat","background-position":"center center","background-size":"auto","background-attachment":"scroll","background-type":"","background-media":"","overlay-type":"","overlay-color":"","overlay-opacity":"","overlay-gradient":""},"tablet":{"background-color":"var(--ast-global-color-5)","background-image":"","background-repeat":"repeat","background-position":"center center","background-size":"auto","background-attachment":"scroll","background-type":"","background-media":"","overlay-type":"","overlay-color":"","overlay-opacity":"","overlay-gradient":""},"mobile":{"background-color":"var(--ast-global-color-5)","background-image":"","background-repeat":"repeat","background-position":"center center","background-size":"auto","background-attachment":"scroll","background-type":"","background-media":"","overlay-type":"","overlay-color":"","overlay-opacity":"","overlay-gradient":""}},"footnotes":""},"categories":[1426,287,1504],"tags":[1068,766,1314,464,318,1312,1135,1086,432,743,389,45,516],"class_list":["post-14004","post","type-post","status-publish","format-standard","has-post-thumbnail","hentry","category-pseudociencia","category-recomanem","category-salut-docents","tag-autoajuda","tag-coaching","tag-critica","tag-educacio-en-valors","tag-filosofia","tag-humor","tag-humor-grafic","tag-injusticia","tag-pensament-critic","tag-pseudociencia","tag-psicologia","tag-salut","tag-salut-mental"],"post_mailing_queue_ids":[],"_links":{"self":[{"href":"https:\/\/serveiseducatius.xtec.cat\/altcamp\/wp-json\/wp\/v2\/posts\/14004","targetHints":{"allow":["GET"]}}],"collection":[{"href":"https:\/\/serveiseducatius.xtec.cat\/altcamp\/wp-json\/wp\/v2\/posts"}],"about":[{"href":"https:\/\/serveiseducatius.xtec.cat\/altcamp\/wp-json\/wp\/v2\/types\/post"}],"author":[{"embeddable":true,"href":"https:\/\/serveiseducatius.xtec.cat\/altcamp\/wp-json\/wp\/v2\/users\/4"}],"replies":[{"embeddable":true,"href":"https:\/\/serveiseducatius.xtec.cat\/altcamp\/wp-json\/wp\/v2\/comments?post=14004"}],"version-history":[{"count":3,"href":"https:\/\/serveiseducatius.xtec.cat\/altcamp\/wp-json\/wp\/v2\/posts\/14004\/revisions"}],"predecessor-version":[{"id":14036,"href":"https:\/\/serveiseducatius.xtec.cat\/altcamp\/wp-json\/wp\/v2\/posts\/14004\/revisions\/14036"}],"wp:featuredmedia":[{"embeddable":true,"href":"https:\/\/serveiseducatius.xtec.cat\/altcamp\/wp-json\/wp\/v2\/media\/14012"}],"wp:attachment":[{"href":"https:\/\/serveiseducatius.xtec.cat\/altcamp\/wp-json\/wp\/v2\/media?parent=14004"}],"wp:term":[{"taxonomy":"category","embeddable":true,"href":"https:\/\/serveiseducatius.xtec.cat\/altcamp\/wp-json\/wp\/v2\/categories?post=14004"},{"taxonomy":"post_tag","embeddable":true,"href":"https:\/\/serveiseducatius.xtec.cat\/altcamp\/wp-json\/wp\/v2\/tags?post=14004"}],"curies":[{"name":"wp","href":"https:\/\/api.w.org\/{rel}","templated":true}]}}