{"id":13811,"date":"2023-04-12T12:51:26","date_gmt":"2023-04-12T10:51:26","guid":{"rendered":"https:\/\/serveiseducatius.xtec.cat\/altcamp\/?p=13811"},"modified":"2023-04-12T12:51:26","modified_gmt":"2023-04-12T10:51:26","slug":"jornada-pedagogica-josep-vallverdu","status":"publish","type":"post","link":"https:\/\/serveiseducatius.xtec.cat\/altcamp\/general\/jornada-pedagogica-josep-vallverdu\/","title":{"rendered":"Jornada Pedag\u00f2gica Josep Vallverd\u00fa"},"content":{"rendered":"<p dir=\"ltr\">Amb motiu de la commemoraci\u00f3 oficial del<a href=\"https:\/\/xtec.gencat.cat\/ca\/centres\/celebracions\/2023\/any-josep-vallverdu\/\" target=\"_blank\" rel=\"noopener noreferrer\" data-saferedirecturl=\"https:\/\/www.google.com\/url?q=https:\/\/xtec.gencat.cat\/ca\/centres\/celebracions\/2023\/any-josep-vallverdu\/&amp;source=gmail&amp;ust=1681380075176000&amp;usg=AOvVaw3vCX4C7zNycUniij7QE3dK\"> centenari del naixement de l\u2019escriptor Josep Vallverd\u00fa<\/a>, el Departament d\u2019Educaci\u00f3 t\u00e9 previst celebrar una Jornada Pedag\u00f2gica dedicada a l\u2019autor el proper <b>dissabte 20 de maig a la Biblioteca P\u00fablica de Lleida <\/b>(Rambla d\u2019Arag\u00f3, 10).<\/p>\n<p dir=\"ltr\">La Jornada Pedag\u00f2gica Josep Vallverd\u00fa s&#8217;adre\u00e7a principalment al<strong> professorat de prim\u00e0ria i secund\u00e0ria<\/strong>, per\u00f2 tamb\u00e9 est\u00e0 oberta a d<b>&#8216;altres professionals de l&#8217;\u00e0mbit educatiu i biblioteques<\/b>. Constar\u00e0 d\u2019una confer\u00e8ncia a c\u00e0rrec de la comiss\u00e0ria de l\u2019<a href=\"https:\/\/cultura.gencat.cat\/ca\/temes\/commemoracions\/2023\/anyjosepvallverdu\/inici\/\" target=\"_blank\" rel=\"noopener noreferrer\" data-saferedirecturl=\"https:\/\/www.google.com\/url?q=https:\/\/cultura.gencat.cat\/ca\/temes\/commemoracions\/2023\/anyjosepvallverdu\/inici\/&amp;source=gmail&amp;ust=1681380075176000&amp;usg=AOvVaw2HJaRjqG0e_hna7TLqMGE_\">Any Josep Vallverd\u00fa<\/a>, Carme Vidal i Huguet, i de la presentaci\u00f3 de les novetats editorials m\u00e9s rellevants, aix\u00ed com d\u2019algunes experi\u00e8ncies de centres i de materials did\u00e0ctics elaborats per a la commemoraci\u00f3.<\/p>\n<p dir=\"ltr\">A m\u00e9s a m\u00e9s, i de manera excepcional, es comptar\u00e0 amb la pres\u00e8ncia de Josep Vallverd\u00fa, a qui se li retr\u00e0 un homenatge especial no nom\u00e9s com a autor prol\u00edfic de llibres infantils i juvenils, i creador de personatges emblem\u00e0tics com el petit Rovell\u00f3, sin\u00f3 tamb\u00e9 com a membre que ha estat de la comunitat docent.<\/p>\n<p dir=\"ltr\">Per acabar, a la mateixa biblioteca, hi haur\u00e0 una visita guiada a l\u2019exposici\u00f3 \u201cGeografies Vallverd\u00fa\u201d, que recull imatges, objectes i fotografies de l\u2019autor, aix\u00ed com tota la seva producci\u00f3 bibliogr\u00e0fica.<\/p>\n<p dir=\"ltr\">El Departament d\u2019Educaci\u00f3 emetr\u00e0, segons el cas, un certificat de participaci\u00f3 als assistents.<\/p>\n<p dir=\"ltr\">Les<a href=\"https:\/\/aplicacions.gestioeducativa.gencat.cat\/pls\/soloas\/pk_for_mod_ins.p_for_detall_activitat?p_codi=9001660555&amp;p_curs=2022-2023&amp;p_es_inscr=S\" target=\"_blank\" rel=\"noopener noreferrer\" data-saferedirecturl=\"https:\/\/www.google.com\/url?q=https:\/\/aplicacions.gestioeducativa.gencat.cat\/pls\/soloas\/pk_for_mod_ins.p_for_detall_activitat?p_codi%3D9001660555%26p_curs%3D2022-2023%26p_es_inscr%3DS&amp;source=gmail&amp;ust=1681380075176000&amp;usg=AOvVaw2cV5dhvqT_39ReDgwZpPyP\"> inscripcions<\/a> es poden fer a trav\u00e9s de la p\u00e0gina web de formaci\u00f3 de l\u2019xtec.<\/p>\n<p dir=\"ltr\"><a href=\"https:\/\/serveiseducatius.xtec.cat\/altcamp\/wp-content\/uploads\/usu1130\/2023\/04\/Jornada-Vallverdu.jpg\"><img loading=\"lazy\" decoding=\"async\" class=\"alignnone size-full wp-image-13812\" src=\"https:\/\/serveiseducatius.xtec.cat\/altcamp\/wp-content\/uploads\/usu1130\/2023\/04\/Jornada-Vallverdu.jpg\" alt=\"\" width=\"948\" height=\"666\" srcset=\"https:\/\/serveiseducatius.xtec.cat\/altcamp\/wp-content\/uploads\/usu1130\/2023\/04\/Jornada-Vallverdu.jpg 948w, https:\/\/serveiseducatius.xtec.cat\/altcamp\/wp-content\/uploads\/usu1130\/2023\/04\/Jornada-Vallverdu-300x211.jpg 300w, https:\/\/serveiseducatius.xtec.cat\/altcamp\/wp-content\/uploads\/usu1130\/2023\/04\/Jornada-Vallverdu-768x540.jpg 768w\" sizes=\"auto, (max-width: 948px) 100vw, 948px\" \/><\/a><\/p>\n","protected":false},"excerpt":{"rendered":"<p>Amb motiu de la commemoraci\u00f3 oficial del centenari del naixement de l\u2019escriptor Josep Vallverd\u00fa, el Departament d\u2019Educaci\u00f3 t\u00e9 previst celebrar una Jornada Pedag\u00f2gica dedicada a l\u2019autor el proper dissabte 20 de maig a la Biblioteca P\u00fablica de Lleida (Rambla d\u2019Arag\u00f3, 10). La Jornada Pedag\u00f2gica Josep Vallverd\u00fa s&#8217;adre\u00e7a principalment al professorat de prim\u00e0ria i secund\u00e0ria, per\u00f2 [&hellip;]<\/p>\n","protected":false},"author":4,"featured_media":13812,"comment_status":"closed","ping_status":"closed","sticky":false,"template":"","format":"standard","meta":{"_bbp_topic_count":0,"_bbp_reply_count":0,"_bbp_total_topic_count":0,"_bbp_total_reply_count":0,"_bbp_voice_count":0,"_bbp_anonymous_reply_count":0,"_bbp_topic_count_hidden":0,"_bbp_reply_count_hidden":0,"_bbp_forum_subforum_count":0,"site-sidebar-layout":"default","site-content-layout":"","ast-site-content-layout":"","site-content-style":"default","site-sidebar-style":"default","ast-global-header-display":"","ast-banner-title-visibility":"","ast-main-header-display":"","ast-hfb-above-header-display":"","ast-hfb-below-header-display":"","ast-hfb-mobile-header-display":"","site-post-title":"","ast-breadcrumbs-content":"","ast-featured-img":"","footer-sml-layout":"","theme-transparent-header-meta":"","adv-header-id-meta":"","stick-header-meta":"","header-above-stick-meta":"","header-main-stick-meta":"","header-below-stick-meta":"","astra-migrate-meta-layouts":"default","ast-page-background-enabled":"default","ast-page-background-meta":{"desktop":{"background-color":"var(--ast-global-color-4)","background-image":"","background-repeat":"repeat","background-position":"center center","background-size":"auto","background-attachment":"scroll","background-type":"","background-media":"","overlay-type":"","overlay-color":"","overlay-opacity":"","overlay-gradient":""},"tablet":{"background-color":"","background-image":"","background-repeat":"repeat","background-position":"center center","background-size":"auto","background-attachment":"scroll","background-type":"","background-media":"","overlay-type":"","overlay-color":"","overlay-opacity":"","overlay-gradient":""},"mobile":{"background-color":"","background-image":"","background-repeat":"repeat","background-position":"center center","background-size":"auto","background-attachment":"scroll","background-type":"","background-media":"","overlay-type":"","overlay-color":"","overlay-opacity":"","overlay-gradient":""}},"ast-content-background-meta":{"desktop":{"background-color":"var(--ast-global-color-5)","background-image":"","background-repeat":"repeat","background-position":"center center","background-size":"auto","background-attachment":"scroll","background-type":"","background-media":"","overlay-type":"","overlay-color":"","overlay-opacity":"","overlay-gradient":""},"tablet":{"background-color":"var(--ast-global-color-5)","background-image":"","background-repeat":"repeat","background-position":"center center","background-size":"auto","background-attachment":"scroll","background-type":"","background-media":"","overlay-type":"","overlay-color":"","overlay-opacity":"","overlay-gradient":""},"mobile":{"background-color":"var(--ast-global-color-5)","background-image":"","background-repeat":"repeat","background-position":"center center","background-size":"auto","background-attachment":"scroll","background-type":"","background-media":"","overlay-type":"","overlay-color":"","overlay-opacity":"","overlay-gradient":""}},"footnotes":""},"categories":[282,1],"tags":[166,226,358,347,174],"class_list":["post-13811","post","type-post","status-publish","format-standard","has-post-thumbnail","hentry","category-actualitat","category-general","tag-biblioteca-escolar","tag-formacio","tag-jornades","tag-literatura-catalana","tag-literatura-infantil"],"post_mailing_queue_ids":[],"_links":{"self":[{"href":"https:\/\/serveiseducatius.xtec.cat\/altcamp\/wp-json\/wp\/v2\/posts\/13811","targetHints":{"allow":["GET"]}}],"collection":[{"href":"https:\/\/serveiseducatius.xtec.cat\/altcamp\/wp-json\/wp\/v2\/posts"}],"about":[{"href":"https:\/\/serveiseducatius.xtec.cat\/altcamp\/wp-json\/wp\/v2\/types\/post"}],"author":[{"embeddable":true,"href":"https:\/\/serveiseducatius.xtec.cat\/altcamp\/wp-json\/wp\/v2\/users\/4"}],"replies":[{"embeddable":true,"href":"https:\/\/serveiseducatius.xtec.cat\/altcamp\/wp-json\/wp\/v2\/comments?post=13811"}],"version-history":[{"count":1,"href":"https:\/\/serveiseducatius.xtec.cat\/altcamp\/wp-json\/wp\/v2\/posts\/13811\/revisions"}],"predecessor-version":[{"id":13813,"href":"https:\/\/serveiseducatius.xtec.cat\/altcamp\/wp-json\/wp\/v2\/posts\/13811\/revisions\/13813"}],"wp:featuredmedia":[{"embeddable":true,"href":"https:\/\/serveiseducatius.xtec.cat\/altcamp\/wp-json\/wp\/v2\/media\/13812"}],"wp:attachment":[{"href":"https:\/\/serveiseducatius.xtec.cat\/altcamp\/wp-json\/wp\/v2\/media?parent=13811"}],"wp:term":[{"taxonomy":"category","embeddable":true,"href":"https:\/\/serveiseducatius.xtec.cat\/altcamp\/wp-json\/wp\/v2\/categories?post=13811"},{"taxonomy":"post_tag","embeddable":true,"href":"https:\/\/serveiseducatius.xtec.cat\/altcamp\/wp-json\/wp\/v2\/tags?post=13811"}],"curies":[{"name":"wp","href":"https:\/\/api.w.org\/{rel}","templated":true}]}}