{"id":13679,"date":"2023-03-15T15:58:31","date_gmt":"2023-03-15T14:58:31","guid":{"rendered":"https:\/\/serveiseducatius.xtec.cat\/altcamp\/?p=13679"},"modified":"2023-03-15T15:58:31","modified_gmt":"2023-03-15T14:58:31","slug":"convocatoria-per-a-la-participacio-en-els-programes-dinnovacio-pedagogica","status":"publish","type":"post","link":"https:\/\/serveiseducatius.xtec.cat\/altcamp\/general\/convocatoria-per-a-la-participacio-en-els-programes-dinnovacio-pedagogica\/","title":{"rendered":"Convocat\u00f2ria per a la participaci\u00f3 en els programes d&#8217;Innovaci\u00f3 Pedag\u00f2gica"},"content":{"rendered":"<p><span class=\"css-901oao css-16my406 r-poiln3 r-bcqeeo r-qvutc0\">S&#8217;ha obert la<a href=\"https:\/\/xtec.gencat.cat\/ca\/innovacio\/programes_innovacio\/convocatoria-programes-innovacio\/\" target=\"_blank\" rel=\"noopener\"><strong> convocat\u00f2ria<\/strong><\/a> per a la participaci\u00f3 en els programes d&#8217;<\/span><span class=\"r-18u37iz\">Innovaci\u00f3 Pedag\u00f2gica<\/span><span class=\"css-901oao css-16my406 r-poiln3 r-bcqeeo r-qvutc0\">. Consulteu-ne tots els detalls. <\/span><span class=\"css-901oao css-16my406 r-poiln3 r-bcqeeo r-qvutc0\">Fins al 15 de maig de 2023<\/span><\/p>\n<p><strong>Programes que obren convocat\u00f2ria per ensenyaments d\u2019educaci\u00f3 infantil, prim\u00e0ria, secund\u00e0ria i\/o batxillerat. Termini de presentaci\u00f3 de sol\u00b7licituds del 15 de mar\u00e7 fins el 15 de maig de 2023.<\/strong><\/p>\n<ul>\n<li><a title=\"#aquiproubullying\" href=\"https:\/\/espai.educacio.gencat.cat\/Centres\/Innovacio-pedagogica\/Programes\/aquiproubullying\/Pagines\/default.aspx\" target=\"_blank\" rel=\"noopener\" data-saferedirecturl=\"https:\/\/www.google.com\/url?q=https:\/\/espai.educacio.gencat.cat\/Centres\/Innovacio-pedagogica\/Programes\/aquiproubullying\/Pagines\/default.aspx&amp;source=gmail&amp;ust=1647517636454000&amp;usg=AOvVaw2Jgf6jQD-CjrE4iU1k-IV0\">#aquiproubullying<\/a><\/li>\n<li><a title=\"Enfocament Restauratiu Global\" href=\"https:\/\/espai.educacio.gencat.cat\/Centres\/Innovacio-pedagogica\/Programes\/Enfocament-Restauratiu-Global\/Pagines\/default.aspx\" target=\"_blank\" rel=\"noopener\">Enfocament Restauratiu Global<\/a><\/li>\n<li><a title=\"AVANCEM: Ensenyament i Aprenentatge Integrat de les Lleng\u00fces\u00a0\" href=\"https:\/\/espai.educacio.gencat.cat\/Centres\/Innovacio-pedagogica\/Programes\/Avancem-Ensenyament-Aprenentatge-integrat\/Pagines\/default.aspx\" target=\"_blank\" rel=\"noopener\">AVANCEM: Ensenyament i Aprenentatge Integrat de les Lleng\u00fces\u00a0<\/a><\/li>\n<li><a title=\"Generaci\u00f3 Pluriling\u00fce GEP\" href=\"https:\/\/espai.educacio.gencat.cat\/Centres\/Innovacio-pedagogica\/Programes\/Generacio-Plurilingue-GEP\/Pagines\/default.aspx\" target=\"_blank\" rel=\"noopener\">Generaci\u00f3 Pluriling\u00fce GEP<\/a><\/li>\n<li><a title=\"Comunitats d'aprenentatge\" href=\"https:\/\/espai.educacio.gencat.cat\/Centres\/Innovacio-pedagogica\/Programes\/xarxa-comunitats\/Pagines\/default.aspx\" target=\"_blank\" rel=\"noopener\">Comunitats d&#8217;aprenentatge<\/a><\/li>\n<li><a title=\"Magnet Aliances per a l'\u00c8xit Educatiu\" href=\"https:\/\/magnet.cat\/\" target=\"_blank\" rel=\"noopener\">Magnet Aliances per a l&#8217;\u00c8xit Educatiu<\/a><\/li>\n<li><a title=\"araArt\" href=\"https:\/\/espai.educacio.gencat.cat\/Centres\/Innovacio-pedagogica\/Programes\/AraArt\/Pagines\/default.aspx\" target=\"_blank\" rel=\"noopener\">araArt<\/a><\/li>\n<li><a title=\"Escoles T\u00e0ndem\" href=\"https:\/\/espai.educacio.gencat.cat\/Centres\/Innovacio-pedagogica\/Programes\/Escoles-Tandem\/Pagines\/default.aspx\" target=\"_blank\" rel=\"noopener\">Escoles T\u00e0ndem<\/a><\/li>\n<li><a title=\"Recerca AULA\" href=\"https:\/\/espai.educacio.gencat.cat\/Centres\/Innovacio-pedagogica\/Programes\/RecercAULA\/Pagines\/default.aspx\" target=\"_blank\" rel=\"noopener\">Recerca AULA<\/a><\/li>\n<li><a title=\"Recerca, Creaci\u00f3 i Servei\" href=\"https:\/\/espai.educacio.gencat.cat\/Centres\/Innovacio-pedagogica\/Programes\/RCS\/Pagines\/default.aspx\" target=\"_blank\" rel=\"noopener\">Recerca, Creaci\u00f3 i Servei<\/a><\/li>\n<li><a title=\"Xarxa de Compet\u00e8ncies\" href=\"https:\/\/espai.educacio.gencat.cat\/Centres\/Innovacio-pedagogica\/Programes\/xarxa-competencies\/Pagines\/default.aspx\" target=\"_blank\" rel=\"noopener\">Xarxa de Compet\u00e8ncies<\/a>\n<p>Els programes d\u2019innovaci\u00f3 consisteixen en plans d\u2019acci\u00f3 que el Departament d\u2019Educaci\u00f3 prioritza i impulsa, i que tenen com a finalitat millorar els resultats del sistema educatiu adequant-lo al canvi i a l\u2019evoluci\u00f3 social. Amb la mateixa finalitat tamb\u00e9 s\u2019inclouen les iniciatives d\u2019altres institucions amb les quals el Departament col\u00b7labora mitjan\u00e7ant acords o convenis (Article 2 Ordre Ens\/303\/2015).<\/p>\n<p><a href=\"https:\/\/xtec.gencat.cat\/ca\/innovacio\/programes_innovacio\/convocatoria-programes-innovacio\/\" target=\"_blank\" rel=\"noopener\"><img loading=\"lazy\" decoding=\"async\" class=\"alignnone wp-image-13680 size-full\" src=\"https:\/\/serveiseducatius.xtec.cat\/altcamp\/wp-content\/uploads\/usu1130\/2023\/03\/Convocatories-programes-dinnovacio.jpg\" alt=\"\" width=\"553\" height=\"311\" srcset=\"https:\/\/serveiseducatius.xtec.cat\/altcamp\/wp-content\/uploads\/usu1130\/2023\/03\/Convocatories-programes-dinnovacio.jpg 553w, https:\/\/serveiseducatius.xtec.cat\/altcamp\/wp-content\/uploads\/usu1130\/2023\/03\/Convocatories-programes-dinnovacio-300x169.jpg 300w\" sizes=\"auto, (max-width: 553px) 100vw, 553px\" \/><\/a><\/li>\n<\/ul>\n","protected":false},"excerpt":{"rendered":"<p>S&#8217;ha obert la convocat\u00f2ria per a la participaci\u00f3 en els programes d&#8217;Innovaci\u00f3 Pedag\u00f2gica. Consulteu-ne tots els detalls. Fins al 15 de maig de 2023 Programes que obren convocat\u00f2ria per ensenyaments d\u2019educaci\u00f3 infantil, prim\u00e0ria, secund\u00e0ria i\/o batxillerat. Termini de presentaci\u00f3 de sol\u00b7licituds del 15 de mar\u00e7 fins el 15 de maig de 2023. #aquiproubullying Enfocament Restauratiu [&hellip;]<\/p>\n","protected":false},"author":4,"featured_media":13680,"comment_status":"closed","ping_status":"closed","sticky":false,"template":"","format":"standard","meta":{"_bbp_topic_count":0,"_bbp_reply_count":0,"_bbp_total_topic_count":0,"_bbp_total_reply_count":0,"_bbp_voice_count":0,"_bbp_anonymous_reply_count":0,"_bbp_topic_count_hidden":0,"_bbp_reply_count_hidden":0,"_bbp_forum_subforum_count":0,"site-sidebar-layout":"default","site-content-layout":"","ast-site-content-layout":"","site-content-style":"default","site-sidebar-style":"default","ast-global-header-display":"","ast-banner-title-visibility":"","ast-main-header-display":"","ast-hfb-above-header-display":"","ast-hfb-below-header-display":"","ast-hfb-mobile-header-display":"","site-post-title":"","ast-breadcrumbs-content":"","ast-featured-img":"","footer-sml-layout":"","theme-transparent-header-meta":"","adv-header-id-meta":"","stick-header-meta":"","header-above-stick-meta":"","header-main-stick-meta":"","header-below-stick-meta":"","astra-migrate-meta-layouts":"default","ast-page-background-enabled":"default","ast-page-background-meta":{"desktop":{"background-color":"var(--ast-global-color-4)","background-image":"","background-repeat":"repeat","background-position":"center center","background-size":"auto","background-attachment":"scroll","background-type":"","background-media":"","overlay-type":"","overlay-color":"","overlay-opacity":"","overlay-gradient":""},"tablet":{"background-color":"","background-image":"","background-repeat":"repeat","background-position":"center center","background-size":"auto","background-attachment":"scroll","background-type":"","background-media":"","overlay-type":"","overlay-color":"","overlay-opacity":"","overlay-gradient":""},"mobile":{"background-color":"","background-image":"","background-repeat":"repeat","background-position":"center center","background-size":"auto","background-attachment":"scroll","background-type":"","background-media":"","overlay-type":"","overlay-color":"","overlay-opacity":"","overlay-gradient":""}},"ast-content-background-meta":{"desktop":{"background-color":"var(--ast-global-color-5)","background-image":"","background-repeat":"repeat","background-position":"center center","background-size":"auto","background-attachment":"scroll","background-type":"","background-media":"","overlay-type":"","overlay-color":"","overlay-opacity":"","overlay-gradient":""},"tablet":{"background-color":"var(--ast-global-color-5)","background-image":"","background-repeat":"repeat","background-position":"center center","background-size":"auto","background-attachment":"scroll","background-type":"","background-media":"","overlay-type":"","overlay-color":"","overlay-opacity":"","overlay-gradient":""},"mobile":{"background-color":"var(--ast-global-color-5)","background-image":"","background-repeat":"repeat","background-position":"center center","background-size":"auto","background-attachment":"scroll","background-type":"","background-media":"","overlay-type":"","overlay-color":"","overlay-opacity":"","overlay-gradient":""}},"footnotes":""},"categories":[282,1],"tags":[],"class_list":["post-13679","post","type-post","status-publish","format-standard","has-post-thumbnail","hentry","category-actualitat","category-general"],"post_mailing_queue_ids":[],"_links":{"self":[{"href":"https:\/\/serveiseducatius.xtec.cat\/altcamp\/wp-json\/wp\/v2\/posts\/13679","targetHints":{"allow":["GET"]}}],"collection":[{"href":"https:\/\/serveiseducatius.xtec.cat\/altcamp\/wp-json\/wp\/v2\/posts"}],"about":[{"href":"https:\/\/serveiseducatius.xtec.cat\/altcamp\/wp-json\/wp\/v2\/types\/post"}],"author":[{"embeddable":true,"href":"https:\/\/serveiseducatius.xtec.cat\/altcamp\/wp-json\/wp\/v2\/users\/4"}],"replies":[{"embeddable":true,"href":"https:\/\/serveiseducatius.xtec.cat\/altcamp\/wp-json\/wp\/v2\/comments?post=13679"}],"version-history":[{"count":1,"href":"https:\/\/serveiseducatius.xtec.cat\/altcamp\/wp-json\/wp\/v2\/posts\/13679\/revisions"}],"predecessor-version":[{"id":13681,"href":"https:\/\/serveiseducatius.xtec.cat\/altcamp\/wp-json\/wp\/v2\/posts\/13679\/revisions\/13681"}],"wp:featuredmedia":[{"embeddable":true,"href":"https:\/\/serveiseducatius.xtec.cat\/altcamp\/wp-json\/wp\/v2\/media\/13680"}],"wp:attachment":[{"href":"https:\/\/serveiseducatius.xtec.cat\/altcamp\/wp-json\/wp\/v2\/media?parent=13679"}],"wp:term":[{"taxonomy":"category","embeddable":true,"href":"https:\/\/serveiseducatius.xtec.cat\/altcamp\/wp-json\/wp\/v2\/categories?post=13679"},{"taxonomy":"post_tag","embeddable":true,"href":"https:\/\/serveiseducatius.xtec.cat\/altcamp\/wp-json\/wp\/v2\/tags?post=13679"}],"curies":[{"name":"wp","href":"https:\/\/api.w.org\/{rel}","templated":true}]}}