{"id":13455,"date":"2023-02-17T11:47:00","date_gmt":"2023-02-17T10:47:00","guid":{"rendered":"https:\/\/serveiseducatius.xtec.cat\/altcamp\/?p=13455"},"modified":"2023-02-17T11:47:37","modified_gmt":"2023-02-17T10:47:37","slug":"art-i-medi-ambient","status":"publish","type":"post","link":"https:\/\/serveiseducatius.xtec.cat\/altcamp\/recursos\/recomanem\/art-i-medi-ambient\/","title":{"rendered":"Art i Medi Ambient"},"content":{"rendered":"<p class=\"Standard\">El <a href=\"https:\/\/agroambient.gva.es\/documents\/20550103\/367056365\/MAIMA.pdf\/756c72e2-ffed-c89e-e2f6-30082d00fe31?t=1669280601051\" target=\"_blank\" rel=\"noopener\"><strong>Monogr\u00e1fic Art i Medi Ambient (MAiMA)<\/strong><\/a>, elaborat en el Centre d\u2019Educaci\u00f3 Ambiental de la C.V., mostra algunes de les iniciatives fruit de l&#8217;alian\u00e7a entre l&#8217;art i l&#8217;educaci\u00f3 ambiental. Com els i les artistes expressen a trav\u00e9s de les seves obres conceptes, idees i sensacions i com l&#8217;E.A. pot incorporar aquestes obres en el seu proc\u00e9s de treball amb la societat.<\/p>\n<p class=\"Standard\">Aquest document \u00e9s un reflex d&#8217;aquesta relaci\u00f3 i del seu potencial per a la transici\u00f3 ecosocial que necess\u00e0riament hem de dur a terme.<\/p>\n<p><em><span dir=\"ltr\" role=\"presentation\">&#8220;En el present <a href=\"https:\/\/agroambient.gva.es\/documents\/20550103\/367056365\/MAIMA.pdf\/756c72e2-ffed-c89e-e2f6-30082d00fe31?t=1669280601051\" target=\"_blank\" rel=\"noopener\"><strong>monogr\u00e0fic<\/strong><\/a> hem volgut aportar una reflexi\u00f3 sobre la relaci\u00f3 de l&#8217;art i el medi ambient i con\u00e9ixer experi\u00e8ncies i <\/span><\/em><em><span dir=\"ltr\" role=\"presentation\">casos en els quals aquesta relaci\u00f3 ha servit per a la realitzaci\u00f3 de projectes molt diversos. <\/span><\/em><\/p>\n<p><br role=\"presentation\" \/><em><span dir=\"ltr\" role=\"presentation\">L&#8217;art \u00e9s un llenguatge altament recomanable per a tractar d&#8217;arribar al p\u00fablic general per a comunicar-li i transmetre-li missatges <\/span><span dir=\"ltr\" role=\"presentation\">de tota mena, per\u00f2 en aquest cas, especialment els relatius a les problem\u00e0tiques ambientals, que en moltes ocasions s\u00f3n dif\u00edcils <\/span><span dir=\"ltr\" role=\"presentation\">de comprendre per la seua complexitat cientificot\u00e8cnica. L&#8217;art actua de filtre, de traductor d&#8217;aqueixos missatges per a fer-los m\u00e9s <\/span><span dir=\"ltr\" role=\"presentation\">comprensibles i atractius per al gran p\u00fablic i al mateix temps per a fer-li reflexionar i pensar<\/span><span dir=\"ltr\" role=\"presentation\">. \u00c9s una eina potent\u00edssima a trav\u00e9s de la qual poder iniciar i avan\u00e7ar en els processos d&#8217;educaci\u00f3 ambiental del conjunt<\/span><\/em><br role=\"presentation\" \/><em><span dir=\"ltr\" role=\"presentation\">de la societat.<\/span><\/em><\/p>\n<p><br role=\"presentation\" \/><em><span dir=\"ltr\" role=\"presentation\">\u00c9s per aix\u00f2 que la col\u00b7laboraci\u00f3 entre artistes i comunicadors i educadors ambientals pot i deu ser una alian\u00e7a de progr\u00e9s en el camp <\/span><span dir=\"ltr\" role=\"presentation\">de la millora ambiental global i local, una forma de retroalimentaci\u00f3 m\u00fatua que permeta aconseguir objectius socioambienals <\/span><span dir=\"ltr\" role=\"presentation\">ambiciosos i beneficiosos per a tota la ciutadania&#8221;.<\/span><\/em><\/p>\n<p><a href=\"https:\/\/agroambient.gva.es\/documents\/20550103\/367056365\/MAIMA.pdf\/756c72e2-ffed-c89e-e2f6-30082d00fe31?t=1669280601051\" target=\"_blank\" rel=\"noopener\"><img loading=\"lazy\" decoding=\"async\" class=\"alignnone wp-image-13456 size-full\" src=\"https:\/\/serveiseducatius.xtec.cat\/altcamp\/wp-content\/uploads\/usu1130\/2023\/02\/MaiMa.jpg\" alt=\"\" width=\"750\" height=\"737\" srcset=\"https:\/\/serveiseducatius.xtec.cat\/altcamp\/wp-content\/uploads\/usu1130\/2023\/02\/MaiMa.jpg 750w, https:\/\/serveiseducatius.xtec.cat\/altcamp\/wp-content\/uploads\/usu1130\/2023\/02\/MaiMa-300x295.jpg 300w\" sizes=\"auto, (max-width: 750px) 100vw, 750px\" \/><\/a><\/p>\n<p>&#8220;En aquests moments, en els quals les problem\u00e0tiques ambientals en general i l&#8217;emerg\u00e8ncia clim\u00e0tica en particular, s\u00f3n uns dels majors reptes als quals ens enfrontem com a esp\u00e8cie i civilitzaci\u00f3, l&#8217;art no \u00e9s un element ali\u00e9 a la situaci\u00f3. Les i els artistes reflecteixen en nombroses ocasions en les seues obres actuals, i tamb\u00e9 en unes altres no ja tan actuals, les inquietuds, dubtes, pors per\u00f2 tamb\u00e9 reivindicacions, esperances i aspiracions respecte a aquesta situaci\u00f3 d&#8217;\u00e0mbit global per\u00f2 tamb\u00e9 local.<\/p>\n<p>Al mateix temps, i tamb\u00e9 fa ja des de moltes d\u00e8cades, en el camp estrictament ambiental, i amb l&#8217;Educaci\u00f3 Ambiental com a eina, estem tractant de generar en el conjunt de la societat, processos de conscienciaci\u00f3, participaci\u00f3 i canvis de comportaments per a aportar solucions col\u00b7lectives i personals al c\u00famul de problemes ambientals que les mateixes societat humanes hem generat al llarg de generacions.<\/p>\n<p>L&#8217;art, com a element de connexi\u00f3 amb la societat i transmissor d&#8217;idees, valors, facilitador de la comunicaci\u00f3 amb ella i de la posada en marxa de processos de reflexi\u00f3, pot ser, i ho \u00e9s sens dubte, un enorme aliat per a l&#8217;Educaci\u00f3 Ambiental.<\/p>\n<p class=\"Standard\">L&#8217;art \u00e9s capa\u00e7 d&#8217;interpretar i interpel\u00b7lar a la comunitat humana perqu\u00e8 reflexione, i moure-la a l&#8217;acci\u00f3. L&#8217;art t\u00e9 aqueix llenguatge com\u00fa que \u00e9s capa\u00e7 de recollir els sentiments que genera la problem\u00e0tica ambiental i traduir-los per a fer-los comprensibles per al p\u00fablic, i a m\u00e9s, al mateix temps, pot ser capa\u00e7 d&#8217;oferir esperan\u00e7a i moure a l&#8217;acci\u00f3.<\/p>\n<p class=\"Standard\">L&#8217;Educaci\u00f3 Ambiental ha percebut l&#8217;art com un poder\u00f3s aliat en el proc\u00e9s de seducci\u00f3 i acostament a les persones, per a tractar de fer-nos, fer-los arribar el crit d&#8217;alerta, el discurs d&#8217;explicaci\u00f3 i l&#8217;al\u00e9 d&#8217;\u00e0nim per a mobilitzar-nos a l&#8217;acci\u00f3 individual i col\u00b7lectiva que permeta aconseguir els canvis en les estructures per a conformar una societat m\u00e9s sostenible, m\u00e9s democr\u00e0tica i m\u00e9s justa. Per a aix\u00f2, Art i Educaci\u00f3 Ambiental, Educaci\u00f3 Ambiental i Art, s\u00f3n aliats en aquest cam\u00ed.<\/p>\n","protected":false},"excerpt":{"rendered":"<p>El Monogr\u00e1fic Art i Medi Ambient (MAiMA), elaborat en el Centre d\u2019Educaci\u00f3 Ambiental de la C.V., mostra algunes de les iniciatives fruit de l&#8217;alian\u00e7a entre l&#8217;art i l&#8217;educaci\u00f3 ambiental. Com els i les artistes expressen a trav\u00e9s de les seves obres conceptes, idees i sensacions i com l&#8217;E.A. pot incorporar aquestes obres en el seu [&hellip;]<\/p>\n","protected":false},"author":4,"featured_media":13456,"comment_status":"closed","ping_status":"closed","sticky":false,"template":"","format":"standard","meta":{"_bbp_topic_count":0,"_bbp_reply_count":0,"_bbp_total_topic_count":0,"_bbp_total_reply_count":0,"_bbp_voice_count":0,"_bbp_anonymous_reply_count":0,"_bbp_topic_count_hidden":0,"_bbp_reply_count_hidden":0,"_bbp_forum_subforum_count":0,"site-sidebar-layout":"default","site-content-layout":"","ast-site-content-layout":"","site-content-style":"default","site-sidebar-style":"default","ast-global-header-display":"","ast-banner-title-visibility":"","ast-main-header-display":"","ast-hfb-above-header-display":"","ast-hfb-below-header-display":"","ast-hfb-mobile-header-display":"","site-post-title":"","ast-breadcrumbs-content":"","ast-featured-img":"","footer-sml-layout":"","theme-transparent-header-meta":"","adv-header-id-meta":"","stick-header-meta":"","header-above-stick-meta":"","header-main-stick-meta":"","header-below-stick-meta":"","astra-migrate-meta-layouts":"default","ast-page-background-enabled":"default","ast-page-background-meta":{"desktop":{"background-color":"var(--ast-global-color-4)","background-image":"","background-repeat":"repeat","background-position":"center center","background-size":"auto","background-attachment":"scroll","background-type":"","background-media":"","overlay-type":"","overlay-color":"","overlay-opacity":"","overlay-gradient":""},"tablet":{"background-color":"","background-image":"","background-repeat":"repeat","background-position":"center center","background-size":"auto","background-attachment":"scroll","background-type":"","background-media":"","overlay-type":"","overlay-color":"","overlay-opacity":"","overlay-gradient":""},"mobile":{"background-color":"","background-image":"","background-repeat":"repeat","background-position":"center center","background-size":"auto","background-attachment":"scroll","background-type":"","background-media":"","overlay-type":"","overlay-color":"","overlay-opacity":"","overlay-gradient":""}},"ast-content-background-meta":{"desktop":{"background-color":"var(--ast-global-color-5)","background-image":"","background-repeat":"repeat","background-position":"center center","background-size":"auto","background-attachment":"scroll","background-type":"","background-media":"","overlay-type":"","overlay-color":"","overlay-opacity":"","overlay-gradient":""},"tablet":{"background-color":"var(--ast-global-color-5)","background-image":"","background-repeat":"repeat","background-position":"center center","background-size":"auto","background-attachment":"scroll","background-type":"","background-media":"","overlay-type":"","overlay-color":"","overlay-opacity":"","overlay-gradient":""},"mobile":{"background-color":"var(--ast-global-color-5)","background-image":"","background-repeat":"repeat","background-position":"center center","background-size":"auto","background-attachment":"scroll","background-type":"","background-media":"","overlay-type":"","overlay-color":"","overlay-opacity":"","overlay-gradient":""}},"footnotes":""},"categories":[287],"tags":[597,342,963,486,1233,310,754,341],"class_list":["post-13455","post","type-post","status-publish","format-standard","has-post-thumbnail","hentry","category-recomanem","tag-art","tag-canvi-climatic","tag-economia","tag-educacio-ambiental","tag-expressio-artistica","tag-medi-ambient","tag-societat","tag-sostenibilitat"],"post_mailing_queue_ids":[],"_links":{"self":[{"href":"https:\/\/serveiseducatius.xtec.cat\/altcamp\/wp-json\/wp\/v2\/posts\/13455","targetHints":{"allow":["GET"]}}],"collection":[{"href":"https:\/\/serveiseducatius.xtec.cat\/altcamp\/wp-json\/wp\/v2\/posts"}],"about":[{"href":"https:\/\/serveiseducatius.xtec.cat\/altcamp\/wp-json\/wp\/v2\/types\/post"}],"author":[{"embeddable":true,"href":"https:\/\/serveiseducatius.xtec.cat\/altcamp\/wp-json\/wp\/v2\/users\/4"}],"replies":[{"embeddable":true,"href":"https:\/\/serveiseducatius.xtec.cat\/altcamp\/wp-json\/wp\/v2\/comments?post=13455"}],"version-history":[{"count":3,"href":"https:\/\/serveiseducatius.xtec.cat\/altcamp\/wp-json\/wp\/v2\/posts\/13455\/revisions"}],"predecessor-version":[{"id":13460,"href":"https:\/\/serveiseducatius.xtec.cat\/altcamp\/wp-json\/wp\/v2\/posts\/13455\/revisions\/13460"}],"wp:featuredmedia":[{"embeddable":true,"href":"https:\/\/serveiseducatius.xtec.cat\/altcamp\/wp-json\/wp\/v2\/media\/13456"}],"wp:attachment":[{"href":"https:\/\/serveiseducatius.xtec.cat\/altcamp\/wp-json\/wp\/v2\/media?parent=13455"}],"wp:term":[{"taxonomy":"category","embeddable":true,"href":"https:\/\/serveiseducatius.xtec.cat\/altcamp\/wp-json\/wp\/v2\/categories?post=13455"},{"taxonomy":"post_tag","embeddable":true,"href":"https:\/\/serveiseducatius.xtec.cat\/altcamp\/wp-json\/wp\/v2\/tags?post=13455"}],"curies":[{"name":"wp","href":"https:\/\/api.w.org\/{rel}","templated":true}]}}