{"id":13434,"date":"2023-02-13T12:42:43","date_gmt":"2023-02-13T11:42:43","guid":{"rendered":"https:\/\/serveiseducatius.xtec.cat\/altcamp\/?p=13434"},"modified":"2023-02-13T12:42:43","modified_gmt":"2023-02-13T11:42:43","slug":"espai-planetaccio","status":"publish","type":"post","link":"https:\/\/serveiseducatius.xtec.cat\/altcamp\/actualitat\/espai-planetaccio\/","title":{"rendered":"Espai PlanetAcci\u00f3"},"content":{"rendered":"<p>&nbsp;<\/p>\n<p><b><a href=\"https:\/\/youtu.be\/xb5RgpxhAFc\" target=\"_blank\" rel=\"noopener\" data-saferedirecturl=\"https:\/\/www.google.com\/url?q=https:\/\/youtu.be\/xb5RgpxhAFc&amp;source=gmail&amp;ust=1675930775835000&amp;usg=AOvVaw0PKmMgu1djoKF0nl9T01Ss\">Espai PlanetAcci\u00f3 <\/a><\/b>\u00e9s una <b>comunitat educativa virtual<\/b>\u00a0oberta a tot el\u00a0professorat de secund\u00e0ria\u00a0interessat a apropar la <strong>sobirania aliment\u00e0ria<\/strong> a les aules. L\u2019objectiu principal \u00e9s crear una consci\u00e8ncia cr\u00edtica sobre les problem\u00e0tiques socials i ambientals generades per la ind\u00fastria aliment\u00e0ria actual i donar eines\u00a0per transitar cap a models alimentaris m\u00e9s \u00e8tics i sostenibles.<\/p>\n<p>L\u2019Espai PlanetAcci\u00f3 \u00e9s un nou recurs de <a href=\"https:\/\/justiciaalimentaria.org\/\" target=\"_blank\" rel=\"noopener\"><strong>Just\u00edcia Aliment\u00e0ria<\/strong><\/a>, totalment gratu\u00eft, per treballar la Sobirania Aliment\u00e0ria. Aquest espai \u00e9s una <b>comunitat educativa virtual<\/b>\u00a0oberta a tot el\u00a0<b>professorat de secund\u00e0ria<\/b>\u00a0<b>interessat a apropar la sobirania aliment\u00e0ria a les aules.<\/b><\/p>\n<p>Ofereix acc\u00e9s gratu\u00eft a <b>recursos educatius<\/b>\u00a0i\u00a0<b>formacions en l\u00ednia<\/b> sobre tem\u00e0tiques com el canvi clim\u00e0tic, l\u2019ecofeminisme i la defensa dels drets humans.<\/p>\n<p>Si voleu accedir a recursos pedag\u00f2gics per treballar el canvi clim\u00e0tic a secund\u00e0ria com <b><a href=\"https:\/\/view.genial.ly\/63d125977edb5a001220a829\/presentation-presentacion-digital-basica\" target=\"_blank\" rel=\"noopener\" data-saferedirecturl=\"https:\/\/www.google.com\/url?q=https:\/\/view.genial.ly\/63d125977edb5a001220a829\/presentation-presentacion-digital-basica&amp;source=gmail&amp;ust=1675773300463000&amp;usg=AOvVaw2mbhytCbpJ9M2y96Gu87lE\">aquest\u00a0<\/a><\/b>que ha creat l\u2019Observatori Desc, us heu de donar d\u2019alta a l\u2019espai PlanetAcci\u00f3 per accedir a aquest i molts altres recursos educatius.<\/p>\n<p>Envia\u00a0un correu a\u00a0<a href=\"mailto:planetaccio@justiciaalimentaria.org\" target=\"_blank\" rel=\"noopener\"><b>planetaccio@<wbr \/>justiciaalimentaria.org<\/b><\/a><\/p>\n<p><strong><a href=\"https:\/\/www.youtube.com\/watch?v=xb5RgpxhAFc\">Enlla\u00e7 a la presentaci\u00f3<\/a><\/strong><\/p>\n<p>&nbsp;<\/p>\n<div class=\"fusion-text fusion-text-4\">\n<p><strong>Mitjan\u00e7ant la investigaci\u00f3, la den\u00fancia, l\u2019educaci\u00f3, la formaci\u00f3 i la mobilitzaci\u00f3<\/strong>, aix\u00ed com la <strong>pressi\u00f3<\/strong> sobre els governs amb les seves propostes i alternatives que protegeixin els <strong>drets humans i mediambientals<\/strong>, fan de contrap\u00e8s al poder de la ind\u00fastria aliment\u00e0ria.<\/p>\n<p>Entre les seves accions principals, Just\u00edcia Aliment\u00e0ria duu a terme <strong>campanyes<\/strong> per a la ciutadania, <strong>den\u00fancies<\/strong> i <strong>propostes<\/strong> <strong>alternatives<\/strong> al model productiu dominant, projectes de <strong>cooperaci\u00f3 internacional<\/strong>, <strong>educaci\u00f3 transformadora<\/strong> i <strong>formaci\u00f3<\/strong> per enfortir les xarxes i organitzacions pageses.<\/p>\n<p>L\u2019Espai PlanetAcci\u00f3 \u00e9s un nou recurs de Just\u00edcia Aliment\u00e0ria, totalment gratu\u00eft, per treballar la Sobirania Aliment\u00e0ria. Aquest espai \u00e9s una <b>comunitat educativa virtual<\/b>\u00a0oberta a tot el\u00a0<b>professorat de secund\u00e0ria<\/b>\u00a0<b>interessat a apropar la sobirania aliment\u00e0ria a les aules.<\/b><\/p>\n<p>L\u2019objectiu \u00e9s crear una consci\u00e8ncia cr\u00edtica sobre les problem\u00e0tiques socials i ambientals generades per la ind\u00fastria aliment\u00e0ria actual i donar eines\u00a0<b>per transitar cap a models alimentaris m\u00e9s \u00e8tics i sostenibles.<\/b><\/p>\n<p>Que ofereix acc\u00e9s gratu\u00eft a\u00a0<b>recursos educatius<\/b>\u00a0i\u00a0<b>formacions en l\u00ednia<\/b> sobre tem\u00e0tiques com el canvi clim\u00e0tic, l\u2019ecofeminisme i la defensa dels drets humans.<\/p>\n<p>Si vols accedir a recursos pedag\u00f2gics per treballar el canvi clim\u00e0tic a secund\u00e0ria com <b><a href=\"https:\/\/view.genial.ly\/63d125977edb5a001220a829\/presentation-presentacion-digital-basica\" target=\"_blank\" rel=\"noopener\" data-saferedirecturl=\"https:\/\/www.google.com\/url?q=https:\/\/view.genial.ly\/63d125977edb5a001220a829\/presentation-presentacion-digital-basica&amp;source=gmail&amp;ust=1675773300463000&amp;usg=AOvVaw2mbhytCbpJ9M2y96Gu87lE\">aquest\u00a0<\/a><\/b>que ha creat l\u2019Observatori Desc, t\u2019has de donar d\u2019alta a l\u2019espai PlanetAcci\u00f3 per accedir a aquest i molts altres recursos educatius.<\/p>\n<p>Envia\u00a0un correu a\u00a0<a href=\"mailto:planetaccio@justiciaalimentaria.org\" target=\"_blank\" rel=\"noopener\"><b>planetaccio@<wbr \/>justiciaalimentaria.org<\/b><\/a><\/p>\n<p><strong><a href=\"https:\/\/www.youtube.com\/watch?v=xb5RgpxhAFc\">Enlla\u00e7 a la presentaci\u00f3<\/a><\/strong><\/p>\n<p><a href=\"https:\/\/justiciaalimentaria.org\/\" target=\"_blank\" rel=\"noopener\"><img loading=\"lazy\" decoding=\"async\" class=\"alignnone wp-image-13436 size-full\" src=\"https:\/\/serveiseducatius.xtec.cat\/altcamp\/wp-content\/uploads\/usu1130\/2023\/02\/infografia-espai-planetaccio.jpg\" alt=\"\" width=\"603\" height=\"857\" srcset=\"https:\/\/serveiseducatius.xtec.cat\/altcamp\/wp-content\/uploads\/usu1130\/2023\/02\/infografia-espai-planetaccio.jpg 603w, https:\/\/serveiseducatius.xtec.cat\/altcamp\/wp-content\/uploads\/usu1130\/2023\/02\/infografia-espai-planetaccio-211x300.jpg 211w\" sizes=\"auto, (max-width: 603px) 100vw, 603px\" \/><\/a><\/p>\n<\/div>\n","protected":false},"excerpt":{"rendered":"<p>&nbsp; Espai PlanetAcci\u00f3 \u00e9s una comunitat educativa virtual\u00a0oberta a tot el\u00a0professorat de secund\u00e0ria\u00a0interessat a apropar la sobirania aliment\u00e0ria a les aules. L\u2019objectiu principal \u00e9s crear una consci\u00e8ncia cr\u00edtica sobre les problem\u00e0tiques socials i ambientals generades per la ind\u00fastria aliment\u00e0ria actual i donar eines\u00a0per transitar cap a models alimentaris m\u00e9s \u00e8tics i sostenibles. L\u2019Espai PlanetAcci\u00f3 \u00e9s [&hellip;]<\/p>\n","protected":false},"author":4,"featured_media":13436,"comment_status":"closed","ping_status":"closed","sticky":false,"template":"","format":"standard","meta":{"_bbp_topic_count":0,"_bbp_reply_count":0,"_bbp_total_topic_count":0,"_bbp_total_reply_count":0,"_bbp_voice_count":0,"_bbp_anonymous_reply_count":0,"_bbp_topic_count_hidden":0,"_bbp_reply_count_hidden":0,"_bbp_forum_subforum_count":0,"site-sidebar-layout":"default","site-content-layout":"","ast-site-content-layout":"","site-content-style":"default","site-sidebar-style":"default","ast-global-header-display":"","ast-banner-title-visibility":"","ast-main-header-display":"","ast-hfb-above-header-display":"","ast-hfb-below-header-display":"","ast-hfb-mobile-header-display":"","site-post-title":"","ast-breadcrumbs-content":"","ast-featured-img":"","footer-sml-layout":"","theme-transparent-header-meta":"","adv-header-id-meta":"","stick-header-meta":"","header-above-stick-meta":"","header-main-stick-meta":"","header-below-stick-meta":"","astra-migrate-meta-layouts":"default","ast-page-background-enabled":"default","ast-page-background-meta":{"desktop":{"background-color":"var(--ast-global-color-4)","background-image":"","background-repeat":"repeat","background-position":"center center","background-size":"auto","background-attachment":"scroll","background-type":"","background-media":"","overlay-type":"","overlay-color":"","overlay-opacity":"","overlay-gradient":""},"tablet":{"background-color":"","background-image":"","background-repeat":"repeat","background-position":"center center","background-size":"auto","background-attachment":"scroll","background-type":"","background-media":"","overlay-type":"","overlay-color":"","overlay-opacity":"","overlay-gradient":""},"mobile":{"background-color":"","background-image":"","background-repeat":"repeat","background-position":"center center","background-size":"auto","background-attachment":"scroll","background-type":"","background-media":"","overlay-type":"","overlay-color":"","overlay-opacity":"","overlay-gradient":""}},"ast-content-background-meta":{"desktop":{"background-color":"var(--ast-global-color-5)","background-image":"","background-repeat":"repeat","background-position":"center center","background-size":"auto","background-attachment":"scroll","background-type":"","background-media":"","overlay-type":"","overlay-color":"","overlay-opacity":"","overlay-gradient":""},"tablet":{"background-color":"var(--ast-global-color-5)","background-image":"","background-repeat":"repeat","background-position":"center center","background-size":"auto","background-attachment":"scroll","background-type":"","background-media":"","overlay-type":"","overlay-color":"","overlay-opacity":"","overlay-gradient":""},"mobile":{"background-color":"var(--ast-global-color-5)","background-image":"","background-repeat":"repeat","background-position":"center center","background-size":"auto","background-attachment":"scroll","background-type":"","background-media":"","overlay-type":"","overlay-color":"","overlay-opacity":"","overlay-gradient":""}},"footnotes":""},"categories":[282,287],"tags":[1228,342,566,355,1112,1088,1229,45,1227,341],"class_list":["post-13434","post","type-post","status-publish","format-standard","has-post-thumbnail","hentry","category-actualitat","category-recomanem","tag-aliments","tag-canvi-climatic","tag-centres-educatius","tag-drets-humans","tag-ecofeminisme","tag-menjadors-escolars","tag-productes-de-proximitat","tag-salut","tag-soberania-alimentaria","tag-sostenibilitat"],"post_mailing_queue_ids":[],"_links":{"self":[{"href":"https:\/\/serveiseducatius.xtec.cat\/altcamp\/wp-json\/wp\/v2\/posts\/13434","targetHints":{"allow":["GET"]}}],"collection":[{"href":"https:\/\/serveiseducatius.xtec.cat\/altcamp\/wp-json\/wp\/v2\/posts"}],"about":[{"href":"https:\/\/serveiseducatius.xtec.cat\/altcamp\/wp-json\/wp\/v2\/types\/post"}],"author":[{"embeddable":true,"href":"https:\/\/serveiseducatius.xtec.cat\/altcamp\/wp-json\/wp\/v2\/users\/4"}],"replies":[{"embeddable":true,"href":"https:\/\/serveiseducatius.xtec.cat\/altcamp\/wp-json\/wp\/v2\/comments?post=13434"}],"version-history":[{"count":1,"href":"https:\/\/serveiseducatius.xtec.cat\/altcamp\/wp-json\/wp\/v2\/posts\/13434\/revisions"}],"predecessor-version":[{"id":13437,"href":"https:\/\/serveiseducatius.xtec.cat\/altcamp\/wp-json\/wp\/v2\/posts\/13434\/revisions\/13437"}],"wp:featuredmedia":[{"embeddable":true,"href":"https:\/\/serveiseducatius.xtec.cat\/altcamp\/wp-json\/wp\/v2\/media\/13436"}],"wp:attachment":[{"href":"https:\/\/serveiseducatius.xtec.cat\/altcamp\/wp-json\/wp\/v2\/media?parent=13434"}],"wp:term":[{"taxonomy":"category","embeddable":true,"href":"https:\/\/serveiseducatius.xtec.cat\/altcamp\/wp-json\/wp\/v2\/categories?post=13434"},{"taxonomy":"post_tag","embeddable":true,"href":"https:\/\/serveiseducatius.xtec.cat\/altcamp\/wp-json\/wp\/v2\/tags?post=13434"}],"curies":[{"name":"wp","href":"https:\/\/api.w.org\/{rel}","templated":true}]}}