{"id":13179,"date":"2022-12-15T12:46:50","date_gmt":"2022-12-15T11:46:50","guid":{"rendered":"https:\/\/serveiseducatius.xtec.cat\/altcamp\/?p=13179"},"modified":"2023-03-14T16:18:34","modified_gmt":"2023-03-14T15:18:34","slug":"guia-per-a-labordatge-de-la-conducta-suicida-i-de-les-autolesions-no-suicides-en-el-centre-educatiu","status":"publish","type":"post","link":"https:\/\/serveiseducatius.xtec.cat\/altcamp\/actualitat\/guia-per-a-labordatge-de-la-conducta-suicida-i-de-les-autolesions-no-suicides-en-el-centre-educatiu\/","title":{"rendered":"Guia per a l\u2019abordatge de la conducta su\u00efcida i de les autolesions no su\u00efcides en el centre educatiu"},"content":{"rendered":"<p>A Catalunya les dades s\u00f3n alarmants: el 26,8% dels nens de 11 a 18 s&#8217;ha autolesionat alguna vegada, i el 43,3% ha tingut pensaments su\u00efcides, segons una enquesta a 270.000 alumnes a 1.900 centres que ha elaborat conjuntament els departaments de Salut i Educaci\u00f3. Per pal\u00b7liar aquesta dada, han desenvolupat una guia docent interdisciplin\u00e0ria per abordar les conductes su\u00efcides i les autolesions a les escoles.<\/p>\n<p>En aquesta <a href=\"https:\/\/documents.espai.educacio.gencat.cat\/PC\/Protocols\/2022-Guia-Abordatge-Conducta-Suicida-Autolesions-Suicides-Centres.pdf\" target=\"_blank\" rel=\"noopener\"><strong>Guia<\/strong><\/a> es presenten orientacions sobre com cal actuar de forma coordinada entre els agents educatius i de salut davant d\u2019una verbalitzaci\u00f3 d\u2019intencionalitat su\u00efcida, d\u2019una temptativa o del su\u00efcidi pr\u00f2piament dit, i tamb\u00e9 quan es detectin autolesions.. En la darrera part del document tamb\u00e9 s\u2019orienta sobre com actuar davant les autolesions no su\u00efcides.<\/p>\n<p>L\u2019any 2020 es van produir a Catalunya 527 morts per su\u00efcidi, dels quals el 74,2 % van ser d\u2019homes. La taxa de su\u00efcidis per 100.000 habitants a Catalunya, l\u2019any 2020, va ser del 6,8 %. Aquesta taxa \u00e9s lleugerament inferior a la mitjana de l\u2019Estat espanyol (8,0 per 100.000 habitants). El 2020 el su\u00efcidi va ser la primera causa de mort entre les persones entre 15 i 44 anys.<\/p>\n<p><a href=\"https:\/\/documents.espai.educacio.gencat.cat\/PC\/Protocols\/2022-Guia-Abordatge-Conducta-Suicida-Autolesions-Suicides-Centres.pdf\" target=\"_blank\" rel=\"noopener\"><img loading=\"lazy\" decoding=\"async\" class=\"alignnone wp-image-13180 size-full\" src=\"https:\/\/serveiseducatius.xtec.cat\/altcamp\/wp-content\/uploads\/usu1130\/2022\/12\/Abordatge-conducta-suicida.jpg\" alt=\"\" width=\"781\" height=\"809\" srcset=\"https:\/\/serveiseducatius.xtec.cat\/altcamp\/wp-content\/uploads\/usu1130\/2022\/12\/Abordatge-conducta-suicida.jpg 781w, https:\/\/serveiseducatius.xtec.cat\/altcamp\/wp-content\/uploads\/usu1130\/2022\/12\/Abordatge-conducta-suicida-290x300.jpg 290w, https:\/\/serveiseducatius.xtec.cat\/altcamp\/wp-content\/uploads\/usu1130\/2022\/12\/Abordatge-conducta-suicida-768x796.jpg 768w\" sizes=\"auto, (max-width: 781px) 100vw, 781px\" \/><\/a><\/p>\n","protected":false},"excerpt":{"rendered":"<p>A Catalunya les dades s\u00f3n alarmants: el 26,8% dels nens de 11 a 18 s&#8217;ha autolesionat alguna vegada, i el 43,3% ha tingut pensaments su\u00efcides, segons una enquesta a 270.000 alumnes a 1.900 centres que ha elaborat conjuntament els departaments de Salut i Educaci\u00f3. Per pal\u00b7liar aquesta dada, han desenvolupat una guia docent interdisciplin\u00e0ria per [&hellip;]<\/p>\n","protected":false},"author":4,"featured_media":13180,"comment_status":"closed","ping_status":"closed","sticky":false,"template":"","format":"standard","meta":{"_bbp_topic_count":0,"_bbp_reply_count":0,"_bbp_total_topic_count":0,"_bbp_total_reply_count":0,"_bbp_voice_count":0,"_bbp_anonymous_reply_count":0,"_bbp_topic_count_hidden":0,"_bbp_reply_count_hidden":0,"_bbp_forum_subforum_count":0,"site-sidebar-layout":"default","site-content-layout":"","ast-site-content-layout":"","site-content-style":"default","site-sidebar-style":"default","ast-global-header-display":"","ast-banner-title-visibility":"","ast-main-header-display":"","ast-hfb-above-header-display":"","ast-hfb-below-header-display":"","ast-hfb-mobile-header-display":"","site-post-title":"","ast-breadcrumbs-content":"","ast-featured-img":"","footer-sml-layout":"","theme-transparent-header-meta":"","adv-header-id-meta":"","stick-header-meta":"","header-above-stick-meta":"","header-main-stick-meta":"","header-below-stick-meta":"","astra-migrate-meta-layouts":"default","ast-page-background-enabled":"default","ast-page-background-meta":{"desktop":{"background-color":"var(--ast-global-color-4)","background-image":"","background-repeat":"repeat","background-position":"center center","background-size":"auto","background-attachment":"scroll","background-type":"","background-media":"","overlay-type":"","overlay-color":"","overlay-opacity":"","overlay-gradient":""},"tablet":{"background-color":"","background-image":"","background-repeat":"repeat","background-position":"center center","background-size":"auto","background-attachment":"scroll","background-type":"","background-media":"","overlay-type":"","overlay-color":"","overlay-opacity":"","overlay-gradient":""},"mobile":{"background-color":"","background-image":"","background-repeat":"repeat","background-position":"center center","background-size":"auto","background-attachment":"scroll","background-type":"","background-media":"","overlay-type":"","overlay-color":"","overlay-opacity":"","overlay-gradient":""}},"ast-content-background-meta":{"desktop":{"background-color":"var(--ast-global-color-5)","background-image":"","background-repeat":"repeat","background-position":"center center","background-size":"auto","background-attachment":"scroll","background-type":"","background-media":"","overlay-type":"","overlay-color":"","overlay-opacity":"","overlay-gradient":""},"tablet":{"background-color":"var(--ast-global-color-5)","background-image":"","background-repeat":"repeat","background-position":"center center","background-size":"auto","background-attachment":"scroll","background-type":"","background-media":"","overlay-type":"","overlay-color":"","overlay-opacity":"","overlay-gradient":""},"mobile":{"background-color":"var(--ast-global-color-5)","background-image":"","background-repeat":"repeat","background-position":"center center","background-size":"auto","background-attachment":"scroll","background-type":"","background-media":"","overlay-type":"","overlay-color":"","overlay-opacity":"","overlay-gradient":""}},"footnotes":""},"categories":[282,1264,287],"tags":[1163,566,691,45,516,734],"class_list":["post-13179","post","type-post","status-publish","format-standard","has-post-thumbnail","hentry","category-actualitat","category-bullying","category-recomanem","tag-autolesions","tag-centres-educatius","tag-eap","tag-salut","tag-salut-mental","tag-suicidi"],"post_mailing_queue_ids":[],"_links":{"self":[{"href":"https:\/\/serveiseducatius.xtec.cat\/altcamp\/wp-json\/wp\/v2\/posts\/13179","targetHints":{"allow":["GET"]}}],"collection":[{"href":"https:\/\/serveiseducatius.xtec.cat\/altcamp\/wp-json\/wp\/v2\/posts"}],"about":[{"href":"https:\/\/serveiseducatius.xtec.cat\/altcamp\/wp-json\/wp\/v2\/types\/post"}],"author":[{"embeddable":true,"href":"https:\/\/serveiseducatius.xtec.cat\/altcamp\/wp-json\/wp\/v2\/users\/4"}],"replies":[{"embeddable":true,"href":"https:\/\/serveiseducatius.xtec.cat\/altcamp\/wp-json\/wp\/v2\/comments?post=13179"}],"version-history":[{"count":1,"href":"https:\/\/serveiseducatius.xtec.cat\/altcamp\/wp-json\/wp\/v2\/posts\/13179\/revisions"}],"predecessor-version":[{"id":13181,"href":"https:\/\/serveiseducatius.xtec.cat\/altcamp\/wp-json\/wp\/v2\/posts\/13179\/revisions\/13181"}],"wp:featuredmedia":[{"embeddable":true,"href":"https:\/\/serveiseducatius.xtec.cat\/altcamp\/wp-json\/wp\/v2\/media\/13180"}],"wp:attachment":[{"href":"https:\/\/serveiseducatius.xtec.cat\/altcamp\/wp-json\/wp\/v2\/media?parent=13179"}],"wp:term":[{"taxonomy":"category","embeddable":true,"href":"https:\/\/serveiseducatius.xtec.cat\/altcamp\/wp-json\/wp\/v2\/categories?post=13179"},{"taxonomy":"post_tag","embeddable":true,"href":"https:\/\/serveiseducatius.xtec.cat\/altcamp\/wp-json\/wp\/v2\/tags?post=13179"}],"curies":[{"name":"wp","href":"https:\/\/api.w.org\/{rel}","templated":true}]}}